{"id":150980,"date":"2025-10-01T16:42:07","date_gmt":"2025-10-01T16:42:07","guid":{"rendered":"https:\/\/www.europesays.com\/es\/150980\/"},"modified":"2025-10-01T16:42:07","modified_gmt":"2025-10-01T16:42:07","slug":"detienen-en-berlin-a-presuntos-miembros-de-hamas-dw-01-10-2025","status":"publish","type":"post","link":"https:\/\/www.europesays.com\/es\/150980\/","title":{"rendered":"Detienen en Berl\u00edn a presuntos miembros de Ham\u00e1s \u2013 DW \u2013 01\/10\/2025"},"content":{"rendered":"<p>Las autoridades alemanas informaron de la detenci\u00f3n de tres presuntos agentes extranjeros de <a class=\"internal-link\" href=\"https:\/\/www.dw.com\/es\/ham\u00e1s\/t-17412524\" rel=\"nofollow noopener\" target=\"_blank\">Ham\u00e1s<\/a> que, seg\u00fan creen, estaban preparando un grave acto de violencia en <a class=\"internal-link\" href=\"https:\/\/www.dw.com\/es\/alemania\/t-17411625\" rel=\"nofollow noopener\" target=\"_blank\">Alemania<\/a>, seg\u00fan inform\u00f3 la Policia.<\/p>\n<p>Seg\u00fan las autoridades, se sospechan que los tres hombres estaban implicados en la adquisici\u00f3n de armas de fuego y municiones para Ham\u00e1s, organizaci\u00f3n considerada terrorista por la Uni\u00f3n Europea y Estados Unidos,\u00a0que iban a ser utilizadas para atacar instituciones israel\u00edes o judias en Alemania.\u00a0<\/p>\n<p>Los detenidos, seg\u00fan un comunicado de la Fiscal\u00eda, son un alem\u00e1n de 36 a\u00f1os de origen liban\u00e9s, otro alem\u00e1n de 44 a\u00f1os nacido en Siria y un hombre de 43 a\u00f1os nacido en L\u00edbano cuya nacionalidad no ha podido aclararse.<\/p>\n<p>La Fiscal\u00eda les imputa pertenencia a banda armada y preparaci\u00f3n de actos terroristas. Los sospechosos hab\u00edan acordado un encuentro en Berl\u00edn para recibir las armas y en medio de ello intervinieron los servicios de seguridad que detuvieron a los tres hombres y adem\u00e1s se incautaron una pistola, un fusil y abundante munici\u00f3n.<\/p>\n<p>Paralelamente a las detenciones en Berl\u00edn se han tomado medidas antiterroristas en Leipzig (este de Alemania) y Oberhausen (oeste).<\/p>\n<p>Los sospechosos comparecer\u00e1n ante el tribunal de Karlsruhe ma\u00f1ana jueves, donde se determinar\u00e1 si el tr\u00edo permanecer\u00e1 bajo custodia hasta el juicio correspondiente.<\/p>\n<p>(mn\/Reuters, afp)<\/p>\n<p>\u00a0<\/p>\n","protected":false},"excerpt":{"rendered":"Las autoridades alemanas informaron de la detenci\u00f3n de tres presuntos agentes extranjeros de Ham\u00e1s que, seg\u00fan creen, estaban&hellip;\n","protected":false},"author":2,"featured_media":150981,"comment_status":"","ping_status":"","sticky":false,"template":"","format":"standard","meta":{"footnotes":""},"categories":[42],"tags":[17,18,13,14,11,61,62,63,64,19,20,9,10,15,16,12,21,22,65,66,67],"class_list":{"0":"post-150980","1":"post","2":"type-post","3":"status-publish","4":"format-standard","5":"has-post-thumbnail","7":"category-internacional","8":"tag-breaking-news","9":"tag-breakingnews","10":"tag-featured-news","11":"tag-featurednews","12":"tag-headlines","13":"tag-internacional","14":"tag-international","15":"tag-international-news","16":"tag-internationalnews","17":"tag-latest-news","18":"tag-latestnews","19":"tag-news","20":"tag-noticias","21":"tag-noticias-destacadas","22":"tag-noticiasdestacadas","23":"tag-titulares","24":"tag-ultimas-noticias","25":"tag-ultimasnoticias","26":"tag-world","27":"tag-world-news","28":"tag-worldnews"},"share_on_mastodon":{"url":"","error":""},"_links":{"self":[{"href":"https:\/\/www.europesays.com\/es\/wp-json\/wp\/v2\/posts\/150980","targetHints":{"allow":["GET"]}}],"collection":[{"href":"https:\/\/www.europesays.com\/es\/wp-json\/wp\/v2\/posts"}],"about":[{"href":"https:\/\/www.europesays.com\/es\/wp-json\/wp\/v2\/types\/post"}],"author":[{"embeddable":true,"href":"https:\/\/www.europesays.com\/es\/wp-json\/wp\/v2\/users\/2"}],"replies":[{"embeddable":true,"href":"https:\/\/www.europesays.com\/es\/wp-json\/wp\/v2\/comments?post=150980"}],"version-history":[{"count":0,"href":"https:\/\/www.europesays.com\/es\/wp-json\/wp\/v2\/posts\/150980\/revisions"}],"wp:featuredmedia":[{"embeddable":true,"href":"https:\/\/www.europesays.com\/es\/wp-json\/wp\/v2\/media\/150981"}],"wp:attachment":[{"href":"https:\/\/www.europesays.com\/es\/wp-json\/wp\/v2\/media?parent=150980"}],"wp:term":[{"taxonomy":"category","embeddable":true,"href":"https:\/\/www.europesays.com\/es\/wp-json\/wp\/v2\/categories?post=150980"},{"taxonomy":"post_tag","embeddable":true,"href":"https:\/\/www.europesays.com\/es\/wp-json\/wp\/v2\/tags?post=150980"}],"curies":[{"name":"wp","href":"https:\/\/api.w.org\/{rel}","templated":true}]}}