{"id":151000,"date":"2025-10-01T16:54:11","date_gmt":"2025-10-01T16:54:11","guid":{"rendered":"https:\/\/www.europesays.com\/es\/151000\/"},"modified":"2025-10-01T16:54:11","modified_gmt":"2025-10-01T16:54:11","slug":"mis-medicos-me-dijeron-que-parase-porque-me-iba-a-morir-mi-enfermedad-es-muy-jodida","status":"publish","type":"post","link":"https:\/\/www.europesays.com\/es\/151000\/","title":{"rendered":"Mis m\u00e9dicos me dijeron que parase porque me iba a morir. Mi enfermedad es muy jodida"},"content":{"rendered":"<p class=\"paragraph\" id=\"paragraph_1\"><a cmp-ltrk=\"links-parrafos\" cmp-ltrk-idx=\"0\" data-mrf-link=\"https:\/\/www.elespanol.com\/personajes\/carme_chaparro\/\" href=\"https:\/\/www.elespanol.com\/personajes\/carme_chaparro\/?utm_cmp_rs=linksinline\" mrfobservableid=\"89d9e640-e2fd-4c67-8a67-981b6ee48a2f\" rel=\"nofollow noopener\" target=\"_blank\"><strong>Carme Chaparro<\/strong> <\/a>(52 a\u00f1os) est\u00e1 atravesando un <strong>momento delicado a nivel de salud<\/strong>. Lo cierto es que la presentadora lleva 10 meses aquejada de una <strong>dolencia<\/strong> que, de momento, no ha revelado su naturaleza. <\/p>\n<p class=\"paragraph\" id=\"paragraph_2\">Est\u00e1 en el proceso de ponerle soluci\u00f3n, y<strong> aguardando a ver qu\u00e9 le dicen los m\u00e9dicos<\/strong>. Chaparro, que lleva desde el pasado mes de noviembre<strong> alejada del trabajo y de baja<\/strong>, ha ido informando puntualmente de c\u00f3mo se encuentra, pero sin revelar grandes detalles. <\/p>\n<p class=\"paragraph\" id=\"paragraph_3\">Hasta ahora. Este mi\u00e9rcoles, 1 de octubre, Carme <strong>se ha sincerado m\u00e1s que nunca<\/strong> y ha abundado en su dif\u00edcil presente.\u00a0\u00abEstoy muy medicada y a la espera de una operaci\u00f3n. (&#8230;) <strong>Estoy tomando 10 pastillas al d\u00eda<\/strong>\u00ab, ha explicado en una valiente entrevista en la revista Lecturas.\u00a0<\/p>\n<p><img loading=\"lazy\" decoding=\"async\" alt=\"DL_u541838_065\" height=\"180\" src=\"https:\/\/www.europesays.com\/es\/wp-content\/uploads\/2025\/10\/1003743754321_255522994_320x180.jpg\" width=\"320\" data-lazy-status=\"processed\" data-lazy-info=\"remove loading item 1\"\/><\/p>\n<p><img decoding=\"async\" alt=\"Carme Chaparro en una imagen de archivo.\" data-imgm=\"true\" height=\"180\" loading=\"lazy\"  src=\"https:\/\/www.europesays.com\/es\/wp-content\/uploads\/2025\/10\/1003743754321_255523056_1024x576.jpg\"  width=\"320\"\/><\/p>\n<p>                                                            Carme Chaparro en una imagen de archivo.<\/p>\n<p>                    Gtres<\/p>\n<p class=\"paragraph\" id=\"paragraph_4\">Sostiene, en la l\u00ednea, estar muy cansada porque \u00abla medicaci\u00f3n es muy fuerte. <strong>Estoy cansada porque la enfermedad es muy jodida<\/strong>\u00ab. \u00abMe atonta la medicaci\u00f3n, me da mucho sue\u00f1o. Me reseca la piel\u00bb, agrega sobre las medicinas que toma.\u00a0<\/p>\n<p class=\"paragraph\" id=\"paragraph_5\">\u00abCuando los m\u00e9dicos encuentren el piso y sepan si pueden hacer algo o no, tengo muchas ganas de contarlo y ayudar a otras personas que est\u00e1n enfermas igual que yo. (&#8230;) <strong>Hemos encontrado el barrio y la casa, ahora nos falta encontrar la habitaci\u00f3n para operar<\/strong>\u00ab, ha agregado.<\/p>\n<p><img decoding=\"async\" alt=\"La portada de 'Lecturas'.\" data-imgm=\"true\" height=\"854\" loading=\"lazy\"  src=\"https:\/\/www.europesays.com\/es\/wp-content\/uploads\/2025\/10\/1003743949336_259100100_1280x1706.jpg\"  width=\"640\"\/><\/p>\n<p>                                                            La portada de &#8216;Lecturas&#8217;.<\/p>\n<p class=\"paragraph\" id=\"paragraph_7\">\u00abLa operaci\u00f3n no ser\u00e1 f\u00e1cil. He tenido un psiquiatra y una psic\u00f3loga maravillosas. (&#8230;) <strong>Tuve que cogerme la baja cuando ya mis m\u00e9dicos me dijeron que parase porque me iba a morir<\/strong>. (&#8230;) He estado en un pozo muchos meses\u00bb, contin\u00faa explicando la tambi\u00e9n autora de Venganza, su \u00faltima obra.<\/p>\n<p class=\"paragraph\" id=\"paragraph_8\">Destaca Carme, a lo largo de la entrevista, la figura de su pareja,\u00a0<strong>Bernab\u00e9 Dom\u00ednguez<\/strong>, que ha sido clave en este proceso que encara: \u00ab<strong>Mi marido ha sido mi gran sost\u00e9n<\/strong>, ha tenido que quedarse en casa a cuidarme mucho tiempo porque hubo una \u00e9poca que yo no pod\u00eda estar sola\u00bb.\u00a0<\/p>\n<p class=\"paragraph\" id=\"paragraph_9\">\u00abSalgo acompa\u00f1ada siempre, en los momentos que tengo fuerzas, porque hay muchos que veo que no tengo. (&#8230;) A las ni\u00f1as -sus hijas- se lo hemos tenido que explicar. <strong>Explicarles que cuidado con mam\u00e1<\/strong>, que si la ven as\u00ed no pasa nada\u00bb, apunta Carme.\u00a0<\/p>\n<p class=\"paragraph\" id=\"paragraph_10\">\u00ab<strong>Me han venido a ver al hospital varias veces<\/strong>, si ven que tengo una cara rara, que no se preocupen porque es la medicaci\u00f3n. Y si llegan a casa y mam\u00e1 est\u00e1 muy dormida, es porque est\u00e1 en el pozo de la medicaci\u00f3n y le cuesta mucho despertarse, que est\u00e9n tranquilas. <strong>Ellas han sido muy maduras<\/strong>\u00ab.\u00a0<\/p>\n<p class=\"paragraph\" id=\"paragraph_11\">La familia es un extremo sumamente importante para Carme Chaparro.\u00a0Lejos de los focos, sus seres m\u00e1s cercanos han tejido una <strong>red de apoyo emocional<\/strong> que ha sido clave para sostenerla en este dif\u00edcil momento.<\/p>\n<p class=\"paragraph\" id=\"paragraph_12\">Las hijas de Carme, <strong>Laia<\/strong> y <strong>Emma<\/strong>, a\u00fan j\u00f3venes, han demostrado una madurez inesperada. Han aprendido a leer entre l\u00edneas, a entender silencios y a ofrecer compa\u00f1\u00eda sin invadir. \u00abLa mayor, con 14 a\u00f1os, es m\u00e1s consciente de que todos nos vamos a morir\u00bb, explica Chaparro en Lecturas.\u00a0<\/p>\n<p class=\"paragraph\" id=\"paragraph_13\">Y apostilla: \u00abCuando vuelve del cole pregunta &#8216;\u00bf<strong>No ha pasado nada ahora mientras he estado en el cole<\/strong>?&#8217;. (&#8230;) Me pregunta si est\u00e1 todo bien. Tiene ese miedo constante\u00bb.\u00a0<\/p>\n<p class=\"paragraph\" id=\"paragraph_14\">La presencia de sus hijas, claro est\u00e1, es un b\u00e1lsamo para Carme, que encuentra en ellas un amor incondicional.\u00a0Mientras tanto, su pareja, Bernab\u00e9, ha optado por mantenerse en un segundo plano medi\u00e1tico, pero en primera l\u00ednea afectiva.<\/p>\n<p class=\"paragraph\" id=\"paragraph_15\">Ha sido quien <strong>ha gestionado las comunicaciones con los m\u00e9dicos<\/strong>, quien ha respondido a los mensajes de apoyo y quien ha sostenido a Carme en los momentos de mayor fragilidad.<\/p>\n","protected":false},"excerpt":{"rendered":"Carme Chaparro (52 a\u00f1os) est\u00e1 atravesando un momento delicado a nivel de salud. Lo cierto es que la&hellip;\n","protected":false},"author":2,"featured_media":151001,"comment_status":"","ping_status":"","sticky":false,"template":"","format":"standard","meta":{"footnotes":""},"categories":[174],"tags":[255,1293,146,147,25,24,256,166,23],"class_list":{"0":"post-151000","1":"post","2":"type-post","3":"status-publish","4":"format-standard","5":"has-post-thumbnail","7":"category-famosos","8":"tag-celebrities","9":"tag-enfermedades","10":"tag-entertainment","11":"tag-entretenimiento","12":"tag-es","13":"tag-espana","14":"tag-famosos","15":"tag-salud","16":"tag-spain"},"share_on_mastodon":{"url":"","error":""},"_links":{"self":[{"href":"https:\/\/www.europesays.com\/es\/wp-json\/wp\/v2\/posts\/151000","targetHints":{"allow":["GET"]}}],"collection":[{"href":"https:\/\/www.europesays.com\/es\/wp-json\/wp\/v2\/posts"}],"about":[{"href":"https:\/\/www.europesays.com\/es\/wp-json\/wp\/v2\/types\/post"}],"author":[{"embeddable":true,"href":"https:\/\/www.europesays.com\/es\/wp-json\/wp\/v2\/users\/2"}],"replies":[{"embeddable":true,"href":"https:\/\/www.europesays.com\/es\/wp-json\/wp\/v2\/comments?post=151000"}],"version-history":[{"count":0,"href":"https:\/\/www.europesays.com\/es\/wp-json\/wp\/v2\/posts\/151000\/revisions"}],"wp:featuredmedia":[{"embeddable":true,"href":"https:\/\/www.europesays.com\/es\/wp-json\/wp\/v2\/media\/151001"}],"wp:attachment":[{"href":"https:\/\/www.europesays.com\/es\/wp-json\/wp\/v2\/media?parent=151000"}],"wp:term":[{"taxonomy":"category","embeddable":true,"href":"https:\/\/www.europesays.com\/es\/wp-json\/wp\/v2\/categories?post=151000"},{"taxonomy":"post_tag","embeddable":true,"href":"https:\/\/www.europesays.com\/es\/wp-json\/wp\/v2\/tags?post=151000"}],"curies":[{"name":"wp","href":"https:\/\/api.w.org\/{rel}","templated":true}]}}