{"id":15101,"date":"2025-07-31T00:23:08","date_gmt":"2025-07-31T00:23:08","guid":{"rendered":"https:\/\/www.europesays.com\/es\/15101\/"},"modified":"2025-07-31T00:23:08","modified_gmt":"2025-07-31T00:23:08","slug":"alison-brie-confirma-que-masters-del-universo-sera-fiel-al-espiritu-original-quien-dijo-que-iba-a-ser-seria","status":"publish","type":"post","link":"https:\/\/www.europesays.com\/es\/15101\/","title":{"rendered":"Alison Brie confirma que &#8216;Masters del Universo&#8217; ser\u00e1 fiel al esp\u00edritu original: \u00ab\u00bfQui\u00e9n dijo que iba a ser seria?\u00bb"},"content":{"rendered":"<p>La nueva adaptaci\u00f3n de la franquicia de Mattel &#8216;<a href=\"https:\/\/www.ecartelera.com\/peliculas\/masters-of-the-universe\/\" rel=\"nofollow noopener\" target=\"_blank\">Masters del Universo<\/a>&#8216;, a cargo de Amazon MGM, ya <b>ha finalizado su rodaje<\/b> y todav\u00eda se desconocen muchos detalles de la pel\u00edcula. Y claro, ante tanto desconocimiento al respecto, lo que surgen son los rumores. <b>Estos indicaban que la cinta se inclinar\u00eda por un tono m\u00e1s oscuro y serio<\/b>, alej\u00e1ndose de la usual exageraci\u00f3n y extravagancia que definen a la franquicia.  <\/p>\n<p>Kevin Smith explica el final de &#8216;Masters del Universo: Revelaci\u00f3n&#8217;<\/p>\n<p><video id=\"vid-29354\" class=\"video-js vjs-default-skin\" data-title=\"Kevin Smith explica el final de 'Masters del Universo: Revelaci\u00f3n'\" poster=\"https:\/\/www.ecartelera.com\/images\/videos\/29300\/f29354.jpg\" controls=\"\" preload=\"auto\" width=\"640\" height=\"360\" playsinline=\"\" data-vtt=\"\/\/v1.ecartelera.com\/video\/29300\/29354_sprite.vtt\" data-stream=\"1\">El navegador no soporta el tag de v\u00eddeo.<\/video><\/p>\n<p>X<\/p>\n<p>No parece que ser\u00e1 as\u00ed. <a href=\"https:\/\/www.ecartelera.com\/personas\/alison-brie\/\" rel=\"nofollow noopener\" target=\"_blank\">Alison Brie<\/a>, que <b>dar\u00e1 vida a Evil-Lyn<\/b>, ha asegurado que la pel\u00edcula apostar\u00e1 por un enfoque mucho m\u00e1s cercano al esp\u00edritu original. <b>\u00ab\u00bfQui\u00e9n dijo que se inclinaba hacia la seriedad?<\/b>\u00ab, respond\u00eda la actriz ir\u00f3nicamente en una entrevista con <a target=\"_blank\" href=\"https:\/\/collider.com\/masters-of-the-universes-tone-rumors-serious-alison-brie-reaction\/\" rel=\"nofollow noopener\">Collider<\/a> durante la promoci\u00f3n de su pr\u00f3ximo proyecto &#8216;Together: Juntos hasta la muerte&#8217; junto a su pareja <a href=\"https:\/\/www.ecartelera.com\/personas\/james-franco\/\" rel=\"nofollow noopener\" target=\"_blank\">James Franco<\/a>.<\/p>\n<p>Brie ha dejado claro que las especulaciones de &#8216;Masters del Universo&#8217; no son m\u00e1s que eso, especulaciones. Al escuchar que hab\u00eda medios que mencionaban este cambio tonal, la actriz respondi\u00f3: <b>\u00abNo creo que sepan tanto como creen saber. Eso es todo lo que voy a decir.\u00bb<\/b> Dando a entender que el <b>estilo camp de la franquicia<\/b> no se perder\u00e1 en este reboot. <\/p>\n<p>\t\t\t\t\t\t\t<img decoding=\"async\" loading=\"lazy\" src=\"https:\/\/www.europesays.com\/es\/wp-content\/uploads\/2025\/07\/92334_alison-brie-alfombra-roja-globos-de-oro-2018.jpg\" alt=\"Alison Brie en la alfombra roja de los Globos de Oro 2018\" width=\"1200\" height=\"1719\"\/>\t<\/p>\n<p>\t\t\t\t\t\tAlison Brie en la alfombra roja de los Globos de Oro 2018 (Globos de Oro )<br \/>\n\t\t\t\t\t\tLa aventura de Eternia <\/p>\n<p>La historia de &#8216;Masters del Universo&#8217; sigue a un joven pr\u00edncipe Adam que se estrella en el planeta Tierra y <b>pierde su espada m\u00e1gica<\/b> que le podr\u00eda devolver a Eternia, su hogar. Tras una larga b\u00fasqueda durante a\u00f1os, el pr\u00edncipe tendr\u00e1 que enfrentarse a su enemigo Skeletor y <b>luchar por defender su tierra<\/b>. Pero para ello, por el camino tendr\u00e1 que desvelar su pasado para finalmente <b>convertirse en He-Man, el hombre m\u00e1s poderoso del universo<\/b>. <\/p>\n<p>Dirigida por <a href=\"https:\/\/www.ecartelera.com\/personas\/travis-knight\/\" rel=\"nofollow noopener\" target=\"_blank\">Travis Knight<\/a> (&#8216;<a href=\"https:\/\/www.ecartelera.com\/peliculas\/bumblebee\/\" rel=\"nofollow noopener\" target=\"_blank\">Bumblebee<\/a>&#8216;, &#8216;<a href=\"https:\/\/www.ecartelera.com\/peliculas\/kubo-and-the-two-strings\/\" rel=\"nofollow noopener\" target=\"_blank\">Kubo y las dos cuerdas m\u00e1gicas<\/a>&#8216;), la cinta contar\u00e1 con <a href=\"https:\/\/www.ecartelera.com\/personas\/nicholas-galitzine\/\" rel=\"nofollow noopener\" target=\"_blank\">Nicholas Galitzine<\/a> como <b>He-Man<\/b>, <a href=\"https:\/\/www.ecartelera.com\/personas\/camila-mendes\/\" rel=\"nofollow noopener\" target=\"_blank\">Camila Mendes<\/a> como <b>Teela<\/b>, <a href=\"https:\/\/www.ecartelera.com\/personas\/jared-leto\/\" rel=\"nofollow noopener\" target=\"_blank\">Jared Leto<\/a> en el papel de <b>Skeletor<\/b>, <a href=\"https:\/\/www.ecartelera.com\/personas\/idris-elba\/\" rel=\"nofollow noopener\" target=\"_blank\">Idris Elba<\/a> como <b>Man\u2011At\u2011Arms <\/b>y <a href=\"https:\/\/www.ecartelera.com\/personas\/morena-baccarin\/\" rel=\"nofollow noopener\" target=\"_blank\">Morena Baccarin<\/a> como la <b>Hechicera<\/b>. El guion corre a cargo de <a href=\"https:\/\/www.ecartelera.com\/personas\/chris-butler\/\" rel=\"nofollow noopener\" target=\"_blank\">Chris Butler<\/a>, colaborador habitual de Knight en su productora Laika, y todo apunta a que el <b>enfoque combinar\u00e1 acci\u00f3n, magia y comedia<\/b>, en una mezcla ideal para conquistar tanto a nuevos p\u00fablicos como a los nost\u00e1lgicos de Eternia.<\/p>\n<p>\t\t\t\t\t\t\t<img decoding=\"async\" loading=\"lazy\" src=\"https:\/\/www.europesays.com\/es\/wp-content\/uploads\/2025\/07\/234409_masters-of-the-universe-primer-vistazo-oficial-.jpg\" alt=\"'Masters del Universo' mantendr\u00e1 un tono fiel al original\" width=\"1200\" height=\"750\"\/>\t<\/p>\n<p>\t\t\t\t\t\t&#8216;Masters del Universo&#8217; mantendr\u00e1 un tono fiel al original (Mattel)<\/p>\n<p>El estreno de &#8216;Masters del Universo&#8217; est\u00e1 previsto para el <b>5 de junio de 2026<\/b> bajo el sello de Amazon MGM Studios, que ha apostado fuerte por revitalizar la saga.<\/p>\n","protected":false},"excerpt":{"rendered":"La nueva adaptaci\u00f3n de la franquicia de Mattel &#8216;Masters del Universo&#8216;, a cargo de Amazon MGM, ya ha&hellip;\n","protected":false},"author":2,"featured_media":15102,"comment_status":"","ping_status":"","sticky":false,"template":"","format":"standard","meta":{"footnotes":""},"categories":[169],"tags":[1014,1015,1013,177,1011,146,147,25,24,782,176,1019,1016,175,753,1012,23,1017,1018],"class_list":{"0":"post-15101","1":"post","2":"type-post","3":"status-publish","4":"format-standard","5":"has-post-thumbnail","7":"category-cine","8":"tag-actores","9":"tag-actrices","10":"tag-cartelera","11":"tag-cine","12":"tag-ecartelera","13":"tag-entertainment","14":"tag-entretenimiento","15":"tag-es","16":"tag-espana","17":"tag-estrellas","18":"tag-film","19":"tag-fotogramas","20":"tag-fotos","21":"tag-movies","22":"tag-peliculas","23":"tag-pelis","24":"tag-spain","25":"tag-trailers","26":"tag-videos"},"share_on_mastodon":{"url":"","error":""},"_links":{"self":[{"href":"https:\/\/www.europesays.com\/es\/wp-json\/wp\/v2\/posts\/15101","targetHints":{"allow":["GET"]}}],"collection":[{"href":"https:\/\/www.europesays.com\/es\/wp-json\/wp\/v2\/posts"}],"about":[{"href":"https:\/\/www.europesays.com\/es\/wp-json\/wp\/v2\/types\/post"}],"author":[{"embeddable":true,"href":"https:\/\/www.europesays.com\/es\/wp-json\/wp\/v2\/users\/2"}],"replies":[{"embeddable":true,"href":"https:\/\/www.europesays.com\/es\/wp-json\/wp\/v2\/comments?post=15101"}],"version-history":[{"count":0,"href":"https:\/\/www.europesays.com\/es\/wp-json\/wp\/v2\/posts\/15101\/revisions"}],"wp:featuredmedia":[{"embeddable":true,"href":"https:\/\/www.europesays.com\/es\/wp-json\/wp\/v2\/media\/15102"}],"wp:attachment":[{"href":"https:\/\/www.europesays.com\/es\/wp-json\/wp\/v2\/media?parent=15101"}],"wp:term":[{"taxonomy":"category","embeddable":true,"href":"https:\/\/www.europesays.com\/es\/wp-json\/wp\/v2\/categories?post=15101"},{"taxonomy":"post_tag","embeddable":true,"href":"https:\/\/www.europesays.com\/es\/wp-json\/wp\/v2\/tags?post=15101"}],"curies":[{"name":"wp","href":"https:\/\/api.w.org\/{rel}","templated":true}]}}