{"id":151010,"date":"2025-10-01T16:59:08","date_gmt":"2025-10-01T16:59:08","guid":{"rendered":"https:\/\/www.europesays.com\/es\/151010\/"},"modified":"2025-10-01T16:59:08","modified_gmt":"2025-10-01T16:59:08","slug":"el-nuevo-trailer-de-frankenstein-huele-a-varios-oscar-para-guillermo-del-toro-y-netflix","status":"publish","type":"post","link":"https:\/\/www.europesays.com\/es\/151010\/","title":{"rendered":"El nuevo tr\u00e1iler de \u2018Frankenstein\u2019 huele a varios \u00d3scar para Guillermo del Toro y Netflix"},"content":{"rendered":"<p class=\"\">Guillermo del Toro nos tiene acostumbrados a una mirada diferente a los monstruos de cuento. Con <a href=\"https:\/\/as.com\/meristation\/cine\/el-director-de-el-laberinto-del-fauno-revela-por-que-eligio-la-espana-de-1944-para-la-pelicula-y-lanza-un-duro-mensaje-una-sola-n\/\" target=\"_self\" rel=\"nofollow noopener\" title=\"https:\/\/as.com\/meristation\/cine\/el-director-de-el-laberinto-del-fauno-revela-por-que-eligio-la-espana-de-1944-para-la-pelicula-y-lanza-un-duro-mensaje-una-sola-n\/\">\u2018El laberinto del fauno\u2019 (2006)<\/a> y \u2018La forma del agua\u2019 (2017), vivimos historias que nos conmovieron. Tres a\u00f1os despu\u00e9s de su \u00faltima cinta, <a href=\"https:\/\/as.com\/meristation\/2022\/02\/05\/reportajes\/1644049634_922315.html\" target=\"_self\" rel=\"nofollow noopener\" title=\"https:\/\/as.com\/meristation\/2022\/02\/05\/reportajes\/1644049634_922315.html\">Del Toro nos da la bienvenida<\/a> a \u2018Frankenstein\u2019. La pel\u00edcula ya tiene fecha de estreno tanto en cines como en Netflix, la productora de la pel\u00edcula. <b>Su nuevo tr\u00e1iler pinta muy, muy bien<\/b>.<\/p>\n<p><b>Guillermo del Toro se lanza a reinterpretar \u2018Frankenstein\u2019 con su sello personal<\/b><\/p>\n<p class=\"\"><a href=\"https:\/\/as.com\/meristation\/cine\/la-nueva-pelicula-de-frankenstein-de-guillermo-del-toro-en-netflix-arrasa-en-criticas-monstruosamente-bella-n\/\" target=\"_self\" rel=\"nofollow noopener\" title=\"https:\/\/as.com\/meristation\/cine\/la-nueva-pelicula-de-frankenstein-de-guillermo-del-toro-en-netflix-arrasa-en-criticas-monstruosamente-bella-n\/\">Empecemos por la fecha<\/a>: <b>\u2018Frankenstein\u2019 se estrenar\u00e1 en salas el pr\u00f3ximo 24 de octubre. Unas semanas despu\u00e9s, concretamente el 7 de noviembre, har\u00e1 lo propio en el cat\u00e1logo de Netflix<\/b>. Es una de las grandes apuestas del servicio por apoyar a su cat\u00e1logo de pel\u00edculas propias en lo que resta de 2025.<\/p>\n<p class=\"\">Del Toro se anima a adaptar el cl\u00e1sico de Mary Shelley sobre la vida y obra de <b>V\u00edctor Frankenstein<\/b>, el cient\u00edfico que insufla que convierte a un monstruo hecho de cad\u00e1veres en un ente con vida propia. En la descripci\u00f3n oficial se\u00f1alan que V\u00edctor es \u201cbrillante y eg\u00f3latra\u201d, y que tanto \u00e9l como su creaci\u00f3n ser\u00e1n \u201csu perdici\u00f3n\u201d. La sorpresa de la pel\u00edcula estar\u00e1 en el camino, como siempre ocurre en las obras del director.<\/p>\n<p class=\"\">El reparto es sensacional. Al cient\u00edfico lo interpreta <b>un actorazo como Oscar Isaac<\/b>, quien estar\u00e1 alrededor de otros pesos pesados como Cristoph Waltz (Harlander), Jacob Elordi (La Criatura), Mia Goth (Elizabeth), Charles Dance (Leopold Frankenstein), David Bradley (El hombre ciego) y Lars Mikkelsen (Capit\u00e1n Anderson), entre muchos otros. <\/p>\n<p>Noticias relacionadas<\/p>\n<p class=\"\">Suscr\u00edbete al <a href=\"https:\/\/www.youtube.com\/@meristation\" target=\"_self\" rel=\"nofollow noopener\" title=\"https:\/\/www.youtube.com\/@meristation\">canal de MeriStation en YouTube<\/a>, tu web de videojuegos y entretenimiento para conocer todas las noticias y novedades sobre el mundo del videojuego, cine, series, manga y anime. An\u00e1lisis, entrevistas, tr\u00e1ileres, gameplays, p\u00f3dcast y mucho m\u00e1s. Tambi\u00e9n te animamos a seguir <a href=\"https:\/\/www.tiktok.com\/@meristation\" rel=\"nofollow noopener\" title=\"https:\/\/www.tiktok.com\/@meristation\" target=\"_blank\">nuestra cuenta de TikTok<\/a>. <\/p>\n<p class=\"\">\u00a1S\u00edguenos en ambas y, si est\u00e1s interesado en licenciar este contenido, pincha <a href=\"https:\/\/profesional.elpais.com\/soluciones-sindicacion?utm_medium=interno&amp;utm_source=crosslinking&amp;utm_campaign=sindicacion_as_pie_articulos\" target=\"_blank\" rel=\"nofollow noopener\" title=\"https:\/\/profesional.elpais.com\/soluciones-sindicacion?utm_medium=interno&amp;utm_source=crosslinking&amp;utm_campaign=sindicacion_as_pie_articulos\">aqu\u00ed<\/a>!<\/p>\n<p><script async src=\"\/\/www.tiktok.com\/embed.js\"><\/script><\/p>\n","protected":false},"excerpt":{"rendered":"Guillermo del Toro nos tiene acostumbrados a una mirada diferente a los monstruos de cuento. Con \u2018El laberinto&hellip;\n","protected":false},"author":2,"featured_media":151011,"comment_status":"","ping_status":"","sticky":false,"template":"","format":"standard","meta":{"footnotes":""},"categories":[169],"tags":[177,146,147,25,24,176,175,23],"class_list":{"0":"post-151010","1":"post","2":"type-post","3":"status-publish","4":"format-standard","5":"has-post-thumbnail","7":"category-cine","8":"tag-cine","9":"tag-entertainment","10":"tag-entretenimiento","11":"tag-es","12":"tag-espana","13":"tag-film","14":"tag-movies","15":"tag-spain"},"share_on_mastodon":{"url":"","error":""},"_links":{"self":[{"href":"https:\/\/www.europesays.com\/es\/wp-json\/wp\/v2\/posts\/151010","targetHints":{"allow":["GET"]}}],"collection":[{"href":"https:\/\/www.europesays.com\/es\/wp-json\/wp\/v2\/posts"}],"about":[{"href":"https:\/\/www.europesays.com\/es\/wp-json\/wp\/v2\/types\/post"}],"author":[{"embeddable":true,"href":"https:\/\/www.europesays.com\/es\/wp-json\/wp\/v2\/users\/2"}],"replies":[{"embeddable":true,"href":"https:\/\/www.europesays.com\/es\/wp-json\/wp\/v2\/comments?post=151010"}],"version-history":[{"count":0,"href":"https:\/\/www.europesays.com\/es\/wp-json\/wp\/v2\/posts\/151010\/revisions"}],"wp:featuredmedia":[{"embeddable":true,"href":"https:\/\/www.europesays.com\/es\/wp-json\/wp\/v2\/media\/151011"}],"wp:attachment":[{"href":"https:\/\/www.europesays.com\/es\/wp-json\/wp\/v2\/media?parent=151010"}],"wp:term":[{"taxonomy":"category","embeddable":true,"href":"https:\/\/www.europesays.com\/es\/wp-json\/wp\/v2\/categories?post=151010"},{"taxonomy":"post_tag","embeddable":true,"href":"https:\/\/www.europesays.com\/es\/wp-json\/wp\/v2\/tags?post=151010"}],"curies":[{"name":"wp","href":"https:\/\/api.w.org\/{rel}","templated":true}]}}