{"id":151012,"date":"2025-10-01T17:00:16","date_gmt":"2025-10-01T17:00:16","guid":{"rendered":"https:\/\/www.europesays.com\/es\/151012\/"},"modified":"2025-10-01T17:00:16","modified_gmt":"2025-10-01T17:00:16","slug":"sinner-triunfa-en-la-final-de-pekin-y-sostiene-el-pulso-por-el-trono-a-alcaraz-tenis-deportes","status":"publish","type":"post","link":"https:\/\/www.europesays.com\/es\/151012\/","title":{"rendered":"Sinner triunfa en la final de Pek\u00edn y sostiene el pulso por el trono a Alcaraz | Tenis | Deportes"},"content":{"rendered":"<p class=\"\">No han transcurrido ni veinticuatro horas cuando llega la r\u00e9plica. Al \u00faltimo envite de Carlos Alcaraz, <a href=\"https:\/\/elpais.com\/deportes\/tenis\/2025-09-30\/alcaraz-disuelve-a-fritz-se-corona-en-tokio-y-abrillanta-un-curso-excepcional.html\" rel=\"nofollow noopener\" target=\"_blank\">campe\u00f3n el martes en Tokio<\/a>, responde de inmediato Jannik Sinner en Pek\u00edn, donde hace un a\u00f1o el italiano fue precisamente batido por el espa\u00f1ol. Entonces gobernaba \u00e9l, pero ahora lo hace el murciano y el horizonte que se plantea de aqu\u00ed a la conclusi\u00f3n de noviembre se presenta muy abierto. El trono est\u00e1 en el aire. L\u00f3gicamente, al de San C\u00e1ndido le toca esta vez ejercer presi\u00f3n y la aplica sin dilaciones, recto como es \u00e9l, limando un pu\u00f1ado de puntos (170) gracias al triunfo contra Learner Tien en el desenlace pequin\u00e9s (doble 6-2, en 1h 12m) y lanzando un mensaje claro: por su parte, todo al uno.<\/p>\n<p class=\"\">No especula ni enga\u00f1a Sinner, quien a principios de septiembre perdi\u00f3 el bast\u00f3n de mando <a href=\"https:\/\/elpais.com\/deportes\/tenis\/2025-09-07\/alcaraz-lo-borda-ante-sinner-y-vuelve-a-lo-mas-alto.html\" target=\"_self\" rel=\"nofollow noopener\" title=\"https:\/\/elpais.com\/deportes\/tenis\/2025-09-07\/alcaraz-lo-borda-ante-sinner-y-vuelve-a-lo-mas-alto.html\">al caer en la final de Nueva York<\/a>; un episodio, dec\u00eda, revelador para \u00e9l, puesto que le abri\u00f3 los ojos al se\u00f1alarle la necesidad de introducir variables en su tenis para ser menos previsible y a\u00f1adir otras capas a su juego. Acostumbrado a vivir en la l\u00ednea de fondo, desde donde escupe pelotazos sin parar, el\u00e9ctricamente, anuncia \u201cmuchos peque\u00f1os cambios\u201d que por ahora no han sido excesivamente perceptibles, pero que a buen seguro supondr\u00e1n un nuevo enigma para Alcaraz en el pr\u00f3ximo cruce entre ambos. De momento, uno y otro ganan, pero mientras el l\u00edder ha escogido frenar para restablecer el tobillo lastimado, su rival encara una actividad incesante.<\/p>\n<p>M\u00e1s informaci\u00f3n<\/p>\n<p class=\"\">El espa\u00f1ol no competir\u00e1 los pr\u00f3ximos d\u00edas en el Masters de Shangh\u00e1i, donde s\u00ed lo har\u00e1 Sinner, quien deber\u00e1 defender el t\u00edtulo (y los 1.000 puntos) obtenido el curso pasado. Despu\u00e9s, ambos coincidir\u00e1n en una exhibici\u00f3n en Riad (del 15 al 18 de este mes), sin ninguna trascendencia a efectos de clasificaci\u00f3n, pero luego s\u00ed llegar\u00eda una cita que podr\u00eda deparar un giro del orden, puesto que si el italiano levantara el trofeo del torneo de Viena (del 20 al 26) recuperar\u00eda la primera plaza del listado mundial. Sinner, por tanto, est\u00e1 obligado a encadenar tres t\u00edtulos, algo que no parece nada descabellado por su extraordinario rendimiento sobre pista dura y, tambi\u00e9n, en el formato bajo techo que se avecina.<\/p>\n<tr>Carlos AlcarazShangh\u00e1iPar\u00eds-BercyCopa de MaestrosTotal<\/tr>\n<tr>\n<td>Puede sumar<\/td>\n<td>0 (no compite)<\/td>\n<td>+900<\/td>\n<td>+1.300<\/td>\n<td>+2.100<\/td>\n<\/tr>\n<tr>\n<td>Puede perder\/pierde*<\/td>\n<td>-200*<\/td>\n<td>-100<\/td>\n<td>-200<\/td>\n<td>-500<\/td>\n<\/tr>\n<tr>Jannik SinnerShangh\u00e1iVienaPar\u00eds-BercyCopa de MaestrosTotal<\/tr>\n<tr>\n<td>Puede sumar<\/td>\n<td>0<\/td>\n<td>+500<\/td>\n<td>+1000<\/td>\n<td>0<\/td>\n<td>+1.500<\/td>\n<\/tr>\n<tr>\n<td>Puede perder<\/td>\n<td>-1.000<\/td>\n<td>0<\/td>\n<td>0<\/td>\n<td>-1.500<\/td>\n<td>-2.500<\/td>\n<\/tr>\n<p class=\"\">Desde 2024, cuando \u00e9l y Alcaraz comenzaron a pelear mano a mano por el dominio absoluto del circuito, el n\u00famero dos ha ganado 13 de los 17 torneos que ha disputado en superficie r\u00e1pida y de los 21 trofeos que colecciona a sus 24 a\u00f1os, 18 proceden del cemento. En esta \u00faltima ocasi\u00f3n, el joven Tien \u2014<a href=\"https:\/\/elpais.com\/deportes\/tenis\/2025-01-16\/trompazo-y-adios-de-medvedev-el-tenis-saluda-al-joven-learner-tien.html\" target=\"_blank\" rel=\"nofollow noopener\" title=\"https:\/\/elpais.com\/deportes\/tenis\/2025-01-16\/trompazo-y-adios-de-medvedev-el-tenis-saluda-al-joven-learner-tien.html\">52\u00ba del mundo y 19 a\u00f1os<\/a>, finalista m\u00e1s joven en Pek\u00edn desde Nadal (tambi\u00e9n 19) en 2005\u2014 apenas pudo hacerle cosquillas. En tan solo 35 minutos, Sinner hab\u00eda cerrado el primer parcial y tras el demarraje del estadounidense en el segundo, reaccion\u00f3 endos\u00e1ndole seis juegos seguidos para lograr su segundo premio en el torneo y, por tanto, situarse por detr\u00e1s de Novak Djokovic (6) y Michael Chang (3), al mismo nivel que Rafael Nadal (2).<\/p>\n<p><b>Bercy, potencial punto clave<\/b><\/p>\n<p class=\"\">\u00c9l, sin embargo, asegura que mira \u00fanicamente hacia delante y que no se queda ensimismado repasando historiales ni los libros de los r\u00e9cords. \u201cSiempre digo que cada uno de nosotros somos diferentes. Es genial que mi nombre est\u00e9 a su lado, pero trato de recorrer mi propio camino\u201d, se\u00f1ala el vencedor, que en su intento por convertirse en ese jugador \u201cm\u00e1s completo\u201d al que aspira no ha dise\u00f1ado ninguna revoluci\u00f3n. Se tratan de \u201cmatices\u201d que le permitan ganar variedad y ser m\u00e1s imprevisible en ese juego al gato y al rat\u00f3n que se trae con Alcaraz, pero sin perder su identidad. Contrasta esa apuesta de introducir novedades, siempre riesgosa \u2014<a href=\"https:\/\/elpais.com\/deportes\/tenis\/2025-09-08\/no-sinner-no-esta-contento-consigo-mismo-soy-muy-predecible-necesito-hacer-cambios.html\" target=\"_self\" rel=\"nofollow noopener\" title=\"https:\/\/elpais.com\/deportes\/tenis\/2025-09-08\/no-sinner-no-esta-contento-consigo-mismo-soy-muy-predecible-necesito-hacer-cambios.html\">\u201cseguramente perder\u00e9 partidos\u201d<\/a>\u2014, con la exigencia de tener que rozar la perfecci\u00f3n.<\/p>\n<p><img decoding=\"auto\" class=\"_re lazyload a_m-h\" height=\"277\"  width=\"414\"  src=\"https:\/\/www.europesays.com\/es\/wp-content\/uploads\/2025\/10\/G2PH5BNYHZODRDGXNDPJLQODAI.jpg\" loading=\"lazy\"\/>Carlos Alcaraz posa con el trofeo de campe\u00f3n en Tokio.KIYOSHI OTA (EFE)<\/p>\n<p class=\"\">Del mismo modo que tiene otra vez el trono a tiro a corto plazo, siempre y cuando se imponga en las dos citas venideras que \u00e9l afronta, Sinner sabe que su margen de error es m\u00ednimo porque no debe fallar ahora en Shangh\u00e1i y tambi\u00e9n es consciente de que, en el caso de que volviera a lo m\u00e1s alto el d\u00eda 27, tras Viena, no dejar\u00eda de ser una situaci\u00f3n circunstancial. Par\u00eds-Bercy se presenta como una gran oportunidad para ambos, dado que \u00e9l renunci\u00f3 a jugarlo hace un a\u00f1o y <a href=\"https:\/\/elpais.com\/deportes\/tenis\/2024-10-10\/alcaraz-cae-en-los-cuartos-de-final-del-masters-de-shanghai.html\" target=\"_blank\" rel=\"nofollow noopener\" title=\"https:\/\/elpais.com\/deportes\/tenis\/2024-10-10\/alcaraz-cae-en-los-cuartos-de-final-del-masters-de-shanghai.html\">el recorrido de Alcaraz fue m\u00ednimo<\/a> \u2014por lo que la bolsa de puntos ser\u00e1 importante para ambos\u2014, y luego, la Copa de Maestros tampoco le ofrecer\u00e1 apenas margen de error porque defender\u00e1 los 1.500 puntos del campe\u00f3n y para el de El Palmar es una veta a explotar.<\/p>\n<p class=\"\">Sinner ha sellado una vez la temporada como numero uno, al igual que su adversario. Y ahora, para repetir, se enfrenta a un gran desaf\u00edo f\u00edsico y mental, puesto que el mes y medio restante \u2014con la participaci\u00f3n en la Copa Davis en forma de inc\u00f3gnita\u2014 asoma para \u00e9l en forma de Everest. Le exigir\u00e1 un esfuerzo muy elevado y sostenido. A la necesidad de tener que enlazar triunfos en Pek\u00edn, Shangh\u00e1i y Viena se a\u00f1aden otras dos citas (Bercy y Tur\u00edn) sin apenas tregua, aunque \u00e9l conf\u00eda plenamente en sus posibilidades. En la recta final de 2024 disput\u00f3 tres torneos (sin contar la Davis) y ahora ser\u00e1n dos m\u00e1s, cinco, pero de momento contragolpea y conserva el credo: \u201cSigo entren\u00e1ndome duro\u201d.<\/p>\n<p>SEIS PLAZAS EN EL AIRE PARA TUR\u00cdN<\/p>\n<p>A. C.<\/p>\n<p>A falta de poco m\u00e1s de un mes para la disputa de la Copa de Maestros, solo Alcaraz y Sinner tienen el billete asegurado, si bien es cierto que Alexander Zverev, Novak Djokovic y Taylor Fritz est\u00e1n muy bien posicionados para lograr alguna de las seis plazas restantes para la cita que tendr\u00e1 lugar en el Inalpi Arena de Tur\u00edn, del 9 al 16 de noviembre.<\/p>\n<p>En este \u00faltimo comp\u00e1s del curso apurar\u00e1n sus opciones Ben Shelton y Alex de Mi\u00f1aur, hoy por hoy dentro, y el italiano Lorenzo Musetti, que ahora mismo marca el corte en la carrera anual, tratar\u00e1 tambi\u00e9n de afinar en estos \u00faltimos torneos para estar presente por primera vez en el broche individual del a\u00f1o.\u00a0<\/p>\n<p>Acechan por detr\u00e1s Felix Auger-Aliassime y Casper Ruud, y m\u00e1s descolgados asoman Andrey Rublev, Alexander Bublik u Holger Rune. El ingl\u00e9s Jack Draper, noveno en la race, ya anunci\u00f3 en el US Open que no competir\u00eda m\u00e1s en 2024.\u00a0<\/p>\n<p>Por otra parte, el torneo femenino de Pek\u00edn depar\u00f3 este mi\u00e9rcoles dos sorpresas. La primera la eliminaci\u00f3n de Iga Swiatek, superada en los cuartos de final por Emma Navarro (6-4, 4-6 y 6-0), y tambi\u00e9n la de la joven Mirra Andreeva, batida por la brit\u00e1nica Sonay Kartal (7-5, 2-6 y 7-5). Se medir\u00e1n con Jessica Pegula y Linda Noskova respectivamente.<\/p>\n","protected":false},"excerpt":{"rendered":"No han transcurrido ni veinticuatro horas cuando llega la r\u00e9plica. Al \u00faltimo envite de Carlos Alcaraz, campe\u00f3n el&hellip;\n","protected":false},"author":2,"featured_media":151013,"comment_status":"","ping_status":"","sticky":false,"template":"","format":"standard","meta":{"footnotes":""},"categories":[93],"tags":[17145,545,1615,1540,168,927,25,24,544,568,23,167,327,11759,45814],"class_list":{"0":"post-151012","1":"post","2":"type-post","3":"status-publish","4":"format-standard","5":"has-post-thumbnail","7":"category-deportes","8":"tag-atp-tour","9":"tag-carlos-alcaraz","10":"tag-china","11":"tag-competiciones","12":"tag-deportes","13":"tag-deportistas","14":"tag-es","15":"tag-espana","16":"tag-jannik-sinner","17":"tag-pekin","18":"tag-spain","19":"tag-sports","20":"tag-tenis","21":"tag-tenistas","22":"tag-torneo-pekin"},"share_on_mastodon":{"url":"","error":""},"_links":{"self":[{"href":"https:\/\/www.europesays.com\/es\/wp-json\/wp\/v2\/posts\/151012","targetHints":{"allow":["GET"]}}],"collection":[{"href":"https:\/\/www.europesays.com\/es\/wp-json\/wp\/v2\/posts"}],"about":[{"href":"https:\/\/www.europesays.com\/es\/wp-json\/wp\/v2\/types\/post"}],"author":[{"embeddable":true,"href":"https:\/\/www.europesays.com\/es\/wp-json\/wp\/v2\/users\/2"}],"replies":[{"embeddable":true,"href":"https:\/\/www.europesays.com\/es\/wp-json\/wp\/v2\/comments?post=151012"}],"version-history":[{"count":0,"href":"https:\/\/www.europesays.com\/es\/wp-json\/wp\/v2\/posts\/151012\/revisions"}],"wp:featuredmedia":[{"embeddable":true,"href":"https:\/\/www.europesays.com\/es\/wp-json\/wp\/v2\/media\/151013"}],"wp:attachment":[{"href":"https:\/\/www.europesays.com\/es\/wp-json\/wp\/v2\/media?parent=151012"}],"wp:term":[{"taxonomy":"category","embeddable":true,"href":"https:\/\/www.europesays.com\/es\/wp-json\/wp\/v2\/categories?post=151012"},{"taxonomy":"post_tag","embeddable":true,"href":"https:\/\/www.europesays.com\/es\/wp-json\/wp\/v2\/tags?post=151012"}],"curies":[{"name":"wp","href":"https:\/\/api.w.org\/{rel}","templated":true}]}}