{"id":151023,"date":"2025-10-01T17:06:13","date_gmt":"2025-10-01T17:06:13","guid":{"rendered":"https:\/\/www.europesays.com\/es\/151023\/"},"modified":"2025-10-01T17:06:13","modified_gmt":"2025-10-01T17:06:13","slug":"la-abogada-de-la-victima-de-violencia-vicaria-de-jose-breton-ruth-ortiz-espera-que-la-ley-ayude-a-evitar-un-dolor-insoportable-a-otras-mujeres-sociedad","status":"publish","type":"post","link":"https:\/\/www.europesays.com\/es\/151023\/","title":{"rendered":"La abogada de la v\u00edctima de violencia vicaria de Jos\u00e9 Bret\u00f3n: \u201cRuth Ortiz espera que la ley ayude a evitar un dolor insoportable a otras mujeres\u201d | Sociedad"},"content":{"rendered":"<p class=\"\">El pasado marzo, Ruth Ortiz <a href=\"https:\/\/elpais.com\/cultura\/2025-03-24\/por-que-nadie-aviso-a-ruth-ortiz-un-libro-como-forma-de-maltrato.html\" target=\"_self\" rel=\"nofollow noopener\" title=\"https:\/\/elpais.com\/cultura\/2025-03-24\/por-que-nadie-aviso-a-ruth-ortiz-un-libro-como-forma-de-maltrato.html\">tuvo que revivir sin previo aviso <\/a>la peor pesadilla de su vida. Jos\u00e9 Bret\u00f3n, su exmarido y asesino de sus hijos, era la fuente principal de un libro, titulado El odio, en el que revelaba nuevos detalles sobre el asesinato de los ni\u00f1os, Ruth y Jos\u00e9. La obra, adem\u00e1s, inclu\u00eda m\u00faltiples detalles sobre la vida en com\u00fan de la expareja. Para su elaboraci\u00f3n, el autor, Luisg\u00e9 Mart\u00edn, entrevist\u00f3 a Bret\u00f3n en prisi\u00f3n e intercambiaron decenas de cartas. El libro no lleg\u00f3 a ver la luz. La editorial <a href=\"https:\/\/elpais.com\/cultura\/2025-03-27\/anagrama-suspende-de-manera-indefinida-la-distribucion-de-el-odio.html\" target=\"_self\" rel=\"nofollow noopener\" title=\"https:\/\/elpais.com\/cultura\/2025-03-27\/anagrama-suspende-de-manera-indefinida-la-distribucion-de-el-odio.html\">decidi\u00f3 retirarlo<\/a> por la pol\u00e9mica generada, aunque un juzgado hab\u00eda dado luz verde a su publicaci\u00f3n. Pero previamente llegaron a los medios de comunicaci\u00f3n ejemplares de la obra para su promoci\u00f3n. Y los medios publicaron rese\u00f1as, en ocasiones con fotograf\u00edas de los ni\u00f1os y con frases del asesino. <\/p>\n<p class=\"\">Esta semana, Ortiz ha le\u00eddo<a href=\"https:\/\/elpais.com\/sociedad\/2025-09-29\/la-violencia-vicaria-machista-sera-tipificada-como-delito-especifico.html\" target=\"_self\" rel=\"nofollow noopener\" title=\"https:\/\/elpais.com\/sociedad\/2025-09-29\/la-violencia-vicaria-machista-sera-tipificada-como-delito-especifico.html\"> el primer borrador de la futura ley<\/a> de medidas contra la violencia vicaria, cuya tramitaci\u00f3n<a href=\"https:\/\/elpais.com\/sociedad\/2025-09-30\/ana-redondo-sobre-la-ley-de-violencia-vicaria-queremos-que-la-norma-acompane-a-la-sociedad.html\" target=\"_self\" rel=\"nofollow noopener\" title=\"https:\/\/elpais.com\/sociedad\/2025-09-30\/ana-redondo-sobre-la-ley-de-violencia-vicaria-queremos-que-la-norma-acompane-a-la-sociedad.html\"> acaba de echar a andar<\/a> y cuyo articulado busca frenar, entre otras cuestiones, que los asesinos sigan teniendo la posibilidad de hacer da\u00f1o a sus v\u00edctimas con sus testimonios desde la prisi\u00f3n, como ocurri\u00f3 en este caso. Es su abogada, Aurora Genov\u00e9s, quien valora la normativa. Ella prefiere mantenerse en un segundo plano. \u201cRuth Ortiz aprecia la ley\u201d, explica Genov\u00e9s a EL PA\u00cdS. \u201cEs un esfuerzo que recoge su caso y espera que sirva para evitar que se someta a un nuevo dolor insoportable a otras mujeres, obligadas a revivir una y otra vez lo ocurrido\u201d. <\/p>\n<p class=\"\">La historia de las leyes contra la violencia machista de Espa\u00f1a est\u00e1 jalonada de nombres propios de mujer, desde que la voz dulce de <a href=\"https:\/\/elpais.com\/sociedad\/2022-12-17\/25-anos-del-asesinato-de-ana-orantes-que-cambio-la-lucha-contra-la-violencia-machista-en-espana.html\" target=\"_self\" rel=\"nofollow noopener\" title=\"https:\/\/elpais.com\/sociedad\/2022-12-17\/25-anos-del-asesinato-de-ana-orantes-que-cambio-la-lucha-contra-la-violencia-machista-en-espana.html\">Ana Orantes estremeci\u00f3 a Espa\u00f1a en 1997<\/a> al contar las palizas de su marido en la televisi\u00f3n, apenas d\u00edas antes de que el hombre la quemara viva a las puertas de su casa. Aquel episodio impuls\u00f3 la pionera ley de violencia de g\u00e9nero de 2004. M\u00e1s de dos d\u00e9cadas despu\u00e9s, el Gobierno ha iniciado la tramitaci\u00f3n de la futura ley org\u00e1nica de medidas en materia de violencia vicaria, que define esa violencia como la que ejerce un agresor machista \u201ccon el objetivo de causar dolor o sufrimiento a las mujeres\u201d sobre sus hijos, sus familiares o un nuevo c\u00f3nyuge. <\/p>\n<p class=\"\">El nombre de <a href=\"https:\/\/elpais.com\/noticias\/ruth-ortiz-ramos\/\" target=\"_self\" rel=\"nofollow noopener\" title=\"https:\/\/elpais.com\/noticias\/ruth-ortiz-ramos\/\">Ruth Ortiz<\/a> es uno de los que est\u00e1 estrechamente ligado a la futura ley. Su exmarido, Jos\u00e9 Bret\u00f3n, fue sentenciado en 2013 a 40 a\u00f1os de c\u00e1rcel. Tras el asesinato de sus hijos, Ortiz pele\u00f3 primero para que mujeres como ella fueran reconocidas tambi\u00e9n como v\u00edctimas de violencia de g\u00e9nero, <a href=\"https:\/\/elpais.com\/politica\/2017\/09\/22\/actualidad\/1506106380_652908.html\" target=\"_self\" rel=\"nofollow noopener\" title=\"https:\/\/elpais.com\/politica\/2017\/09\/22\/actualidad\/1506106380_652908.html\">como finalmente ocurri\u00f3<\/a>. Su sufrimiento est\u00e1 de nuevo detr\u00e1s de otro recorrido legal. <\/p>\n<p class=\"\">Ortiz tuvo que enfrentarse a decenas de publicaciones period\u00edsticas con detalles del libro, como el cap\u00edtulo con la entrevista a Bret\u00f3n adelantado en un medio digital. Al conocer por la prensa la existencia del libro \u2015ni el autor ni la editorial contactaron con ella previamente\u2015, lo denunci\u00f3 ante la Audiencia Provincial y la Fiscal\u00eda de C\u00f3rdoba <a href=\"https:\/\/elpais.com\/cultura\/2025-03-19\/la-madre-de-los-ninos-asesinados-por-jose-breton-denuncia-ante-la-justicia-la-publicacion-del-libro-sobre-el-crimen.html\" rel=\"nofollow noopener\" target=\"_blank\">por intromisi\u00f3n del derecho a la intimidad<\/a> y la propia imagen de sus hijos. <\/p>\n<p class=\"\">\u201cEstos hechos est\u00e1n causando un tremendo dolor y nuevos da\u00f1os psicol\u00f3gicos en mi mandante\u201d, recog\u00eda esa primera demanda, \u201cque est\u00e1 asistiendo horrorizada a c\u00f3mo la vida y asesinato de sus dos hijos peque\u00f1os est\u00e1 expuesta p\u00fablicamente en todos los medios de comunicaci\u00f3n con detalles, comentarios y expresiones que ni siquiera aparecen en la sentencia, plagado de afirmaciones terribles\u201d. <\/p>\n<p class=\"\"><a href=\"https:\/\/elpais.com\/sociedad\/2025-09-30\/ana-redondo-sobre-la-ley-de-violencia-vicaria-queremos-que-la-norma-acompane-a-la-sociedad.html\" target=\"_blank\" rel=\"noreferrer nofollow noopener\" title=\"https:\/\/elpais.com\/sociedad\/2025-09-30\/ana-redondo-sobre-la-ley-de-violencia-vicaria-queremos-que-la-norma-acompane-a-la-sociedad.html\">El Consejo de Ministros aprob\u00f3 el martes<\/a> el primer paso para una futura ley de violencia vicaria. El anteproyecto, de 22 p\u00e1ginas y que prev\u00e9 modificar el articulado de seis normativas estatales, sufrir\u00e1 casi con toda seguridad cambios durante la tramitaci\u00f3n antes de ser aprobada. <\/p>\n<p class=\"\">Una de las novedades que incluye son nuevos castigos a los asesinos de violencia vicaria para intentar evitar que, como ocurri\u00f3 en el caso de Bret\u00f3n, puedan \u201cpublicar o difundir mensajes, textos, im\u00e1genes u otros contenidos que tengan relaci\u00f3n directa con el delito cometido (&#8230;) para evitar el menoscabo de la dignidad de la v\u00edctima o la generaci\u00f3n de un da\u00f1o psicol\u00f3gico a la v\u00edctima\u201d, seg\u00fan el borrador. El texto se refiere en todo momento a los condenados, que no podr\u00e1n ofrecer relatos que revictimicen o detalles de las vidas de sus v\u00edctimas a otras personas. <\/p>\n<p class=\"\">Para incluir estos cambios, el borrador de la ley prev\u00e9 modificar cinco art\u00edculos del C\u00f3digo Penal \u2014los art\u00edculos 33, 39, 48,70 y 173\u2014 para prohibir a los condenados difundir toda esa informaci\u00f3n \u201co facilitar estos contenidos a terceros\u201d en un periodo que oscilar\u00eda entre 5 y 20 a\u00f1os de su condena, con un castigo a\u00f1adido si lo hicieran de entre 6 meses y 3 a\u00f1os que se sumar\u00edan a su pena principal. <\/p>\n<p class=\"\">\u201cValoramos las medidas que incluye el borrador sobre los cambios en el C\u00f3digo Penal\u201d, se\u00f1ala al tel\u00e9fono la abogada Aurora Genov\u00e9s. \u201cCompletan prohibiciones que ya existen en violencia de g\u00e9nero, como la aproximaci\u00f3n a las v\u00edctimas y familiares o que no puedan comunicarse con ellas\u201d. La letrada plantea \u201calgunas dudas, que no cr\u00edticas\u201d. Por ejemplo, que se ampl\u00ede esa prohibici\u00f3n a los agresores tambi\u00e9n como medida cautelar, antes de que haya condena firme. <\/p>\n<p class=\"\">Recuerda que en el caso de Bret\u00f3n, estuvo primero en prisi\u00f3n preventiva y hubo dos recursos \u2014ante el Tribunal Superior de Justicia de Andaluc\u00eda y ante el Supremo\u2014 antes de que su condena fuera firme. Tambi\u00e9n sugiere una reflexi\u00f3n sobre el c\u00f3mputo del tiempo, porque recuerda que estos casos se suelen dar en cr\u00edmenes \u201cde mucha repercusi\u00f3n social y con condenas muy altas\u201d, que van m\u00e1s all\u00e1 de los 20 a\u00f1os que recoge el borrador. <\/p>\n<p class=\"\">Los tiempos de la prohibici\u00f3n, considera la letrada, \u201ctienen que adecuarse en esos casos a las circunstancias reales para que no se queden cortos y no acaben revictimizando a las mujeres a\u00f1os m\u00e1s tarde\u201d. Antes del caso de El odio, reflexiona por \u00faltimo la abogada, \u201cse pensaba quiz\u00e1 de forma ingenua que una persona en prisi\u00f3n no pod\u00eda seguir haciendo da\u00f1o a sus v\u00edctimas. La realidad ha demostrado que puede ocurrir\u201d. <\/p>\n<p class=\"\">El tel\u00e9fono 016 atiende a las v\u00edctimas de violencia machista, a sus familias y a su entorno las 24 horas del d\u00eda, todos los d\u00edas del a\u00f1o, en 53 idiomas diferentes. El n\u00famero no queda registrado en la factura telef\u00f3nica, pero hay que borrar la llamada del dispositivo. Tambi\u00e9n se puede contactar a trav\u00e9s del correo electr\u00f3nico <a href=\"https:\/\/elpais.com\/sociedad\/2025-10-01\/mailto:016-online@igualdad.gob.es\" rel=\"nofollow noopener\" target=\"_blank\">016-online@igualdad.gob.es<\/a> y por WhatsApp en el n\u00famero 600 000 016. Los menores pueden dirigirse al tel\u00e9fono de la Fundaci\u00f3n ANAR 900 20 20 10. Si es una situaci\u00f3n de emergencia, se puede llamar al 112 o a los tel\u00e9fonos de la Polic\u00eda Nacional (091) y de la Guardia Civil (062). Y en caso de no poder llamar, se puede recurrir a la aplicaci\u00f3n ALERTCOPS, desde la que se env\u00eda una se\u00f1al de alerta a la Polic\u00eda con geolocalizaci\u00f3n.<\/p>\n","protected":false},"excerpt":{"rendered":"El pasado marzo, Ruth Ortiz tuvo que revivir sin previo aviso la peor pesadilla de su vida. Jos\u00e9&hellip;\n","protected":false},"author":2,"featured_media":151024,"comment_status":"","ping_status":"","sticky":false,"template":"","format":"standard","meta":{"footnotes":""},"categories":[8],"tags":[8619,17,18,25,24,13,14,11,20112,19,20,225,4043,8616,9,10,15,16,8618,45815,492,23,12,21,22,8617,8615,6580,45649],"class_list":{"0":"post-151023","1":"post","2":"type-post","3":"status-publish","4":"format-standard","5":"has-post-thumbnail","7":"category-espana","8":"tag-asesinato-pareja","9":"tag-breaking-news","10":"tag-breakingnews","11":"tag-es","12":"tag-espana","13":"tag-featured-news","14":"tag-featurednews","15":"tag-headlines","16":"tag-jose-breton","17":"tag-latest-news","18":"tag-latestnews","19":"tag-libros","20":"tag-machismo","21":"tag-maltrato-mujer","22":"tag-news","23":"tag-noticias","24":"tag-noticias-destacadas","25":"tag-noticiasdestacadas","26":"tag-patriarcado","27":"tag-ruth-ortiz-ramos","28":"tag-sociedad","29":"tag-spain","30":"tag-titulares","31":"tag-ultimas-noticias","32":"tag-ultimasnoticias","33":"tag-victimas-violencia-genero","34":"tag-violencia-genero","35":"tag-violencia-machista","36":"tag-violencia-vicaria"},"share_on_mastodon":{"url":"","error":""},"_links":{"self":[{"href":"https:\/\/www.europesays.com\/es\/wp-json\/wp\/v2\/posts\/151023","targetHints":{"allow":["GET"]}}],"collection":[{"href":"https:\/\/www.europesays.com\/es\/wp-json\/wp\/v2\/posts"}],"about":[{"href":"https:\/\/www.europesays.com\/es\/wp-json\/wp\/v2\/types\/post"}],"author":[{"embeddable":true,"href":"https:\/\/www.europesays.com\/es\/wp-json\/wp\/v2\/users\/2"}],"replies":[{"embeddable":true,"href":"https:\/\/www.europesays.com\/es\/wp-json\/wp\/v2\/comments?post=151023"}],"version-history":[{"count":0,"href":"https:\/\/www.europesays.com\/es\/wp-json\/wp\/v2\/posts\/151023\/revisions"}],"wp:featuredmedia":[{"embeddable":true,"href":"https:\/\/www.europesays.com\/es\/wp-json\/wp\/v2\/media\/151024"}],"wp:attachment":[{"href":"https:\/\/www.europesays.com\/es\/wp-json\/wp\/v2\/media?parent=151023"}],"wp:term":[{"taxonomy":"category","embeddable":true,"href":"https:\/\/www.europesays.com\/es\/wp-json\/wp\/v2\/categories?post=151023"},{"taxonomy":"post_tag","embeddable":true,"href":"https:\/\/www.europesays.com\/es\/wp-json\/wp\/v2\/tags?post=151023"}],"curies":[{"name":"wp","href":"https:\/\/api.w.org\/{rel}","templated":true}]}}