{"id":151025,"date":"2025-10-01T17:07:10","date_gmt":"2025-10-01T17:07:10","guid":{"rendered":"https:\/\/www.europesays.com\/es\/151025\/"},"modified":"2025-10-01T17:07:10","modified_gmt":"2025-10-01T17:07:10","slug":"rego-presenta-la-ampliacion-de-la-ley-para-garantizar-la-escucha-y-el-acompanamiento-de-la-infancia-que-sufre-violencias","status":"publish","type":"post","link":"https:\/\/www.europesays.com\/es\/151025\/","title":{"rendered":"Rego presenta la ampliaci\u00f3n de la ley para \u00abgarantizar la escucha y el acompa\u00f1amiento\u00bb de la infancia que sufre violencias"},"content":{"rendered":"<p>Rego ha asegurado que la propuesta de reforma elaborada por su departamento \u00absupone convertir a la infancia en un sujeto activo de derecho\u00bb. Se trata, ha indicado la ministra en declaraciones a medios, de que la infancia \u00abno s\u00f3lo est\u00e9 protegida, sino que tambi\u00e9n pueda ser escuchada sin miedo y sin necesidad de revivir sus traumas\u00bb.<\/p>\n<p>La ministra Rego, que ha mantenido un encuentro con el grupo de expertas para la ampliaci\u00f3n de la norma, ha destacado que \u00ablos ni\u00f1os, ni\u00f1as y adolescentes deben ser escuchados en cualquier proceso administrativo o judicial que le afecte\u00bb. En este sentido, ha recordado que, hasta ahora, la obligaci\u00f3n de escucha a las personas menores de edad se reduc\u00eda a las mayores de 12 a\u00f1os, un l\u00edmite que desaparecer\u00e1 tras la ampliaci\u00f3n.<\/p>\n<p>Seg\u00fan ha avanzado la ministra, la norma contempla el acceso de la infancia a defensa letrada especializada. De este modo, seg\u00fan ha apuntado Rego, se garantiza que ni\u00f1os y ni\u00f1as \u00abtengan derecho a un abogado o abogada que ser\u00e1 independiente de la defensa de sus progenitores\u00bb. Adem\u00e1s, la reforma prev\u00e9 la creaci\u00f3n de una Comisi\u00f3n de Reconocimiento para articular medidas de reparaci\u00f3n y para la infancia v\u00edctima de violencias.<\/p>\n<p>Finalmente, Rego ha destacado que otro de los aspectos fundamentales es la tipificaci\u00f3n, por primera vez en una ley estatal, de la violencia institucional. De este modo, ha asegurado la ministra, \u00abse ataja de forma expresa la utilizaci\u00f3n de planteamientos sin aval cient\u00edfico, como el S\u00edndrome de Alienaci\u00f3n Parental, o cualquiera de sus reformulaciones\u00bb.<\/p>\n<p>Rego ha subrayado que la norma, a trav\u00e9s de la aprobaci\u00f3n de un plan director, prev\u00e9 una formaci\u00f3n especializada y continua para todos los profesionales de la Administraci\u00f3n y de la judicatura que trabajan con infancia y adolescencia. En esta l\u00ednea, ha afirmado que \u00ablos poderes p\u00fablicos deben proporcionar atenci\u00f3n integral, de protecci\u00f3n, apoyo y recuperaci\u00f3n\u00bb.<\/p>\n<p>                <img decoding=\"async\" alt=\"Sira Rego (archivo)\" title=\"Sira Rego (archivo)\" src=\"https:\/\/www.europesays.com\/es\/wp-content\/uploads\/2025\/10\/190624-sira-rego.jpg\"\/><\/p>\n<p id=\"ctl00_PlaceHolderMain_DisplayMode_noticia_pImageCaption\" class=\"media-captionContainer rs_skip\">La ministra de Juventud e Infancia, Sira Rego (archivo)<\/p>\n<ul id=\"ctl00_PlaceHolderMain_DisplayMode_noticia_list_banner_home\" class=\"list-banner list-banner-no-border\">&#13;<\/p>\n<li class=\"BannerLi\">&#13;<br \/>\n\t\t\t\t\t<a title=\"Datos actualizados y ayudas del Plan de Respuesta Inmediata, Reconstrucci\u00f3n y Relanzamiento\" href=\"https:\/\/www.lamoncloa.gob.es\/info-dana\/Paginas\/index.aspx\" rel=\"nofollow noopener\" target=\"_blank\"><img decoding=\"async\" title=\"Datos actualizados y ayudas del Plan de Respuesta Inmediata, Reconstrucci\u00f3n y Relanzamiento\" src=\"https:\/\/www.europesays.com\/es\/wp-content\/uploads\/2025\/09\/1756890969_792_banner-noticias-dana.png\" alt=\"Datos actualizados y ayudas del Plan de Respuesta Inmediata, Reconstrucci\u00f3n y Relanzamiento\"\/><\/a>&#13;\n\t\t\t\t<\/li>\n<p>&#13;\n\t\t\t<\/ul>\n<p>\t\t\tM\u00e1s informaci\u00f3n\t<\/p>\n","protected":false},"excerpt":{"rendered":"Rego ha asegurado que la propuesta de reforma elaborada por su departamento \u00absupone convertir a la infancia en&hellip;\n","protected":false},"author":2,"featured_media":151026,"comment_status":"","ping_status":"","sticky":false,"template":"","format":"standard","meta":{"footnotes":""},"categories":[5],"tags":[17,18,25,24,13,14,11,19,20,9,10,15,16,23,12,21,22],"class_list":{"0":"post-151025","1":"post","2":"type-post","3":"status-publish","4":"format-standard","5":"has-post-thumbnail","7":"category-titulares","8":"tag-breaking-news","9":"tag-breakingnews","10":"tag-es","11":"tag-espana","12":"tag-featured-news","13":"tag-featurednews","14":"tag-headlines","15":"tag-latest-news","16":"tag-latestnews","17":"tag-news","18":"tag-noticias","19":"tag-noticias-destacadas","20":"tag-noticiasdestacadas","21":"tag-spain","22":"tag-titulares","23":"tag-ultimas-noticias","24":"tag-ultimasnoticias"},"share_on_mastodon":{"url":"","error":""},"_links":{"self":[{"href":"https:\/\/www.europesays.com\/es\/wp-json\/wp\/v2\/posts\/151025","targetHints":{"allow":["GET"]}}],"collection":[{"href":"https:\/\/www.europesays.com\/es\/wp-json\/wp\/v2\/posts"}],"about":[{"href":"https:\/\/www.europesays.com\/es\/wp-json\/wp\/v2\/types\/post"}],"author":[{"embeddable":true,"href":"https:\/\/www.europesays.com\/es\/wp-json\/wp\/v2\/users\/2"}],"replies":[{"embeddable":true,"href":"https:\/\/www.europesays.com\/es\/wp-json\/wp\/v2\/comments?post=151025"}],"version-history":[{"count":0,"href":"https:\/\/www.europesays.com\/es\/wp-json\/wp\/v2\/posts\/151025\/revisions"}],"wp:featuredmedia":[{"embeddable":true,"href":"https:\/\/www.europesays.com\/es\/wp-json\/wp\/v2\/media\/151026"}],"wp:attachment":[{"href":"https:\/\/www.europesays.com\/es\/wp-json\/wp\/v2\/media?parent=151025"}],"wp:term":[{"taxonomy":"category","embeddable":true,"href":"https:\/\/www.europesays.com\/es\/wp-json\/wp\/v2\/categories?post=151025"},{"taxonomy":"post_tag","embeddable":true,"href":"https:\/\/www.europesays.com\/es\/wp-json\/wp\/v2\/tags?post=151025"}],"curies":[{"name":"wp","href":"https:\/\/api.w.org\/{rel}","templated":true}]}}