{"id":151031,"date":"2025-10-01T17:10:12","date_gmt":"2025-10-01T17:10:12","guid":{"rendered":"https:\/\/www.europesays.com\/es\/151031\/"},"modified":"2025-10-01T17:10:12","modified_gmt":"2025-10-01T17:10:12","slug":"magomed-ankalaev-el-campeon-silencioso-de-la-ufc","status":"publish","type":"post","link":"https:\/\/www.europesays.com\/es\/151031\/","title":{"rendered":"Magomed Ankalaev, el campe\u00f3n silencioso de la UFC"},"content":{"rendered":"<p data-mrf-recirculation=\"Links P\u00e1rrafos\" class=\"ue-c-article__paragraph paragraph ue-c-article--first-letter-highlighted\">Este s\u00e1bado 4 de octubre, <strong>Magomed Ankalaev<\/strong> (21-1-1, 1 SR) realizar\u00e1 su primera defensa de cintur\u00f3n de peso semipesado ante <strong>Alex Pereira<\/strong> (12-3), el mismo hombre al que se lo arrebat\u00f3 hace m\u00e1s de medio a\u00f1o. En el <strong>UFC 313<\/strong> de marzo, &#8216;Ank&#8217; baj\u00f3 todo el <strong>hype<\/strong> puesto sobre la figura de Alex Pereira, que hasta ese momento era la mayor<strong> superestrella<\/strong> de la compa\u00f1\u00eda. Lo poco medi\u00e1tico que es el peleador de Daguest\u00e1n es<strong> inversamente proporcional<\/strong> al talento que atesora, y en la revancha ha prometido que<strong> finalizar\u00e1<\/strong> a &#8216;Poatan&#8217; para que su nombre empiece a estar situado en el <strong>sitio que merece.<\/strong><\/p>\n<p data-mrf-recirculation=\"Links P\u00e1rrafos\" class=\"ue-c-article__paragraph paragraph\">Ankalaev no tiene ese<strong> carisma<\/strong> natural que s\u00ed tiene Pereira. Ambos son peleadores de<strong> pocas palabras<\/strong>, pero el brasile\u00f1o con un simple &#8216;Chama&#8217; se gan\u00f3 el coraz\u00f3n de todos los fan\u00e1ticos. De hecho, era el <strong>favorito<\/strong> para el primer combate entre ambos. Sin embargo, Magomed prometi\u00f3 vencer a &#8216;Poatan&#8217; en el <strong>striking,<\/strong> su punto fuerte, y eso hizo. Al daguestan\u00ed no le hizo falta dar uso a su buen grappling para imponerse a Alex, que justific\u00f3 la derrota en <strong>problemas f\u00edsicos<\/strong> que le impidieron estar al 100%.<\/p>\n<p data-mrf-recirculation=\"Links P\u00e1rrafos\" class=\"ue-c-article__paragraph paragraph\">En esta ocasi\u00f3n, es &#8216;Ank&#8217; el que parte como favorito para la<strong> revancha<\/strong>, y est\u00e1 decidido a protagonizar una finalizaci\u00f3n para que la gente deje de <strong>dudar <\/strong>sobre su figura. Sus haters dicen que le escriben los tuits, que no tiene poder de comunicaci\u00f3n y que sus peleas son <strong>aburridas&#8230;<\/strong>\u00a0pero la realidad es que su \u00fanica derrota profesional fue ante <strong>Paul Craig<\/strong> por sumisi\u00f3n a falta de pocos segundos para el final de una pelea que hab\u00eda dominado en su totalidad. Un <strong>error <\/strong>que le cost\u00f3 el invicto.<\/p>\n<p data-mrf-recirculation=\"Links P\u00e1rrafos\" class=\"ue-c-article__paragraph paragraph\">M\u00e1s all\u00e1 de ese resultado y otro <strong>pol\u00e9mico empate<\/strong> contra Jan Blachowicz tras un aburrido combate con el <strong>cintur\u00f3n vacante<\/strong> en juego, Magomed ha vencido a<strong> grandes rivales<\/strong> como Aleksandar Rakic o Thiago Santos. En caso de volver a ganar a &#8216;Poatan&#8217;, escalar\u00eda varias posiciones en el r\u00e1nking <strong>libra por libra<\/strong>, aunque para que cesen las criticas su actuaci\u00f3n deber\u00e1 estar a la altura de las expectativas. Es un <strong>campe\u00f3n silencioso<\/strong>, y la prueba es que Pereira est\u00e1 haciendo <strong>m\u00e1s entrevistas<\/strong> que \u00e9l durante la semana de pelea. \u00c9l prefiere hablar en el oct\u00e1gono.<\/p>\n<p><img decoding=\"async\" width=\"1980\" height=\"1320\" class=\"ue-c-article__image lazyload\" alt=\"Alex Pereira ante Ankalaev.\" loading=\"lazy\" src=\"https:\/\/www.europesays.com\/es\/wp-content\/uploads\/2025\/09\/6880b9082f2ac.jpeg\"\/><\/p>\n<p>Alex Pereira ante Ankalaev.UFC.<\/p>\n<p>El doble cintur\u00f3n, una opci\u00f3n real<\/p>\n<p data-mrf-recirculation=\"Links P\u00e1rrafos\" class=\"ue-c-article__paragraph paragraph\">En los \u00faltimos a\u00f1os, est\u00e1 <strong>de moda<\/strong> en la UFC que los campeones de una divisi\u00f3n intenten subir a una categor\u00eda superior a por el<strong> doble cintur\u00f3n<\/strong>, y el caso de Ankalaev no es diferente. A pesar de que Dana White no es partidario de estos <strong>movimientos<\/strong> de manera asidua, los peleadores saben que el status de doble campe\u00f3n es un paso muy importante para agrandar su<strong> legado.<\/strong><\/p>\n<blockquote class=\"ue-c-article__blockquote\">\n<p>Quiz\u00e1s haga un par de peleas m\u00e1s, y ya suba a de categor\u00eda<\/p>\n<p>Magomed Ankalaev, campe\u00f3n de peso semipesado de la UFC<\/p><\/blockquote>\n<p data-mrf-recirculation=\"Links P\u00e1rrafos\" class=\"ue-c-article__paragraph paragraph\">Para ello, Ankalaev tendr\u00eda que subir a <strong>peso pesado<\/strong>, donde hay peleadores muy peligrosos como <strong>Tom Aspinall <\/strong>-campe\u00f3n-, Ciryl Gane, Jailton Almeida&#8230; Sin embargo, &#8216;Ank&#8217; cree que podr\u00eda tener <strong>\u00e9xito<\/strong> en la divisi\u00f3n. Eso s\u00ed, sabe que todav\u00eda tiene<strong> trabajo<\/strong> por hacer. \u00abEst\u00e1 en mis planes subir a peso pesado en un futuro. El tema de subir de peso ser\u00e1 f\u00e1cil, ya que subo r\u00e1pido a <strong>110 kilos.<\/strong> Quiz\u00e1s haga un par de peleas m\u00e1s, y ya suba a de categor\u00eda\u00bb, ha reconocido en una entrevista con &#8216;New York Post&#8217;.<\/p>\n<p data-mrf-recirculation=\"Links P\u00e1rrafos\" class=\"ue-c-article__paragraph paragraph\">El plan de Pereira es el mismo, por lo que <strong>pase lo que pase <\/strong>en este combate la divisi\u00f3n podr\u00eda quedarse <strong>hu\u00e9rfana<\/strong> en un par de combates. Tras el largo reinado de <strong>Jon Jones<\/strong>, esta categor\u00eda no ha vuelto a tener un campe\u00f3n de <strong>larga duraci\u00f3n<\/strong>, y parece que a corto plazo tampoco suceder\u00e1. Jan Blachowicz, Glover Teixeira, Jiri Prochazka, Jamahall Hill, Alex Pereira, Magomed Ankalaev&#8230; <strong>Seis campeones<\/strong> en cinco a\u00f1os. Ahora el rey es Ankalaev, pero este s\u00e1bado tendr\u00e1 en frente a una leyenda que promete un K.O. para volver a ser el <strong>\u00eddolo de masas<\/strong> que todos ten\u00edan como referencia.<\/p>\n","protected":false},"excerpt":{"rendered":"Este s\u00e1bado 4 de octubre, Magomed Ankalaev (21-1-1, 1 SR) realizar\u00e1 su primera defensa de cintur\u00f3n de peso&hellip;\n","protected":false},"author":2,"featured_media":151032,"comment_status":"","ping_status":"","sticky":false,"template":"","format":"standard","meta":{"footnotes":""},"categories":[276],"tags":[168,25,24,23,167,343],"class_list":{"0":"post-151031","1":"post","2":"type-post","3":"status-publish","4":"format-standard","5":"has-post-thumbnail","7":"category-ufc","8":"tag-deportes","9":"tag-es","10":"tag-espana","11":"tag-spain","12":"tag-sports","13":"tag-ufc"},"share_on_mastodon":{"url":"","error":""},"_links":{"self":[{"href":"https:\/\/www.europesays.com\/es\/wp-json\/wp\/v2\/posts\/151031","targetHints":{"allow":["GET"]}}],"collection":[{"href":"https:\/\/www.europesays.com\/es\/wp-json\/wp\/v2\/posts"}],"about":[{"href":"https:\/\/www.europesays.com\/es\/wp-json\/wp\/v2\/types\/post"}],"author":[{"embeddable":true,"href":"https:\/\/www.europesays.com\/es\/wp-json\/wp\/v2\/users\/2"}],"replies":[{"embeddable":true,"href":"https:\/\/www.europesays.com\/es\/wp-json\/wp\/v2\/comments?post=151031"}],"version-history":[{"count":0,"href":"https:\/\/www.europesays.com\/es\/wp-json\/wp\/v2\/posts\/151031\/revisions"}],"wp:featuredmedia":[{"embeddable":true,"href":"https:\/\/www.europesays.com\/es\/wp-json\/wp\/v2\/media\/151032"}],"wp:attachment":[{"href":"https:\/\/www.europesays.com\/es\/wp-json\/wp\/v2\/media?parent=151031"}],"wp:term":[{"taxonomy":"category","embeddable":true,"href":"https:\/\/www.europesays.com\/es\/wp-json\/wp\/v2\/categories?post=151031"},{"taxonomy":"post_tag","embeddable":true,"href":"https:\/\/www.europesays.com\/es\/wp-json\/wp\/v2\/tags?post=151031"}],"curies":[{"name":"wp","href":"https:\/\/api.w.org\/{rel}","templated":true}]}}