{"id":151034,"date":"2025-10-01T17:13:08","date_gmt":"2025-10-01T17:13:08","guid":{"rendered":"https:\/\/www.europesays.com\/es\/151034\/"},"modified":"2025-10-01T17:13:08","modified_gmt":"2025-10-01T17:13:08","slug":"antiviolencia-propone-multas-de-hasta-5-000-euros-a-38-personas-por-altercados-en-la-vuelta-a-espana-ciclismo-deportes","status":"publish","type":"post","link":"https:\/\/www.europesays.com\/es\/151034\/","title":{"rendered":"Antiviolencia propone multas de hasta 5.000 euros a 38 personas por altercados en la Vuelta a Espa\u00f1a | Ciclismo | Deportes"},"content":{"rendered":"<p class=\"\">La Comisi\u00f3n Estatal contra la Violencia, el Racismo, la Xenofobia y la Intolerancia en el Deporte acord\u00f3 este mi\u00e9rcoles proponer sanciones a 38 personas por incidentes acaecidos durante actos de protesta contra la participaci\u00f3n del equipo Israel-Premier Tech en La Vuelta Ciclista a Espa\u00f1a.<\/p>\n<p class=\"\">Las propuestas emitidas por la Oficina Nacional de Deportes (OND) de la Polic\u00eda Nacional contemplan <a href=\"https:\/\/elpais.com\/deportes\/2025-09-17\/antiviolencia-propone-sanciones-de-entre-3000-y-4000-euros-para-17-personas-implicadas-en-las-protestas-pro-palestina-en-la-vuelta-a-espana.html\" target=\"_self\" rel=\"nofollow noopener\" title=\"https:\/\/elpais.com\/deportes\/2025-09-17\/antiviolencia-propone-sanciones-de-entre-3000-y-4000-euros-para-17-personas-implicadas-en-las-protestas-pro-palestina-en-la-vuelta-a-espana.html\">multas de 1.500 a 5.000 euros por episodios registrados en las cuatro \u00faltimas etapas de la competici\u00f3n<\/a>, seg\u00fan inform\u00f3 este mi\u00e9rcoles el Ministerio del Interior.<\/p>\n<p class=\"\">Los expedientes corresponden a infracciones calificadas como leves o graves y se tramitan a trav\u00e9s Ley 19\/2007 de 11 de julio contra la violencia, el racismo, la xenofobia y la intolerancia en el deporte.<\/p>\n<p class=\"\">Adem\u00e1s, se a\u00f1aden prohibiciones de acceso a recintos deportivos por un periodo de hasta un a\u00f1o.<\/p>\n<p class=\"\">Por otra parte, la Comisi\u00f3n propuso multar 44 aficionados por los altercados protagonizados por dos asistentes a la 180\u00aa edici\u00f3n de las carreras de caballos de Sanl\u00facar de Barrameda (C\u00e1diz).<\/p>\n<p class=\"\">Seg\u00fan los expedientes, uno de los ciudadanos se enfrent\u00f3 a la seguridad cuando pretend\u00eda acceder a la zona de \u2018boxes\u2019 con un menor de edad. La Comisi\u00f3n plante\u00f3 una sanci\u00f3n de 5.000 euros y la prohibici\u00f3n de acceso a los recintos deportivos por 12 meses.<\/p>\n<p class=\"\">En el segundo episodio, otro ciudadano se encar\u00f3 a los agentes presentando rasgos de embriaguez. Se le propone una multa de 3.001 euros y la prohibici\u00f3n de acceso a los recintos deportivos por un periodo de seis meses por una infracci\u00f3n grave.<\/p>\n<p class=\"\">La Comisi\u00f3n Permanente de la Comisi\u00f3n Estatal contra la Violencia, el Racismo, la Xenofobia y la Intolerancia en el Deporte, que se re\u00fane dos veces al mes, est\u00e1 compuesta por representantes del Consejo Superior de Deportes (CSD), el Ministerio del Interior, el Cuerpo Nacional de Polic\u00eda, la Guardia Civil, la Real Federaci\u00f3n Espa\u00f1ola de F\u00fatbol (RFEF), LaLiga, la ACB y la Fiscal\u00eda General del Estado.<\/p>\n","protected":false},"excerpt":{"rendered":"La Comisi\u00f3n Estatal contra la Violencia, el Racismo, la Xenofobia y la Intolerancia en el Deporte acord\u00f3 este&hellip;\n","protected":false},"author":2,"featured_media":151035,"comment_status":"","ping_status":"","sticky":false,"template":"","format":"standard","meta":{"footnotes":""},"categories":[273],"tags":[313,2838,1540,68,312,168,25,24,74,33643,76,23,167,29262,7603],"class_list":{"0":"post-151034","1":"post","2":"type-post","3":"status-publish","4":"format-standard","5":"has-post-thumbnail","7":"category-ciclismo","8":"tag-ciclismo","9":"tag-ciclistas","10":"tag-competiciones","11":"tag-conflicto-arabe-israeli","12":"tag-cycling","13":"tag-deportes","14":"tag-es","15":"tag-espana","16":"tag-israel","17":"tag-javier-guillen","18":"tag-palestina","19":"tag-spain","20":"tag-sports","21":"tag-unipublic","22":"tag-vuelta-espana"},"share_on_mastodon":{"url":"","error":""},"_links":{"self":[{"href":"https:\/\/www.europesays.com\/es\/wp-json\/wp\/v2\/posts\/151034","targetHints":{"allow":["GET"]}}],"collection":[{"href":"https:\/\/www.europesays.com\/es\/wp-json\/wp\/v2\/posts"}],"about":[{"href":"https:\/\/www.europesays.com\/es\/wp-json\/wp\/v2\/types\/post"}],"author":[{"embeddable":true,"href":"https:\/\/www.europesays.com\/es\/wp-json\/wp\/v2\/users\/2"}],"replies":[{"embeddable":true,"href":"https:\/\/www.europesays.com\/es\/wp-json\/wp\/v2\/comments?post=151034"}],"version-history":[{"count":0,"href":"https:\/\/www.europesays.com\/es\/wp-json\/wp\/v2\/posts\/151034\/revisions"}],"wp:featuredmedia":[{"embeddable":true,"href":"https:\/\/www.europesays.com\/es\/wp-json\/wp\/v2\/media\/151035"}],"wp:attachment":[{"href":"https:\/\/www.europesays.com\/es\/wp-json\/wp\/v2\/media?parent=151034"}],"wp:term":[{"taxonomy":"category","embeddable":true,"href":"https:\/\/www.europesays.com\/es\/wp-json\/wp\/v2\/categories?post=151034"},{"taxonomy":"post_tag","embeddable":true,"href":"https:\/\/www.europesays.com\/es\/wp-json\/wp\/v2\/tags?post=151034"}],"curies":[{"name":"wp","href":"https:\/\/api.w.org\/{rel}","templated":true}]}}