{"id":151036,"date":"2025-10-01T17:14:11","date_gmt":"2025-10-01T17:14:11","guid":{"rendered":"https:\/\/www.europesays.com\/es\/151036\/"},"modified":"2025-10-01T17:14:11","modified_gmt":"2025-10-01T17:14:11","slug":"aston-martin-vuelve-a-su-sitio","status":"publish","type":"post","link":"https:\/\/www.europesays.com\/es\/151036\/","title":{"rendered":"Aston Martin vuelve a su sitio"},"content":{"rendered":"<p class=\"\">No tiene <b>Aston Martin<\/b> el coche m\u00e1s brillante de la zona media en 2025, pero tampoco es el farolillo rojo. Hace dos semanas, en Bak\u00fa, se dio lo que ya hab\u00eda sucedido antes en Spa-Francorchamps, y lo hab\u00eda maquillado la buena clasificaci\u00f3n de <b>Alonso <\/b>en Monza: <b>el AMR25 sufre mucho en circuitos de baja carga aerodin\u00e1mica y alta eficiencia,<\/b> es un punto d\u00e9bil heredado del AMR24 y ni siquiera el aler\u00f3n delantero estrenado en B\u00e9lgica, que tan buen resultado dio en Hungr\u00eda y Holanda, ha podido revitalizar al Aston en esta clase de circuitos. <b>\u201cEn Singapur volveremos a la normalidad. <\/b>Pero la normalidad es tener un coche para luchar entre el 11\u00ba y el 15\u00ba. Si lo tengo, creo que puntuar\u00e9\u201d, asegur\u00f3 Alonso a AS tras un domingo dif\u00edcil en Azerbaiy\u00e1n (15\u00ba).<\/p>\n<p class=\"\"><b>Mike Krack,<\/b> ingeniero jefe de pista de Aston Martin, resumi\u00f3: \u201cSab\u00edamos que tendr\u00edamos pocas posibilidades en la carrera y los puntos estuvieron fuera de nuestro alcance. La mayor\u00eda de coches pararon solo una vez, como nosotros, y el neum\u00e1tico medio rindi\u00f3 bien con baja degradaci\u00f3n. Eso limit\u00f3 las opciones estrat\u00e9gicas e hizo una carrera bastante directa. <b>Nos faltaba ritmo, aunque los dos pilotos lucharan\u201d. <\/b>Fernando marcha 14\u00ba en el Mundial con 30 puntos, aunque no est\u00e1 tan lejos del d\u00e9cimo de Hulkenberg (37). Aston es s\u00e9ptimo y en las \u00faltimas tres carreras ha visto marchar a Williams y Racing Bulls. <\/p>\n<p class=\"\"><b>El AMR25 tiene poca velocidad punta en comparaci\u00f3n con los rivales directos, as\u00ed que tuvieron que sacrificar carga en el sector intermedio <\/b>para poder defenderse en la recta de 2,2 kil\u00f3metros de Bak\u00fa, la m\u00e1s larga del Mundial. De hecho, Fernando estuvo entre los mejores en velocidad m\u00e1xima el s\u00e1bado en clasificaci\u00f3n (4\u00ba, 341,9 km\/h) y fue el tercero m\u00e1s r\u00e1pido en el tercer sector, el de la recta. Pero para recortar ah\u00ed dos d\u00e9cimas por ejemplo al Williams de Sainz, tuvieron que ceder hasta seis d\u00e9cimas en el parcial intermedio, en la zona m\u00e1s revirada del urbano del Caspio.<\/p>\n<p class=\"\">Este fin de semana la F1 sigue siendo urbana, pero <b>en Marina Bay los equipos recuperan las configuraciones de alta carga aerodin\u00e1mica <\/b>para salvar esa sucesi\u00f3n de curvas cortas tediosas m\u00e1s el calor y la humedad extremos en un clima tropical. Hist\u00f3ricamente, se se\u00f1al\u00f3 a Singapur como uno de esos circuitos en los que puede pasar casi de todo, porque los muros apenas permiten adelantamientos el domingo y la estrategia siempre se ve salpicada por los coches de seguridad o banderas rojas. Pero conviene no ilusionarse en exceso: este a\u00f1o todos los pilotos menos Colapinto han logrado un Top-6; y Hulkenberg, Hadjar o Sainz han subido al podio, as\u00ed que<b> no hay una sola escuder\u00eda capaz de capitalizar un buen puesto si alguno de los grandes falla.<\/b> <\/p>\n<p>Noticias relacionadas<a href=\"https:\/\/as.com\/motor\/formula_1\/gp-de-singapur-de-f1-tv-horarios-y-donde-ver-las-carreras-en-marina-bay-en-directo-online-n-2\/\" class=\"s_m_w\" title=\"Conoce la fecha, hora, d\u00f3nde ver en directo por televisi\u00f3n y c\u00f3mo seguir en vivo online el GP de Singapur 2025 de F\u00f3rmula 1 en Marina Bay, 18\u00aa cita del a\u00f1o.\" data-tb-link=\"\" rel=\"nofollow noopener\" target=\"_blank\"><img decoding=\"async\" src=\"https:\/\/www.europesays.com\/es\/wp-content\/uploads\/2025\/10\/LLJVCUVW6BHIHE3H5WP7AZCHCI.jpg\" alt=\"GP de Singapur de F1: TV, horarios y d\u00f3nde ver las carreras en Marina Bay en directo online\" class=\"\" height=\"1\" width=\"1\"   loading=\"lazy\" data-tb-thumbnail=\"\"\/><\/a><a href=\"https:\/\/as.com\/motor\/formula_1\/alonso-20-anos-y-una-mision-n\/\" class=\"s_m_w\" title=\"Se cumplen dos d\u00e9cadas del primer t\u00edtulo de Fernando en Brasil 2005. \u201cNunca pens\u00e9 seguir en F1 veinte a\u00f1os despu\u00e9s\u201d, reconoce el piloto.\" data-tb-link=\"\" rel=\"nofollow noopener\" target=\"_blank\"><img decoding=\"async\" src=\"https:\/\/www.europesays.com\/es\/wp-content\/uploads\/2025\/10\/P5W7B3ERTZBKVG7THBUJ3E6BAI.jpg\" alt=\"Alonso: dos d\u00e9cadas y una misi\u00f3n\" class=\"\" height=\"1\" width=\"1\"   loading=\"lazy\" data-tb-thumbnail=\"\"\/><\/a><\/p>\n<p class=\"\">Alonso fue octavo en 2024, y es cierto que ha puntuado regularmente con coches m\u00e1s bien reguleros, valga la redundancia. Pero <b>el \u00faltimo podio en esta pista para el espa\u00f1ol fue en 2013, a\u00fan con Ferrari. <\/b>En realidad, el \u00fanico fen\u00f3meno paranormal reciente que ha propiciado este circuito es el hecho de que Verstappen no haya ganado nunca. Pero hasta eso tiene m\u00e1s f\u00e1cil soluci\u00f3n que un podio de Aston Martin en 2025.<\/p>\n<p class=\"\"><b>\u00a1Tus opiniones importan!<\/b> Comenta en los art\u00edculos y suscr\u00edbete gratis a nuestra <a href=\"https:\/\/asfan.as.com\/newsletters\/\" target=\"_blank\" rel=\"nofollow noopener\" title=\"https:\/\/asfan.as.com\/newsletters\/\">newsletter<\/a> y a las alertas informativas en la <a href=\"https:\/\/as.com\/aplicacion-de-as-n\/\" target=\"_blank\" rel=\"nofollow noopener\" title=\"https:\/\/as.com\/aplicacion-de-as-n\/\">App<\/a> o el canal de <a href=\"https:\/\/www.whatsapp.com\/channel\/0029VaAasdA7j6g745nz9M10\" target=\"_blank\" rel=\"nofollow noopener\" title=\"https:\/\/www.whatsapp.com\/channel\/0029VaAasdA7j6g745nz9M10\">WhatsApp<\/a>. \u00bfBuscas licenciar contenido? Haz clic <a href=\"https:\/\/profesional.elpais.com\/soluciones-sindicacion?utm_medium=interno&amp;utm_source=crosslinking&amp;utm_campaign=sindicacion_as_pie_articulos\" target=\"_blank\" rel=\"nofollow noopener\" title=\"https:\/\/profesional.elpais.com\/soluciones-sindicacion?utm_medium=interno&amp;utm_source=crosslinking&amp;utm_campaign=sindicacion_as_pie_articulos\">aqu\u00ed<\/a><\/p>\n","protected":false},"excerpt":{"rendered":"No tiene Aston Martin el coche m\u00e1s brillante de la zona media en 2025, pero tampoco es el&hellip;\n","protected":false},"author":2,"featured_media":151037,"comment_status":"","ping_status":"","sticky":false,"template":"","format":"standard","meta":{"footnotes":""},"categories":[270],"tags":[168,25,24,306,271,272,23,167],"class_list":{"0":"post-151036","1":"post","2":"type-post","3":"status-publish","4":"format-standard","5":"has-post-thumbnail","7":"category-formula-1","8":"tag-deportes","9":"tag-es","10":"tag-espana","11":"tag-f1","12":"tag-formula-1","13":"tag-formula1","14":"tag-spain","15":"tag-sports"},"share_on_mastodon":{"url":"","error":""},"_links":{"self":[{"href":"https:\/\/www.europesays.com\/es\/wp-json\/wp\/v2\/posts\/151036","targetHints":{"allow":["GET"]}}],"collection":[{"href":"https:\/\/www.europesays.com\/es\/wp-json\/wp\/v2\/posts"}],"about":[{"href":"https:\/\/www.europesays.com\/es\/wp-json\/wp\/v2\/types\/post"}],"author":[{"embeddable":true,"href":"https:\/\/www.europesays.com\/es\/wp-json\/wp\/v2\/users\/2"}],"replies":[{"embeddable":true,"href":"https:\/\/www.europesays.com\/es\/wp-json\/wp\/v2\/comments?post=151036"}],"version-history":[{"count":0,"href":"https:\/\/www.europesays.com\/es\/wp-json\/wp\/v2\/posts\/151036\/revisions"}],"wp:featuredmedia":[{"embeddable":true,"href":"https:\/\/www.europesays.com\/es\/wp-json\/wp\/v2\/media\/151037"}],"wp:attachment":[{"href":"https:\/\/www.europesays.com\/es\/wp-json\/wp\/v2\/media?parent=151036"}],"wp:term":[{"taxonomy":"category","embeddable":true,"href":"https:\/\/www.europesays.com\/es\/wp-json\/wp\/v2\/categories?post=151036"},{"taxonomy":"post_tag","embeddable":true,"href":"https:\/\/www.europesays.com\/es\/wp-json\/wp\/v2\/tags?post=151036"}],"curies":[{"name":"wp","href":"https:\/\/api.w.org\/{rel}","templated":true}]}}