{"id":151044,"date":"2025-10-01T17:18:12","date_gmt":"2025-10-01T17:18:12","guid":{"rendered":"https:\/\/www.europesays.com\/es\/151044\/"},"modified":"2025-10-01T17:18:12","modified_gmt":"2025-10-01T17:18:12","slug":"una-escultura-de-jose-molares-homenajea-a-los-peregrinos-en-a-ramallosa","status":"publish","type":"post","link":"https:\/\/www.europesays.com\/es\/151044\/","title":{"rendered":"Una escultura de Jos\u00e9 Molares homenajea a los peregrinos en A Ramallosa"},"content":{"rendered":"<p>            <a href=\"https:\/\/telemarinas.com\/wp-content\/uploads\/2025\/10\/jose-molares-escultura-peregrinos.jpeg\" data-caption=\"\" rel=\"nofollow noopener\" target=\"_blank\"><img loading=\"lazy\" width=\"696\" height=\"522\" class=\"entry-thumb td-modal-image lazyload\" alt=\"\" title=\"Jose\u0301 Molares escultura peregrinos\" src=\"https:\/\/www.europesays.com\/es\/wp-content\/uploads\/2025\/10\/jose-molares-escultura-peregrinos-696x522.jpeg\" decoding=\"async\"  data- data-eio-rwidth=\"696\" data-eio-rheight=\"522\"\/><\/a><\/p>\n<p data-start=\"408\" data-end=\"767\"><strong>El Concello de Nigr\u00e1n ha recepcionado la escultura en homenaje a los peregrinos realizada por el reconocido artista Jos\u00e9 Molares. La obra, fundida en bronce y con unas dimensiones de 2,30 metros de alto por 1,30 de ancho, representa a una peregrina en plena traves\u00eda y se convertir\u00e1 en un nuevo s\u00edmbolo del municipio.<\/strong><\/p>\n<p data-start=\"769\" data-end=\"1076\">La pieza permanecer\u00e1 provisionalmente en dependencias municipales a la espera de obtener autorizaci\u00f3n para instalarla en la Alameda de A Ramallosa, concretamente en la zona verde pr\u00f3xima al Centro de la Tercera Edad, despu\u00e9s de que la Xunta rechazara su colocaci\u00f3n en la rotonda junto al puente del Mi\u00f1or.<\/p>\n<p data-start=\"1078\" data-end=\"1404\">El alcalde de Nigr\u00e1n, Juan Gonz\u00e1lez, destac\u00f3 la importancia de esta incorporaci\u00f3n art\u00edstica. \u201cSer\u00e1 un emblema de Nigr\u00e1n que nos vincular\u00e1 m\u00e1is a\u00ednda co Cami\u00f1o Portugu\u00e9s pola Costa; resulta verdadeiramente espectacular, estamos abraiados co traballo realizado\u201d, se\u00f1al\u00f3 durante la recepci\u00f3n de la escultura junto a su autor.<\/p>\n<p data-start=\"1406\" data-end=\"1580\">La obra ha supuesto una inversi\u00f3n de 77.000 euros, financiada con cargo a las bajas que corresponden a Nigr\u00e1n dentro del Plan Concellos 2022 de la Diputaci\u00f3n de Pontevedra.<\/p>\n<p data-start=\"1637\" data-end=\"1931\">El encargo recay\u00f3 en Jos\u00e9 Molares, artista afincado en A Ramallosa y autor de obras p\u00fablicas tan emblem\u00e1ticas como la escultura dedicada a Julio Verne en Vigo, el Paseo de los Peces en Bouzas, la fuente de la vendimia en Salceda o el homenaje a las visitas papales en la Catedral de Santiago.<\/p>\n<p data-start=\"1933\" data-end=\"2404\">La propuesta de erigir un monumento vinculado al Camino de Santiago parti\u00f3 de la Asociaci\u00f3n de Empresarios Ovalmi, que traslad\u00f3 al Concello la idea de rendir tributo a los miles de peregrinos que cada a\u00f1o atraviesan el municipio. \u201cPareceunos m\u00e1is que acertado que un artista nigran\u00e9s de fama mundial como Jos\u00e9 Molares fose quen materializase esta idea\u2026 Encantounos a idea, encantounos o bosquexo, e hoxe estamos marabillados co seu resultado\u201d, reconoci\u00f3 el regidor.<\/p>\n<p data-start=\"2457\" data-end=\"2903\">El gobierno local recuerda que el Camino Portugu\u00e9s por la Costa bate r\u00e9cords a\u00f1o tras a\u00f1o, con m\u00e1s de 36.000 peregrinos en lo que va de 2025, en su mayor\u00eda extranjeros. Para potenciar este atractivo, el Concello ha creado la web espec\u00edfica <a class=\"decorated-link\" href=\"http:\/\/www.caminonigran.com\" target=\"_blank\" rel=\"noopener nofollow\" data-start=\"2697\" data-end=\"2748\">Camino Nigr\u00e1n<\/a> regala a los caminantes las \u201cchuches inclusivas\u201d de Minimelis, fabricadas en Nigr\u00e1n, y financia cursos de ingl\u00e9s b\u00e1sico para el personal de hosteler\u00eda.<\/p>\n<p data-start=\"2905\" data-end=\"3076\">\u201cTodas estas iniciativas contrib\u00faen a constru\u00edr unha imaxe amable e hospitalaria de Nigr\u00e1n, que \u00e9 o que queremos que transmitan a s\u00faa volta a casa\u201d, concluy\u00f3 Gonz\u00e1lez.<\/p>\n<p data-start=\"2905\" data-end=\"3076\"><a href=\"http:\/\/nigran.es\" target=\"_blank\" rel=\"noopener nofollow\"><img fetchpriority=\"high\" decoding=\"async\" class=\"size-full wp-image-116634 aligncenter\" src=\"https:\/\/www.europesays.com\/es\/wp-content\/uploads\/2025\/10\/banner-nigran-22.gif\" alt=\"\" width=\"300\" height=\"300\"\/><\/a><\/p>\n","protected":false},"excerpt":{"rendered":"El Concello de Nigr\u00e1n ha recepcionado la escultura en homenaje a los peregrinos realizada por el reconocido artista&hellip;\n","protected":false},"author":2,"featured_media":151045,"comment_status":"","ping_status":"","sticky":false,"template":"","format":"standard","meta":{"footnotes":""},"categories":[173],"tags":[45817,229,233,231,230,232,234,146,147,25,1246,24,45818,45819,23],"class_list":{"0":"post-151044","1":"post","2":"type-post","3":"status-publish","4":"format-standard","5":"has-post-thumbnail","7":"category-arte-y-diseno","8":"tag-a-ramallosa","9":"tag-arte","10":"tag-arte-y-diseno","11":"tag-arts","12":"tag-arts-and-design","13":"tag-design","14":"tag-diseno","15":"tag-entertainment","16":"tag-entretenimiento","17":"tag-es","18":"tag-escultura","19":"tag-espana","20":"tag-jose-molares","21":"tag-nigran1","22":"tag-spain"},"share_on_mastodon":{"url":"","error":""},"_links":{"self":[{"href":"https:\/\/www.europesays.com\/es\/wp-json\/wp\/v2\/posts\/151044","targetHints":{"allow":["GET"]}}],"collection":[{"href":"https:\/\/www.europesays.com\/es\/wp-json\/wp\/v2\/posts"}],"about":[{"href":"https:\/\/www.europesays.com\/es\/wp-json\/wp\/v2\/types\/post"}],"author":[{"embeddable":true,"href":"https:\/\/www.europesays.com\/es\/wp-json\/wp\/v2\/users\/2"}],"replies":[{"embeddable":true,"href":"https:\/\/www.europesays.com\/es\/wp-json\/wp\/v2\/comments?post=151044"}],"version-history":[{"count":0,"href":"https:\/\/www.europesays.com\/es\/wp-json\/wp\/v2\/posts\/151044\/revisions"}],"wp:featuredmedia":[{"embeddable":true,"href":"https:\/\/www.europesays.com\/es\/wp-json\/wp\/v2\/media\/151045"}],"wp:attachment":[{"href":"https:\/\/www.europesays.com\/es\/wp-json\/wp\/v2\/media?parent=151044"}],"wp:term":[{"taxonomy":"category","embeddable":true,"href":"https:\/\/www.europesays.com\/es\/wp-json\/wp\/v2\/categories?post=151044"},{"taxonomy":"post_tag","embeddable":true,"href":"https:\/\/www.europesays.com\/es\/wp-json\/wp\/v2\/tags?post=151044"}],"curies":[{"name":"wp","href":"https:\/\/api.w.org\/{rel}","templated":true}]}}