{"id":151048,"date":"2025-10-01T17:20:13","date_gmt":"2025-10-01T17:20:13","guid":{"rendered":"https:\/\/www.europesays.com\/es\/151048\/"},"modified":"2025-10-01T17:20:13","modified_gmt":"2025-10-01T17:20:13","slug":"vivia-en-una-chabola-que-mi-abuelo-construyo-con-sus-propias-manos-durante-la-posguerra","status":"publish","type":"post","link":"https:\/\/www.europesays.com\/es\/151048\/","title":{"rendered":"Viv\u00eda en una chabola que mi abuelo construy\u00f3 con sus propias manos durante la posguerra"},"content":{"rendered":"<p><a href=\"https:\/\/www.lecturas.com\/television\/vicente-valles-confiesa-pablo-motos-el-hormiguero-que-se-dedica-realmente-cuando-no-esta-antena-noticias_155653\" target=\"_self\" rel=\"nofollow noopener\">Vicente Vall\u00e9s<\/a> (62 a\u00f1os) es un rostro recurrente en <a href=\"https:\/\/www.lecturas.com\/television\/luis-zahera-cuenta-hormiguero-vez-que-estuvo-punto-morir-por-culpa-unos-cerdos_181990\" target=\"_self\" rel=\"nofollow noopener\">&#8216;El Hormiguero&#8217;<\/a>. Esta vez, el periodista regresa al programa para hablar de su nueva novela, &#8216;La Caza del Ejecutor&#8217;. Tras el <strong>\u00e9xito de &#8216;Operaci\u00f3n Kaz\u00e1n&#8217;<\/strong>, el periodista se consolida como uno de los narradores m\u00e1s adictivos del panorama actual y demuestra que domina la geopol\u00edtica actual como pocos. La historia comienza con el asesinato de un alto responsable del espionaje ruso a manos de un ejecutor de traidores. Su asesinato es solo el primero. Las v\u00edctimas saben demasiado sobre un plan que pondr\u00eda a Europa al borde de una guerra.<\/p>\n<p>El periodista analizar\u00e1 junto a\u00a0<a href=\"https:\/\/www.lecturas.com\/blogs\/jorge-javier-vazquez\/pablo-motos-es-poco-generoso-tiene-afan-desmedido-por-ser-unico_166638\" target=\"_self\" rel=\"nofollow noopener\">Pablo Motos<\/a> (60 a\u00f1os) y sus hormigas la situaci\u00f3n pol\u00edtica actual. Es un apasionado del periodismo. Tambi\u00e9n del deporte y la m\u00fasica, pero decidi\u00f3 hacer carrera en la primera. Se licenci\u00f3\u00a0en Periodismo en la Facultad de Ciencias de la Informaci\u00f3n de la Universidad Complutense de Madrid en 1986. De ah\u00ed, salt\u00f3 a la radio. Su carrera comenz\u00f3 en &#8216;Hoy por hoy&#8217; y &#8216;Hora 25&#8217;, de la cadena SER.<\/p>\n<p>Solo dos a\u00f1os despu\u00e9s le lleg\u00f3 su primera oportunidad en televisi\u00f3n. Fich\u00f3 como redactor de deportes en TVE. Casi cuatro d\u00e9cadas despu\u00e9s y habiendo dejado su sello en Telemadrid, Telecinco y TVE, el madrile\u00f1o se ha posicionado como uno de los mejores presentadores del pa\u00eds. A d\u00eda de hoy, desempe\u00f1a sus funciones en Noticias 2, de Antena 3. Adem\u00e1s, hace apenas unos meses fue\u00a0<strong>investido doctor honoris causa <\/strong>por la Universidad Internacional de Valencia.\u00a0<\/p>\n<p>La dif\u00edcil infancia de Vicente Vall\u00e9s<\/p>\n<p>Detr\u00e1s del rostro de Antena 3 Noticias, hay un hombre de or\u00edgenes muy humildes. Creci\u00f3 entre \u00abchabolas\u00bb. \u00abEl primer recuerdo que yo creo tener de mi infancia es el de, siendo muy peque\u00f1ito, estar en mi barrio, que era Vallecas, en una calle llena de barro porque no estaba asfaltada. Nac\u00ed en un barrio de chabolas que hab\u00eda detr\u00e1s del campo del Rayo Vallecano\u00bb, cont\u00f3 en una entrevista con ZendaLibros. Entonces, viv\u00eda en una casa construida por su abuelo \u00abcon sus propias manos durante la posguerra\u00bb.<\/p>\n<p>El gusanillo del periodismo le pic\u00f3 siendo un ni\u00f1o, cuando le\u00eda a diario el peri\u00f3dico con su padre. Lleva m\u00e1s de cuarenta a\u00f1os trabajando como periodista. En este tiempo,\u00a0le ha tocado informar de todo tipo de noticias: desde los atentados del 11-S en Nueva York, el 11-M en Madrid o la propia pandemia.<\/p>\n<p>\u201cHa habido momentos mejores y otros peores, pero estoy muy orgulloso de todos los premios que me han concedido. Al final, el gran \u00e9xito es que si tienes una ilusi\u00f3n poder cumplirla, yo desde muy jovencito quer\u00eda ser periodista y lo he cumplido\u00bb, expon\u00eda. La mejor noticia que ha dado, seg\u00fan el propio periodista, ha sido la de la existencia de una vacuna contra el Covid.<\/p>\n<p>Su faceta menos conocida<\/p>\n<p>No todo es trabajo en la vida de Vicente Vall\u00e9s. El periodista es un fiel seguidor del Atl\u00e9tico de Madrid y del tenis y un apasionado por la m\u00fasica. \u00abMe encanta la m\u00fasica, mi tercera vocaci\u00f3n tras el f\u00fatbol y la m\u00fasica era el periodismo. Me gusta el rock y me encanta ACDC\u00bb, cont\u00f3 en \u2018Joaqu\u00edn, el novato\u2019. En su lista de reproducci\u00f3n tampoco faltan Los Beatles y Supertramp, adem\u00e1s de por David Bowie.<\/p>\n<p><img loading=\"lazy\" decoding=\"async\"   src=\"https:\/\/www.europesays.com\/es\/wp-content\/uploads\/2025\/10\/vincente-valles-y-angeles-blanco_e7bd3b2b_251001145943_1200x858.webp.webp\" alt=\"Vincente Vall\u00e9s y \u00c1ngeles Blanco\" class=\"lazyload\" width=\"1200\" height=\"858\" data-aspectratio=\"1200\/858\"\/><\/p>\n<p>Vincente Vall\u00e9s y \u00c1ngeles Blanco se conocieron en los pasillos de Telecinco<\/p>\n<p>&#13;GTRES<\/p>\n<p>Vicente Vall\u00e9s comparte su d\u00eda a d\u00eda con\u00a0su compa\u00f1era de profesi\u00f3n y rival televisiva, la periodista \u00c1ngeles Blanco. Sus caminos se cruzaron por los pasillos de Telecinco, concretamente en la edici\u00f3n de Fin de Semana de Informativos en 1999. Sin embargo, su relaci\u00f3n no empez\u00f3 hasta a\u00f1os despu\u00e9s. Tienen un hijo en com\u00fan, Daniel, que naci\u00f3 en 2013. Vall\u00e9s tiene otros dos hijos de su primer matrimonio con la tambi\u00e9n periodista Luc\u00eda M\u00e9ndez, Laura y Diego.<\/p>\n","protected":false},"excerpt":{"rendered":"Vicente Vall\u00e9s (62 a\u00f1os) es un rostro recurrente en &#8216;El Hormiguero&#8217;. Esta vez, el periodista regresa al programa&hellip;\n","protected":false},"author":2,"featured_media":151049,"comment_status":"","ping_status":"","sticky":false,"template":"","format":"standard","meta":{"footnotes":""},"categories":[171],"tags":[146,147,25,24,23,214],"class_list":{"0":"post-151048","1":"post","2":"type-post","3":"status-publish","4":"format-standard","5":"has-post-thumbnail","7":"category-tv","8":"tag-entertainment","9":"tag-entretenimiento","10":"tag-es","11":"tag-espana","12":"tag-spain","13":"tag-tv"},"share_on_mastodon":{"url":"","error":""},"_links":{"self":[{"href":"https:\/\/www.europesays.com\/es\/wp-json\/wp\/v2\/posts\/151048","targetHints":{"allow":["GET"]}}],"collection":[{"href":"https:\/\/www.europesays.com\/es\/wp-json\/wp\/v2\/posts"}],"about":[{"href":"https:\/\/www.europesays.com\/es\/wp-json\/wp\/v2\/types\/post"}],"author":[{"embeddable":true,"href":"https:\/\/www.europesays.com\/es\/wp-json\/wp\/v2\/users\/2"}],"replies":[{"embeddable":true,"href":"https:\/\/www.europesays.com\/es\/wp-json\/wp\/v2\/comments?post=151048"}],"version-history":[{"count":0,"href":"https:\/\/www.europesays.com\/es\/wp-json\/wp\/v2\/posts\/151048\/revisions"}],"wp:featuredmedia":[{"embeddable":true,"href":"https:\/\/www.europesays.com\/es\/wp-json\/wp\/v2\/media\/151049"}],"wp:attachment":[{"href":"https:\/\/www.europesays.com\/es\/wp-json\/wp\/v2\/media?parent=151048"}],"wp:term":[{"taxonomy":"category","embeddable":true,"href":"https:\/\/www.europesays.com\/es\/wp-json\/wp\/v2\/categories?post=151048"},{"taxonomy":"post_tag","embeddable":true,"href":"https:\/\/www.europesays.com\/es\/wp-json\/wp\/v2\/tags?post=151048"}],"curies":[{"name":"wp","href":"https:\/\/api.w.org\/{rel}","templated":true}]}}