{"id":151050,"date":"2025-10-01T17:21:15","date_gmt":"2025-10-01T17:21:15","guid":{"rendered":"https:\/\/www.europesays.com\/es\/151050\/"},"modified":"2025-10-01T17:21:15","modified_gmt":"2025-10-01T17:21:15","slug":"silvio-el-rockero-que-vivio-deprisa-y-dejo-un-legado-inmortal","status":"publish","type":"post","link":"https:\/\/www.europesays.com\/es\/151050\/","title":{"rendered":"Silvio, el rockero que vivi\u00f3 deprisa y dej\u00f3 un legado inmortal"},"content":{"rendered":"<p style=\"\">\u00bfC\u00f3mo habr\u00eda vivido Silvio si hubiera llegado a los 80, en esta \u00e9poca? \u00abLo habr\u00eda hecho con la misma distancia que vivi\u00f3 la otra\u00bb, responde <strong>Pive Amador<\/strong> (Sevilla, 1950), <strong>m\u00e1nager, bater\u00eda, autor,<\/strong> padre y hermano peque\u00f1o a la vez, <strong>fiel escudero, leal <\/strong> &#8230; <strong>amigo<\/strong> (dice que le dio el \u00faltimo cigarro antes de morir) y gran admirador de la filosof\u00eda del m\u00fasico, fallecido en el Virgen del Roc\u00edo el 1 de octubre de 2001 con apenas 56 a\u00f1os, v\u00edctima \u00abde s\u00ed mismo\u00bb, como recuerda Amador se escribi\u00f3 en la cr\u00f3nica de su multitudinario entierro.<\/p>\n<p class=\"voc-p\" style=\"\">Todo el que conoci\u00f3 y roz\u00f3 a <strong>Fern\u00e1ndez Melgarejo<\/strong> (La Roda de Andaluc\u00eda, 1945) se llev\u00f3 \u00abun magn\u00edfico recuerdo de \u00e9l\u00bb. Por su forma de actuar y, sobre todo, de ser. Inclasificable e irrepetible. \u00abCon su categor\u00eda filos\u00f3fica y su bondad no habr\u00e1 otro igual\u00bb, dice el tambi\u00e9n coautor (junto a Alfredo Valenzuela) del libro <strong>&#8216;Vengo buscando pelea&#8217;,<\/strong> una especie de biograf\u00eda de un pionero del rock andaluz que no quiso salir de su tierra para expandir su fama. No persegu\u00eda el \u00e9xito, pero lo tuvo, en buena parte por su talento indefinible, pero empujado sobre todo por el trabajo de quienes le rodeaban, especialmente el de Pive. \u00ab<strong>Era un vago,<\/strong> pero las dos o tres canciones que escribi\u00f3 estaban muy bien, a las que yo hac\u00eda sol\u00eda a\u00f1adirle algo, era muy f\u00e1cil trabajar con \u00e9l\u00bb.<\/p>\n<p class=\"voc-p\" style=\"\"><strong>-Un buen compa\u00f1ero.<\/strong><\/p>\n<p class=\"voc-p\" style=\"\">\u00abMuy bien elegida la palabra, a \u00e9l le gustaba mucho la etimolog\u00eda y siempre recordaba que compa\u00f1ero significaba &#8216;compartir el pan&#8217;\u00bb. Su <strong>figura era heterodoxa, su fe can\u00f3nica.<\/strong> \u00abDec\u00eda que Cristo era la mejor costumbre. Ten\u00eda un respeto profundo por la figura de Cristo\u00bb, recuerda Amador sobre la voz de <strong>&#8216;Rezar\u00e9&#8217; o &#8216;La Pura Concepci\u00f3n&#8217;.<\/strong> Pero el sevillano no se encomendaba a la Virgen cuando sal\u00eda a cantar, sino al Esp\u00edritu Santo, consciente de que m\u00e1s que contar ten\u00eda que transmitir. Aunque Silvio, excesivo y descomunal, no se transfiguraba sobre el escenario, sino que \u00e9ste era una prolongaci\u00f3n de su forma de ser en la calle: travieso, impredecible, divertido, salvaje, \u00fanico.<\/p>\n<p>          <img decoding=\"async\" loading=\"lazy\" src=\"https:\/\/www.europesays.com\/es\/wp-content\/uploads\/2025\/10\/silvio-en-bar-U84351481830jEv-760x427@diario_abc.jpeg\" class=\"voc-img\" width=\"760\" height=\"427\" alt=\"Silvio, detr\u00e1s de la barra de un bar\" data-voc-vtm-id=\"in-text-traffic\"\/><\/p>\n<p>            Silvio, detr\u00e1s de la barra de un bar<\/p>\n<p>             ABC<\/p>\n<p class=\"voc-p\" style=\"\">\u00abEra una <strong>mezcla del blanco Presley y el negro Ray Charles.<\/strong> Tambi\u00e9n admiraba la m\u00fasica italiana y a Antonio Molina, era gran fan suyo. Adem\u00e1s, como medio gitano, ten\u00eda un fondo flamenco\u00bb, apunta el que fuera bater\u00eda de algunos de los grupos de Silvio. Tambi\u00e9n fue Pive su descubridor como cantante. \u00c9l se autodefine como su \u00abbatuter\u00eda\u00bb. Recuerda que lo conoci\u00f3 a mediados de los 70, cuando el de La Roda volvi\u00f3 a Sevilla tras <strong>romper su matrimonio con una rica inglesa<\/strong>. Se hab\u00edan casado dos a\u00f1os atr\u00e1s en la iglesia del Cachorro, en Triana. M\u00e1s bien <strong>lo abandon\u00f3 ella,<\/strong> cansada de la mala vida que llevaba su pareja. \u00abVolvi\u00f3 arruinado y amargado porque sab\u00eda que no iba a volver a ver a su hijo\u00bb, explica. <\/p>\n<p>          <img decoding=\"async\" loading=\"lazy\" src=\"https:\/\/www.europesays.com\/es\/wp-content\/uploads\/2025\/10\/pive-amador-U33806087238xMr-760x427@diario_abc.jpg\" class=\"voc-img\" width=\"760\" height=\"427\" alt=\"Pive Amador en una foto de archivo\" data-voc-vtm-id=\"in-text-traffic\"\/><\/p>\n<p>            Pive Amador en una foto de archivo<\/p>\n<p>             ABC<\/p>\n<p class=\"voc-p\" style=\"\">Por entonces Silvio estaba fuera de la m\u00fasica, pero se presentaba en los ensayos de los grupos de los que Amador ya era m\u00e1nager. \u00abEra un bater\u00eda bastante reconocido en Sevilla, <strong>sus solos eran legendarios en los a\u00f1os 60, pero yo observ\u00e9 que adem\u00e1s cantaba muy bien<\/strong>. Pasados dos o tres a\u00f1os, \u00e9l estaba con el <strong>grupo Luzbel<\/strong> y yo empec\u00e9 a representarlos, pero con la condici\u00f3n de que \u00e9l pasara de bater\u00eda a cantante. Tiempo despu\u00e9s, ten\u00edamos que actuar en Madrid y al bater\u00eda se le parti\u00f3 un brazo. Y Silvio me la devolvi\u00f3 y me dijo que tocara yo. <\/p>\n<p class=\"voc-p\" style=\"\">Me dijo: \u00abT\u00fa me hiciste cantante y ahora te hago yo bater\u00eda\u00bb. Ese binomio (despu\u00e9s con Silvio y Sacramento) hizo mucha carretera durante una d\u00e9cada, pero cuenta Pive que dej\u00f3 ese apartado debido a la decadencia f\u00edsica de su amigo. Sigui\u00f3 siendo su productor y su bast\u00f3n. En dos d\u00e9cadas, la de los 80 y la de los 90, <strong>Silvio grab\u00f3 cinco discos.<\/strong> Pero hac\u00eda poco por promocionarlos. \u00abUna vez le preguntaron: &#8216;\u00bfT\u00fa vendes discos?&#8217; Y \u00e9l dijo: &#8216;No, yo los grabo&#8217;\u00bb, dice Amador sobre un artista al que siempre compara con Carlos Gardel: \u00abComo dicen del argentino, Silvio canta cada vez mejor\u00bb.<\/p>\n<p class=\"voc-p\" style=\"\">En vida envejeci\u00f3 prematuramente, fruto de su <strong>adicci\u00f3n al alcohol y al tabaco<\/strong> -Ducados-, pero su herencia musical y el recuerdo de su persona se mantienen intactas. Este mi\u00e9rcoles, <strong>la Sala Malandar acoge un homenaje en forma de concierto<\/strong>, con P\u00e1jaro como maestro de ceremonias y las entradas agotadas. Actuar\u00e1n adem\u00e1s El Canijo de Jerez, Chencho Fern\u00e1ndez &amp; \u00c1lvaro Suite, Kiko Veneno, Miguelito Garc\u00eda (DMBK), Pepe Begines, Ra\u00fal Rodr\u00edguez y Tridi Pu\u00f1ema.<\/p>\n<p>          <img decoding=\"async\" loading=\"lazy\" src=\"https:\/\/www.europesays.com\/es\/wp-content\/uploads\/2025\/10\/hijo-silvio-medalla-U76185723783scQ-760x427@diario_abc.jpeg\" class=\"voc-img\" width=\"760\" height=\"427\" alt=\"Entrega de la Medalla de Sevilla a t\u00edtulo p\u00f3stumo\" data-voc-vtm-id=\"in-text-traffic\"\/><\/p>\n<p>            Entrega de la Medalla de Sevilla a t\u00edtulo p\u00f3stumo<\/p>\n<p>             ABC<\/p>\n<p class=\"voc-p\" style=\"\">\u00abComo Juan Ram\u00f3n Jim\u00e9nez, Silvio se dirig\u00eda a la inmensa minor\u00eda\u00bb, subraya Pive Amador, que acude tambi\u00e9n a S\u00e9neca para describir la idiosincrasia del mito sevillano (<strong>medalla al M\u00e9rito Rockero en 1993 y de la Ciudad, ya a t\u00edtulo p\u00f3stumo,<\/strong> hace una d\u00e9cada): \u00abHay que ser respetuoso con las costumbres\u00bb. Se refiere a una de las numerosas p\u00edldoras que el cantante dej\u00f3 en sus entrevistas sobre sus canciones a la Virgen. \u00abEl locutor le dijo que era muy mariano. Y \u00e9l respondi\u00f3: &#8216;<strong>Soy mariano porque nac\u00ed en Sevilla. Si hubiera nacido en Rusia ser\u00eda ruso&#8217;<\/strong>\u00bb.<\/p>\n<p>          <img decoding=\"async\" loading=\"lazy\" src=\"https:\/\/www.europesays.com\/es\/wp-content\/uploads\/2025\/10\/silvio-foto-nino-U04070210311Dkx-760x427@diario_abc.jpeg\" class=\"voc-img\" width=\"760\" height=\"427\" alt=\"Silvio Fern\u00e1ndez Melgarejo, de ni\u00f1o\" data-voc-vtm-id=\"in-text-traffic\"\/><\/p>\n<p>            Silvio Fern\u00e1ndez Melgarejo, de ni\u00f1o<\/p>\n<p>             abc<\/p>\n<p class=\"voc-p\" style=\"\">Era sevillano y sevillista, aunque se gan\u00f3 a la otra mitad de la ciudad con su <a href=\"https:\/\/www.youtube.com\/watch?v=Xt8P2yF0mOk\" target=\"_self\" data-voc-vtm-id=\"in-text-traffic\" title=\"tema al Betis\" data-mrf-link=\"www.youtube.com\" rel=\"nofollow noopener\">tema al Betis<\/a>, otra de las canciones que le han garantizado la perpetuidad. \u00abTen\u00eda la habilidad para unir contrarios. La Macarena y la trianera, el <strong>Sevilla y el Betis<\/strong>, pero tambi\u00e9n en la pol\u00edtica. En los a\u00f1os 80,<strong> si cantaba en un mitin de la entonces AP empezaba diciendo viva Carrillo y si lo hac\u00eda para el Partido Comunista gritaba viva la Falange.<\/strong> Y todos se re\u00edan\u00bb, rememora. Otro ejemplo de la equidistancia a la que se alud\u00eda al principio de este reportaje, y que el propio Silvio defin\u00eda gr\u00e1ficamente: \u00abVivo con los gemelos invertidos\u00bb.<\/p>\n<p class=\"voc-p\" style=\"\">Y sobrevivi\u00f3 s\u00f3lo 56 a\u00f1os porque en el ejercicio m\u00e1ximo de su libertad, fue <strong>esclavo del vaso.<\/strong> \u00abEra como Charlie Parker, al que una vez le preguntaron: &#8216;\u00bfUsted por qu\u00e9 toca tan bien borracho?&#8217; Y \u00e9l respondi\u00f3: &#8216;Porque ensayo borracho&#8217;\u00bb. Su perenne estado l\u00edquido no fue m\u00e1s, seg\u00fan su querido compa\u00f1ero, que \u00abuna forma de consuelo desesperado\u00bb. <\/p>\n<p>                  Video.<\/p>\n<p>            Silvio y su rezar\u00e9<\/p>\n<p>             ABC<\/p>\n<p class=\"voc-p\" style=\"\">Por culpa de una amargura que, sin embargo, nunca mostr\u00f3. \u00abComo dec\u00eda Cole Porter (otro m\u00fasico irreverente de vida desenfrenada), caballeros no venden penas\u00bb. Fueron varias desgracias las causantes de la tristeza de Silvio. <strong>Hijo natural del redactor jefe de ABC de Sevilla Antonio de los Santos<\/strong> con su secretaria, nunca adopt\u00f3 el apellido de su padre, sino el de su progenitora, Eva Fern\u00e1ndez, de origen gitano. Esa falta de anclaje familiar le acompa\u00f1\u00f3 durante su juventud y cuando cre\u00f3 la suya propia, tambi\u00e9n salt\u00f3 por los aires. \u00abEl no poder ver a m\u00e1s a su hijo le marc\u00f3 especialmente y tambi\u00e9n el suicidio de su hermana menor, Eva. Todo eso le hundi\u00f3 y le hicieron creer que no ten\u00eda esperanza en el futuro\u00bb, prosigue Amador, quien ante todo quiere remarcar el car\u00e1cter extrovertido y alegre del cantante. \u00ab<strong>Nunca lo vi triste o malhumorado, lo vi en estado de resaca<\/strong>, pero jam\u00e1s le vi contando penas\u00bb.<\/p>\n<p>          <img decoding=\"async\" loading=\"lazy\" src=\"https:\/\/www.europesays.com\/es\/wp-content\/uploads\/2025\/10\/silvio-rockero-U04721276801TuH-760x850@diario_abc.jpeg\" class=\"voc-img\" width=\"760\" height=\"850\" alt=\"Un joven Silvio en plena actuaci\u00f3n\" data-voc-vtm-id=\"in-text-traffic\"\/><\/p>\n<p>            Un joven Silvio en plena actuaci\u00f3n<\/p>\n<p>             ABC<\/p>\n<p class=\"voc-p\" style=\"\"><strong>-Tragarse todo eso solo debe de ser dur\u00edsimo.<\/strong><\/p>\n<p class=\"voc-p\" style=\"\">-\u00ab\u00c9l hab\u00eda tomado esa soluci\u00f3n porque adem\u00e1s pensaba que el mundo se divid\u00eda en cat\u00f3licos y protestantes. Los protestantes eran los que protestaban y a \u00e9l no le gustaba protestar\u00bb.<\/p>\n<p class=\"voc-p\" style=\"\"><strong>-\u00bfAlguna vez, sus m\u00e1s cercanos, intentaron reconducir su vida?<\/strong><\/p>\n<p class=\"voc-p\" style=\"\">-\u00abSolamente hubo una \u00e9poca en la que dej\u00f3 de beber, pero dur\u00f3 poco. Una vez le pregunt\u00f3 el Loco de la Colina: &#8216;Si sabes esto (sobre lo perjudicial del alcohol), \u00bfpor qu\u00e9 no lo cambias?&#8217; Y dijo: &#8216;Porque no lo quiero estropear&#8217;. De modo que ante esa contundencia y esa filosof\u00eda no se pod\u00eda rebatir\u00bb.<\/p>\n<p class=\"voc-p\" style=\"\">Vuelve a insistir Pive Amador en la <strong>categor\u00eda humana<\/strong> del m\u00fasico, del que dice se habr\u00eda adaptado a estos tiempos de polarizaci\u00f3n porque \u00abnunca hizo nada censurable\u00bb. \u00abPor supuesto que seguir\u00eda haciendo comentarios curiosos. Ya en los 80, cuando le preguntaban por la pol\u00edtica \u00e9l dec\u00eda que era algo que estaba muy enredado. Utilizaba una met\u00e1fora muy concreta, pero no se pon\u00eda hablar bien de uno y mal de otro. Esa genialidad personal y filos\u00f3fica me enamor\u00f3 definitivamente de Silvio\u00bb, apunta.<\/p>\n<p>\n    El talism\u00e1n de Curro Romero\n  <\/p>\n<p class=\"voc-p\" style=\"\">Su masa de seguidores es de Andaluc\u00eda, pero recuerda el productor que Silvio fue un <strong>\u00abartista de artistas\u00bb<\/strong>. Una fuente en la que no s\u00f3lo beben grupos de aqu\u00ed, sino un \u00eddolo para grandes figuras de la m\u00fasica nacional. <strong>Miguel R\u00edos, Enrique Bunbury o Luz Casal,<\/strong> por ejemplo. Tambi\u00e9n para creadores de otras disciplinas, como <strong>Curro Romero<\/strong>. El nombre del Fara\u00f3n de Camas florece al preguntarle a Amador si habr\u00e1 otro Silvio. \u00abNo, hombre, otro Silvio, no, igual que no habr\u00e1 otro Curro Romero\u00bb.<\/p>\n<p>          <img decoding=\"async\" loading=\"lazy\" src=\"https:\/\/www.europesays.com\/es\/wp-content\/uploads\/2025\/10\/silvio-foto-curro-U87745364768Mcv-760x427@diario_abc.jpeg\" class=\"voc-img\" width=\"760\" height=\"427\" alt=\"Curro Romero con Silvio\" data-voc-vtm-id=\"in-text-traffic\"\/><\/p>\n<p>            Curro Romero con Silvio<\/p>\n<p>             ABC<\/p>\n<p class=\"voc-p\" style=\"\">Ambos compartieron grandes ratos de charla en el bar. \u00abEs curioso porque<strong> Curro lo tocaba mucho, lo abrazaba<\/strong>. Una vez le pregunt\u00e9 a Silvio si sab\u00eda el por qu\u00e9 y me dijo: &#8216;Pues mira, \u00e9l para m\u00ed es un \u00eddolo, pero yo creo que soy para \u00e9l un talism\u00e1n porque no me deja de tocar&#8217;\u00bb.<\/p>\n<p>              P\u00e1jaro: \u00abSilvio era un &#8216;elvis presley&#8217; de otro planeta<\/p>\n<p>          <img decoding=\"async\" loading=\"lazy\" src=\"https:\/\/www.europesays.com\/es\/wp-content\/uploads\/2025\/10\/15781909-U04862164631JfX-760x427@diario_abc.jpg\" class=\"voc-img\" width=\"760\" height=\"427\" alt=\"Andr\u00e9s P\u00e1jaro en una foto de archivo\" data-voc-vtm-id=\"in-text-traffic\"\/><\/p>\n<p>            Andr\u00e9s P\u00e1jaro en una foto de archivo<\/p>\n<p>             R. Ruz<\/p>\n<p class=\"voc-p\" style=\"\"><strong>Andr\u00e9s Herrera &#8216;P\u00e1jaro&#8217; (Sevilla, 1963)<\/strong>, conoci\u00f3 a Silvio Rodr\u00edguez Melgarejo, &#8216;Silvio&#8217; cuando ten\u00eda 16 a\u00f1os y su admiraci\u00f3n por el m\u00fasico se hizo realidad cuando \u00e9ste al cabo de los a\u00f1os le pidi\u00f3 que fuera su guitarrista. Ahora est\u00e1 inmerso en los ensayos del homenaje a Silvio, \u00abreunir a tantos amigos, al Canijo de Jerez, Kiko, Begines&#8230;, es fant\u00e1stico y toda la gente que va a venir. Juntarnos todos y recordar a Silvio que hace 80 a\u00f1os que naci\u00f3, a mi esto&#8230;, bueno en mi repertorio llevo canciones de Silvio que hemos versionado nosotros, pero tocar su repertorio es una maravilla. Estamos como estrenando zapatos nuevos\u00bb.<\/p>\n<p class=\"voc-p\" style=\"\"> Sigue leyendo la entrevista <a href=\"https:\/\/www.abc.es\/sevilla\/cultura\/pajaro-silvio-era-elvis-presley-planeta-20251001205258-nts.html\" target=\"_self\" data-voc-vtm-id=\"in-text-traffic\" title=\"aqu\u00ed\" data-mrf-link=\"www.abc.es\" rel=\"nofollow noopener\">aqu\u00ed<\/a>.<\/p>\n<p>              Paco Bech: \u00abHab\u00eda muchas leyendas urbanas sobre Silvio y mi documental ayud\u00f3 a aclararlas\u00bb<\/p>\n<p>                  Video.<\/p>\n<p>            El director Paco Bech realiz\u00f3 en 2007 un documental sobre Silvio<\/p>\n<p>             ABC<\/p>\n<p class=\"voc-p\" style=\"\">El director y guionista sevillano Paco Bech es una voz muy autorizada dentro del universo que rodea a Silvio Fern\u00e1ndez Melgarejo. No en vano, estren\u00f3 en 2007<strong> &#8216;A la diestra del cielo&#8217;,<\/strong> un documental que sigue siendo de referencia obligatoria entre los seguidores del m\u00edtico cantante sevillano. Este dice que \u00abconoc\u00ed a Silvio desde que ten\u00eda unos 13 o 14 a\u00f1os. Era un gran fan de suyo e iba a todos los conciertos. Me resultaba fascinante por lo diferente que era y por la facilidad con la que romp\u00eda reglas\u00bb. Sigue leyendo la entrevista <a href=\"https:\/\/www.abc.es\/sevilla\/cultura\/paco-bech-leyendas-sobre-silvio-documental-ayudo-20251001183629-nts.html\" target=\"_self\" data-voc-vtm-id=\"in-text-traffic\" title=\"aqu\u00ed\" data-mrf-link=\"www.abc.es\" rel=\"nofollow noopener\">aqu\u00ed<\/a>.<\/p>\n","protected":false},"excerpt":{"rendered":"\u00bfC\u00f3mo habr\u00eda vivido Silvio si hubiera llegado a los 80, en esta \u00e9poca? \u00abLo habr\u00eda hecho con la&hellip;\n","protected":false},"author":2,"featured_media":151051,"comment_status":"","ping_status":"","sticky":false,"template":"","format":"standard","meta":{"footnotes":""},"categories":[170],"tags":[8600,43585,146,147,25,24,23600,363,184,185,45820,34230,23,19678],"class_list":{"0":"post-151050","1":"post","2":"type-post","3":"status-publish","4":"format-standard","5":"has-post-thumbnail","7":"category-musica","8":"tag-dejo","9":"tag-deprisa","10":"tag-entertainment","11":"tag-entretenimiento","12":"tag-es","13":"tag-espana","14":"tag-inmortal","15":"tag-legado","16":"tag-music","17":"tag-musica","18":"tag-rockero","19":"tag-silvio","20":"tag-spain","21":"tag-vivio"},"share_on_mastodon":{"url":"","error":""},"_links":{"self":[{"href":"https:\/\/www.europesays.com\/es\/wp-json\/wp\/v2\/posts\/151050","targetHints":{"allow":["GET"]}}],"collection":[{"href":"https:\/\/www.europesays.com\/es\/wp-json\/wp\/v2\/posts"}],"about":[{"href":"https:\/\/www.europesays.com\/es\/wp-json\/wp\/v2\/types\/post"}],"author":[{"embeddable":true,"href":"https:\/\/www.europesays.com\/es\/wp-json\/wp\/v2\/users\/2"}],"replies":[{"embeddable":true,"href":"https:\/\/www.europesays.com\/es\/wp-json\/wp\/v2\/comments?post=151050"}],"version-history":[{"count":0,"href":"https:\/\/www.europesays.com\/es\/wp-json\/wp\/v2\/posts\/151050\/revisions"}],"wp:featuredmedia":[{"embeddable":true,"href":"https:\/\/www.europesays.com\/es\/wp-json\/wp\/v2\/media\/151051"}],"wp:attachment":[{"href":"https:\/\/www.europesays.com\/es\/wp-json\/wp\/v2\/media?parent=151050"}],"wp:term":[{"taxonomy":"category","embeddable":true,"href":"https:\/\/www.europesays.com\/es\/wp-json\/wp\/v2\/categories?post=151050"},{"taxonomy":"post_tag","embeddable":true,"href":"https:\/\/www.europesays.com\/es\/wp-json\/wp\/v2\/tags?post=151050"}],"curies":[{"name":"wp","href":"https:\/\/api.w.org\/{rel}","templated":true}]}}