{"id":151063,"date":"2025-10-01T17:29:09","date_gmt":"2025-10-01T17:29:09","guid":{"rendered":"https:\/\/www.europesays.com\/es\/151063\/"},"modified":"2025-10-01T17:29:09","modified_gmt":"2025-10-01T17:29:09","slug":"los-ministros-y-ministras-de-cultura-del-mundo-reivindican-la-cultura-como-derecho-humano-en-la-declaracion-final-de-mondiacult-2025","status":"publish","type":"post","link":"https:\/\/www.europesays.com\/es\/151063\/","title":{"rendered":"Los ministros y ministras de Cultura del mundo reivindican la cultura como derecho humano en la declaraci\u00f3n final de Mondiacult 2025"},"content":{"rendered":"<p class=\"main-image\">&#13;<br \/>\n                     &#13;<br \/>\n                        &#13;<br \/>\n                        <img decoding=\"async\" alt=\"El ministro de Cultura, Ernest Urtasun, y la directora general de la UNESCO, Audrey Azoulay, en la clausura de Mondiacult 2025\" title=\"El ministro de Cultura, Ernest Urtasun, y la directora general de la UNESCO, Audrey Azoulay, en la clausura de Mondiacult 2025\" src=\"https:\/\/www.europesays.com\/es\/wp-content\/uploads\/2025\/10\/011025-cultura-derecho-mondiacult.jpg\"\/>&#13;<br \/>\n                        El ministro de Cultura, Ernest Urtasun, y la directora general de la UNESCO, Audrey Azoulay, en el plenario ministerial de clausura de Mondiacult 2025. (Pool Moncloa)&#13;<br \/>\n                    &#13;\n                <\/p>\n<p>Hoy se ha clausurado Mondiacult 2025, la Conferencia Mundial sobre Pol\u00edticas Culturales y Desarrollo Sostenible de la Unesco, organizada conjuntamente con el Gobierno de Espa\u00f1a a trav\u00e9s del Ministerio de Cultura.<\/p>\n<p>El ministro de Cultura, Ernest Urtasun, y el subdirector general de Cultura de la UNESCO, Ernesto Ottone, han presentado en rueda de prensa las conclusiones de Mondiacult 2025, recogidas en la <a href=\"https:\/\/www.cultura.gob.es\/dam\/jcr:7adc95cc-7c6b-4cc5-b935-bae3ab872a2a\/251001-declaracion-final-mondiacult2025.pdf\" target=\"_blank\" onclick=\"javascript:GoogleTrackEvent(&#039;True&#039;,&#039;Contenido&#039;,&#039;Download&#039;,&#039;[https:\/\/www.lamoncloa.gob.es\/serviciosdeprensa\/notasprensa\/cultura\/Paginas\/2025\/011025-cultura-derecho-mondiacult.aspx] Declaraci\u00f3n Final. [https:\/\/www.cultura.gob.es\/dam\/jcr:7adc95cc-7c6b-4cc5-b935-bae3ab872a2a\/251001-declaracion-final-mondiacult2025.pdf]&#039;);\" rel=\"nofollow noopener\">Declaraci\u00f3n Final<\/a> le\u00edda en el plenario ministerial de clausura de la Conferencia, un acto que ha contado con la participaci\u00f3n del ministro de Cultura, Ernest Urtasun, y la directora general de la UNESCO, Audrey Azoulay.<\/p>\n<p>Uno de los principales acuerdos a los que han llegado los ministros y ministras de Cultura en Mondiacult 2025 ha sido el de promover la cultura como un derecho humano y avanzar en el impulso de la cultura como un Objetivo independiente por derecho propio en el marco de la <a href=\"https:\/\/www.lamoncloa.gob.es\/serviciosdeprensa\/notasprensa\/derechos-sociales-consumo-agenda-2030\/paginas\/2024\/ods-que-es-la-agenda-2030.aspx\" onclick=\"javascript:GoogleTrackEvent(&#039;True&#039;,&#039;Contenido&#039;,&#039;Click&#039;,&#039;[https:\/\/www.lamoncloa.gob.es\/serviciosdeprensa\/notasprensa\/cultura\/Paginas\/2025\/011025-cultura-derecho-mondiacult.aspx] Agenda de Desarrollo Sostenible. [\/serviciosdeprensa\/notasprensa\/derechos-sociales-consumo-agenda-2030\/paginas\/2024\/ods-que-es-la-agenda-2030.aspx]&#039;);\" rel=\"nofollow noopener\" target=\"_blank\">Agenda de Desarrollo Sostenible<\/a> post-2030 de las Naciones Unidas.<\/p>\n<p>Tal como lo recoge la Declaraci\u00f3n final, entre Mondiacult 2022 y 2025 \u00ablas discusiones en curso han puesto de relieve que la cultura es tanto un motor indispensable como un facilitador del desarrollo sostenible, y debe ser incluida como un componente integral y un pilar de este. Este mensaje es respaldado por las instituciones, los profesionales, las comunidades y la sociedad civil alrededor del mundo. No hay futuro sin cultura\u00bb.<\/p>\n<p>Durante su intervenci\u00f3n en el plenario ministerial de clausura, el ministro de Cultura, Ernest Urtasun, ha destacado que \u00ablas conclusiones de Mondiacult 2025 resonar\u00e1n en las pr\u00f3ximas grandes citas internacionales como la COP30 de Bel\u00e9m. Llevaremos la voz de la cultura all\u00ed donde se decidan los futuros de la humanidad, porque no habr\u00e1 transici\u00f3n ecol\u00f3gica justa, ni paz duradera, ni democracia s\u00f3lida sin una dimensi\u00f3n cultural que las sostenga\u00bb.<\/p>\n<p>Asimismo, ha a\u00f1adido que esta Conferencia \u00abha sido mucho m\u00e1s que un foro de di\u00e1logo: ha sido una afirmaci\u00f3n colectiva de principios. Porque defender la cultura hoy es elegir la cooperaci\u00f3n cuando otros apuestan por el repliegue, es abrazar la diversidad frente a quienes pretenden uniformar el pensamiento; es, en definitiva, renovar el esp\u00edritu fundacional de la comunidad internacional, que reconoci\u00f3 en la cultura un derecho universal y una condici\u00f3n indispensable para la paz\u00bb.<\/p>\n<p>Mondiacult 2025 ha convertido Barcelona en capital de la cultura con m\u00e1s de 160 delegaciones ministeriales de todo el mundo, un centenar de sesiones tem\u00e1ticas y eventos paralelos. Durante tres d\u00edas han participado m\u00e1s de 2.500 personas, entre los que estaban ministros y ministras de Cultura y delegaciones gubernamentales de todo el mundo, as\u00ed como profesionales de la cultura, artistas, acad\u00e9micos y acad\u00e9micas, investigadores y representantes de la sociedad civil.<\/p>\n<p>Todas las sesiones han girado en torno a los ejes tem\u00e1ticos de Mondiacult 2025: los derechos culturales, la cultura en la era digital, la integraci\u00f3n de la cultura en la educaci\u00f3n, la econom\u00eda de la cultura, las dimensiones culturales del cambio clim\u00e1tico y la defensa del patrimonio en situaciones de crisis y emergencia, y dos temas de actualidad, incorporados al debate a petici\u00f3n de Espa\u00f1a y de gran inter\u00e9s para el sector de la cultura, como son la inteligencia artificial y la cultura de paz.<\/p>\n<p>En esta edici\u00f3n, y tambi\u00e9n a petici\u00f3n del Ministerio de Cultura, Mondiacult 2025 se ha abierto por primera vez a la sociedad civil con la celebraci\u00f3n del foro ciudadano \u00c1gora C\u00edvica, a las comunidades aut\u00f3nomas y a los j\u00f3venes con Mondiayouth, una conferencia integrada por j\u00f3venes procedentes de todo el mundo.<\/p>\n<p>Mondiayouth: el Mondiacult joven<\/p>\n<p>Durante el plenario ministerial de clausura tambi\u00e9n se ha le\u00eddo la declaraci\u00f3n elaborada en Mondiayouth, un espacio que se ha desarrollado de forma paralela a las sesiones plenarias, durante los tres d\u00edas de Mondiacult 2025, con casi 50 j\u00f3venes de m\u00e1s de 40 pa\u00edses de todo el mundo.<\/p>\n<p>En su declaraci\u00f3n han afirmado que \u00abla cultura es uno de los mayores pilares de la humanidad\u00bb y que, pese a los m\u00faltiples retos y amenazas, \u00abla cultura ofrece un extraordinario potencial\u00bb. \u00abLos j\u00f3venes construyen iniciativas culturales que promueven el di\u00e1logo intercultural y la participaci\u00f3n c\u00edvica, que facilitan la innovaci\u00f3n cultural, integrando el conocimiento ind\u00edgena y las pr\u00e1cticas tradicionales\u00bb.<\/p>\n<p>Tambi\u00e9n han abogado por \u00abaprovechar las tecnolog\u00edas emergentes al servicio de la cultura y no en su detrimento\u00bb, y han pedido que las instituciones p\u00fablicas \u00abcooperen para regular el uso de las tecnolog\u00edas emergentes y de la inteligencia artificial, a fin de salvaguardar la propiedad intelectual de los trabajadores culturales y art\u00edsticos\u00bb.<\/p>\n<p>La salvaguarda de los derechos culturales, la garant\u00eda de la producci\u00f3n y mediaci\u00f3n cultural sostenibles han sido otras de las proclamas de los j\u00f3venes en su declaraci\u00f3n. Del mismo modo, han defendido \u00abreplantear la educaci\u00f3n para empoderar a la juventud como conectores culturales\u00bb.<\/p>\n<p>Han terminado su declaraci\u00f3n describiendo MondiaYouth como un \u00abcompromiso global de los gestores p\u00fablicos para reconocer a la juventud como agente pol\u00edtico\u00bb, y han pedido que se reedite en la siguiente edici\u00f3n de Mondiacult: \u00abDejad que expresemos nuestras opiniones en los mismos espacios que vosotros\u00bb.<\/p>\n<p>\u00c1gora C\u00edvica: el foro ciudadano de Mondiacult 2025<\/p>\n<p>\u00c1gora C\u00edvica, el foro ciudadano impulsado conjuntamente por el Ayuntamiento de Barcelona, la Generalitat de Catalunya, la Diputaci\u00f3n de Barcelona y el Ministerio de Cultura en el marco de Mondiacult 2025 se clausura tambi\u00e9n hoy tras haber reunido m\u00e1s 8.200 participantes en m\u00e1s de 120 actividades.<\/p>\n<p>En el acto de clausura de Mondiacult se han presentado tambi\u00e9n las conclusiones de \u00c1gora C\u00edvica. Entre ellas, tambi\u00e9n se ha destacado la necesidad de contar con un objetivo centrado en la cultura en la agenda global de desarrollo sostenible de cara a la agenda 2030. Las conclusiones de este foro ciudadano tambi\u00e9n demandan que los derechos culturales no sean solo una declaraci\u00f3n, sino que se traduzcan en medidas pr\u00e1cticas y concretas<\/p>\n<p>Programa cultural<\/p>\n<p>Mondiacult 2025 cont\u00f3 con un programa cultural que arranc\u00f3 con las intervenciones art\u00edsticas de Frederic Amat, Maria Arnal, Tarta Relena y Miguel Poveda con Yerbabuena durante el acto inaugural.<\/p>\n<p>El martes 30 de septiembre, en el Palau de la M\u00fasica, se celebr\u00f3 un concierto por la paz y el di\u00e1logo, a cargo del director de orquesta Jordi Savall, en el que se present\u00f3 un repertorio diverso en cuanto a procedencia y \u00e9poca, y para el que Savall se acompa\u00f1\u00f3 de m\u00fasicos procedentes de todo el mundo.<\/p>\n<p>Adem\u00e1s, a lo largo de los tres d\u00edas de Conferencia, el CCIB acogi\u00f3 exhibiciones de diferentes manifestaciones del patrimonio inmaterial espa\u00f1ol, con espect\u00e1culos de jotas de diferentes ligares de Espa\u00f1a, tamborradas y &#8216;castells&#8217;.<\/p>\n","protected":false},"excerpt":{"rendered":"&#13; &#13; &#13; &#13; El ministro de Cultura, Ernest Urtasun, y la directora general de la UNESCO, Audrey&hellip;\n","protected":false},"author":2,"featured_media":151064,"comment_status":"","ping_status":"","sticky":false,"template":"","format":"standard","meta":{"footnotes":""},"categories":[8],"tags":[17,18,25,24,13,14,11,19,20,9,10,15,16,23,12,21,22],"class_list":{"0":"post-151063","1":"post","2":"type-post","3":"status-publish","4":"format-standard","5":"has-post-thumbnail","7":"category-espana","8":"tag-breaking-news","9":"tag-breakingnews","10":"tag-es","11":"tag-espana","12":"tag-featured-news","13":"tag-featurednews","14":"tag-headlines","15":"tag-latest-news","16":"tag-latestnews","17":"tag-news","18":"tag-noticias","19":"tag-noticias-destacadas","20":"tag-noticiasdestacadas","21":"tag-spain","22":"tag-titulares","23":"tag-ultimas-noticias","24":"tag-ultimasnoticias"},"share_on_mastodon":{"url":"","error":""},"_links":{"self":[{"href":"https:\/\/www.europesays.com\/es\/wp-json\/wp\/v2\/posts\/151063","targetHints":{"allow":["GET"]}}],"collection":[{"href":"https:\/\/www.europesays.com\/es\/wp-json\/wp\/v2\/posts"}],"about":[{"href":"https:\/\/www.europesays.com\/es\/wp-json\/wp\/v2\/types\/post"}],"author":[{"embeddable":true,"href":"https:\/\/www.europesays.com\/es\/wp-json\/wp\/v2\/users\/2"}],"replies":[{"embeddable":true,"href":"https:\/\/www.europesays.com\/es\/wp-json\/wp\/v2\/comments?post=151063"}],"version-history":[{"count":0,"href":"https:\/\/www.europesays.com\/es\/wp-json\/wp\/v2\/posts\/151063\/revisions"}],"wp:featuredmedia":[{"embeddable":true,"href":"https:\/\/www.europesays.com\/es\/wp-json\/wp\/v2\/media\/151064"}],"wp:attachment":[{"href":"https:\/\/www.europesays.com\/es\/wp-json\/wp\/v2\/media?parent=151063"}],"wp:term":[{"taxonomy":"category","embeddable":true,"href":"https:\/\/www.europesays.com\/es\/wp-json\/wp\/v2\/categories?post=151063"},{"taxonomy":"post_tag","embeddable":true,"href":"https:\/\/www.europesays.com\/es\/wp-json\/wp\/v2\/tags?post=151063"}],"curies":[{"name":"wp","href":"https:\/\/api.w.org\/{rel}","templated":true}]}}