{"id":151065,"date":"2025-10-01T17:30:10","date_gmt":"2025-10-01T17:30:10","guid":{"rendered":"https:\/\/www.europesays.com\/es\/151065\/"},"modified":"2025-10-01T17:30:10","modified_gmt":"2025-10-01T17:30:10","slug":"portal-de-noticias-del-gobierno-de-canarias-152","status":"publish","type":"post","link":"https:\/\/www.europesays.com\/es\/151065\/","title":{"rendered":"Portal de Noticias del Gobierno de Canarias"},"content":{"rendered":"<blockquote>\n<p>Debido a la falta de Presupuestos Generales del Estado, el Ministerio de Trabajo no ha transferido los 45 millones de euros correspondientes a toda Canarias ni los 12 millones para La Palma<\/p>\n<p>El retraso dificulta la ejecuci\u00f3n de proyectos como, por ejemplo, los Planes de Empleo Social que da empleo a personas desempleadas de larga duraci\u00f3n en las corporaciones locales<\/p>\n<\/blockquote>\n<p><strong>La consejera de Turismo y Empleo del Gobierno de Canarias, J\u00e9ssica de Le\u00f3n, inform\u00f3 este martes en comisi\u00f3n parlamentaria sobre el retraso en la tramitaci\u00f3n y firma de los convenios correspondientes a los Planes Integrales de Empleo de Canarias (PIEC) y de La Palma (PIE), que suman un total de 57 millones de euros.<\/strong><\/p>\n<p>De Le\u00f3n se\u00f1al\u00f3 al Gobierno de Espa\u00f1a que, a 1 de octubre de 2025, faltando apenas tres meses para el cierre del a\u00f1o, a\u00fan no se han firmado los convenios ni se han transferido los fondos desde el Servicio P\u00fablico de Empleo Estatal (SEPE), correspondientes a los 45 millones del Plan Integral de Empleo de Canarias y los 12 millones del Plan para La Palma.<\/p>\n<p>La consejera advirti\u00f3 que esta situaci\u00f3n puede afectar la ejecuci\u00f3n de pol\u00edticas activas de empleo tanto en Canarias como en La Palma, vinculando el retraso a la falta de aprobaci\u00f3n de los Presupuestos Generales del Estado.<\/p>\n<p>\u201cEsta demora dificultar\u00e1 la puesta en marcha de proyectos clave, como los Planes de Empleo Social, que ofrecen empleo a personas desempleadas de larga duraci\u00f3n en corporaciones locales\u201d, explic\u00f3.<\/p>\n<p>Asimismo, se\u00f1al\u00f3 que este retraso podr\u00eda ocasionar que los programas de empleo y formaci\u00f3n no comiencen en los plazos previstos, que los fondos se utilicen de manera parcial durante 2025, y que el Servicio Canario de Empleo (SCE) enfrente dificultades para planificar y coordinar eficazmente con las entidades locales y colaboradoras.<\/p>\n<p>De Le\u00f3n record\u00f3 que la tramitaci\u00f3n de ambos convenios corresponde al SEPE y se\u00f1al\u00f3 que, a estas alturas del a\u00f1o, a\u00fan no se ha firmado ninguno, a diferencia de 2023, cuando el Plan de La Palma se firm\u00f3 en marzo.<\/p>\n<p>La consejera resalt\u00f3 que esta situaci\u00f3n \u201creduce el margen temporal para iniciar las actuaciones previstas y que, tras la firma, ser\u00e1 necesario recabar los informes preceptivos y superar la fiscalizaci\u00f3n de la Intervenci\u00f3n, tr\u00e1mites que suelen prolongarse\u201d.<\/p>\n<p>Finalmente, De Le\u00f3n inform\u00f3 que los fondos asignados al Plan Integral de Empleo de La Palma han disminuido en este ejercicio, pasando de 30 millones en 2024 a 12 millones en 2025.<\/p>\n<p>\u201cEste Gobierno apuesta por mantener los presupuestos ya consignados en a\u00f1os anteriores, que han permitido mantener pol\u00edticas de empleo que han beneficiado a muchos palmeros afectados por el volc\u00e1n\u201d, concluy\u00f3.<\/p>\n","protected":false},"excerpt":{"rendered":"Debido a la falta de Presupuestos Generales del Estado, el Ministerio de Trabajo no ha transferido los 45&hellip;\n","protected":false},"author":2,"featured_media":151066,"comment_status":"","ping_status":"","sticky":false,"template":"","format":"standard","meta":{"footnotes":""},"categories":[5],"tags":[17,18,25,24,13,14,11,19,20,9,10,15,16,23,12,21,22],"class_list":{"0":"post-151065","1":"post","2":"type-post","3":"status-publish","4":"format-standard","5":"has-post-thumbnail","7":"category-titulares","8":"tag-breaking-news","9":"tag-breakingnews","10":"tag-es","11":"tag-espana","12":"tag-featured-news","13":"tag-featurednews","14":"tag-headlines","15":"tag-latest-news","16":"tag-latestnews","17":"tag-news","18":"tag-noticias","19":"tag-noticias-destacadas","20":"tag-noticiasdestacadas","21":"tag-spain","22":"tag-titulares","23":"tag-ultimas-noticias","24":"tag-ultimasnoticias"},"share_on_mastodon":{"url":"","error":""},"_links":{"self":[{"href":"https:\/\/www.europesays.com\/es\/wp-json\/wp\/v2\/posts\/151065","targetHints":{"allow":["GET"]}}],"collection":[{"href":"https:\/\/www.europesays.com\/es\/wp-json\/wp\/v2\/posts"}],"about":[{"href":"https:\/\/www.europesays.com\/es\/wp-json\/wp\/v2\/types\/post"}],"author":[{"embeddable":true,"href":"https:\/\/www.europesays.com\/es\/wp-json\/wp\/v2\/users\/2"}],"replies":[{"embeddable":true,"href":"https:\/\/www.europesays.com\/es\/wp-json\/wp\/v2\/comments?post=151065"}],"version-history":[{"count":0,"href":"https:\/\/www.europesays.com\/es\/wp-json\/wp\/v2\/posts\/151065\/revisions"}],"wp:featuredmedia":[{"embeddable":true,"href":"https:\/\/www.europesays.com\/es\/wp-json\/wp\/v2\/media\/151066"}],"wp:attachment":[{"href":"https:\/\/www.europesays.com\/es\/wp-json\/wp\/v2\/media?parent=151065"}],"wp:term":[{"taxonomy":"category","embeddable":true,"href":"https:\/\/www.europesays.com\/es\/wp-json\/wp\/v2\/categories?post=151065"},{"taxonomy":"post_tag","embeddable":true,"href":"https:\/\/www.europesays.com\/es\/wp-json\/wp\/v2\/tags?post=151065"}],"curies":[{"name":"wp","href":"https:\/\/api.w.org\/{rel}","templated":true}]}}