{"id":151067,"date":"2025-10-01T17:31:12","date_gmt":"2025-10-01T17:31:12","guid":{"rendered":"https:\/\/www.europesays.com\/es\/151067\/"},"modified":"2025-10-01T17:31:12","modified_gmt":"2025-10-01T17:31:12","slug":"las-cantera-del-balonmano-zamora-estrena-liga-con-resultados-dispares","status":"publish","type":"post","link":"https:\/\/www.europesays.com\/es\/151067\/","title":{"rendered":"Las cantera del Balonmano Zamora estrena Liga con resultados dispares"},"content":{"rendered":"<p class=\"ft-text\">Las categor\u00edas inferiores del Balonmano Zamora ya est\u00e1n en marcha y la jornada result\u00f3 relativamente positiva para los equipos cadetes, con tres victorias y una derrota.<strong> La cruz (a pesar de su magn\u00edfica actuaci\u00f3n) se la llevaron los chicos del Gal\u00e1n y Pastor BM Zamora, que perdieron ante Ademar (41-43)<\/strong> en un vibrante partido entre dos equipos que se vaciaron en la pista. Los viriatos plantaron cara a uno de los favoritos, con un juego r\u00e1pido y efectivo en ataque y un gran Enrique bajo palos que sostuvo al equipo en los momentos m\u00e1s complicados. La igualdad se mantuvo hasta el final, pero los leoneses supieron resolver mejor los \u00faltimos instantes. A pesar de la derrota, la imagen del conjunto fue muy positiva y todos los jugadores disfrutaron de minutos en un encuentro de gran nivel competitivo.<\/p>\n<p class=\"ft-text\">En el Grupo B,<strong> el Motorglass BMZ gan\u00f3 a sus hom\u00f3logos leoneses en un estreno inmejorable<\/strong> y lleno de alternativas (38-37).El buen inicio, con una defensa intensa y un ataque fluido, permiti\u00f3 a los zamoranos irse por delante al descanso (16-15). En la segunda parte llegaron los errores y el Ademar abri\u00f3 una renta de cinco goles, pero la reacci\u00f3n local fue espectacular: Diego Mara\u00f1\u00f3n y Rub\u00e9n lideraron a la primera l\u00ednea, Pablo se mostr\u00f3 muy efectivo desde el extremo y, en el \u00faltimo suspiro, Linares decidi\u00f3 con una brillante acci\u00f3n individual que dio la victoria al conjunto pistacho. El gran juego colectivo y la fe del equipo fueron claves para firmar un triunfo \u00e9pico.<\/p>\n<p class=\"ft-text\">Por lo que se refiere a las f\u00e9minas,<strong> el Bah\u00eda Pr\u00edncipe se impuso con rotundidad al Palencia (39-19).\u00a0<\/strong>Las guerreras salieron enchufadas desde el inicio, con una defensa firme y un ataque r\u00e1pido que rompieron pronto el partido. Al descanso la ventaja ya era amplia (19-7) y en la segunda mitad el guion no cambi\u00f3: todas las jugadoras participaron y aportaron, destacando adem\u00e1s la portera Daniela, que detuvo cuatro penaltis. El dominio zamorano fue absoluto en un partido redondo.<\/p>\n<p><img decoding=\"async\" src=\"https:\/\/www.europesays.com\/es\/wp-content\/uploads\/2025\/10\/056ea0e5-de6c-40a5-aa83-13b222f9cb81_alta-libre-aspect-ratio_default_0.jpg\" width=\"1200\" height=\"900\" alt=\"\u00c1ngel Optico - BM Zamora\" class=\"ft-helper-img-rd\" loading=\"lazy\" hasdataaida=\"true\"\/><\/p>\n<p class=\"ft-helper-fontColor-quaternary ft-helper-fontSize-body-S ft-helper-spacer-t-xxs\">\u00c1ngel Optico &#8211; BM Zamora  \/ Cedida<\/p>\n<p class=\"ft-text\">Tambi\u00e9n brill\u00f3 el <strong>\u00c1ngel \u00d3ptico con una superioridad absoluta ante el Salda\u00f1a (22-2)<\/strong>.Las zamoranas dominaron de principio a fin con una defensa contundente y una gran efectividad en ataque. El encuentro sirvi\u00f3 tambi\u00e9n para probar distintas rotaciones y posiciones, sin que el nivel de juego se resintiera. La actitud competitiva de la plantilla fue ejemplar: pese a cerrar el marcador, mantuvieron la intensidad y el compromiso hasta el \u00faltimo minuto.<\/p>\n<p>Un triunfo para los guerreros de categor\u00eda infantil<\/p>\n<p class=\"ft-text\">Pocas alegr\u00edas para los equipos infantiles.<strong> La mejor noticia lleg\u00f3 con el Ingenierosdelestado.es BM Zamora B, que se impuso al Balopal por 37-30. <\/strong>Fue una victoria sufrida para los zamoranos, que llevaron la iniciativa en el marcador durante todo el encuentro, aunque con fases de juego irregulares. Las p\u00e9rdidas de bal\u00f3n mantuvieron con vida a los visitantes, pero finalmente la buena sinton\u00eda entre jugadores de primer y segundo a\u00f1o marc\u00f3 la diferencia y permiti\u00f3 sumar los dos puntos.<\/p>\n<p><img decoding=\"async\" src=\"https:\/\/www.europesays.com\/es\/wp-content\/uploads\/2025\/10\/364eb6a0-e003-4fcf-ae0a-746382b187dc_alta-libre-aspect-ratio_default_0.jpg\" width=\"1200\" height=\"1600\" alt=\"Plantilla del Ingenierosdelestado.es\" class=\"ft-helper-img-rd\" loading=\"lazy\" hasdataaida=\"true\"\/><\/p>\n<p class=\"ft-helper-fontColor-quaternary ft-helper-fontSize-body-S ft-helper-spacer-t-xxs\">Plantilla del Ingenierosdelestado.es, infantiles del BMZ  \/ Cedida<\/p>\n<p class=\"ft-text\">Mientras, el 12<strong> Frailes-BMZ sufri\u00f3 los nervios del debut ante un Ademar m\u00e1s acertado que abri\u00f3 una amplia diferencia (8-16)<\/strong>. Tras el descanso, los zamoranos reaccionaron con una gran defensa 3:2:1, r\u00e1pidas transiciones y un inspirado Javi en porter\u00eda, llegando al \u00faltimo minuto con dos goles de desventaja. El esfuerzo, sin embargo, no tuvo premio y los leoneses cerraron el choque con el 27-30 definitivo. La grada de la Universidad Laboral respondi\u00f3 con un gran ambiente, animando a un equipo que dej\u00f3 muy buenas sensaciones pese a la derrota (27-30).<\/p>\n<p class=\"ft-text\">Tambi\u00e9n le pas\u00f3 factura el mal inicio al <strong>Alfaraz Motor BM Zamora C, que encaden\u00f3 errores en los pases <\/strong>y lanzamientos, permitiendo a los rivales leoneses abrir brecha r\u00e1pidamente. Con el paso de los minutos el equipo fue creciendo, mejor\u00f3 en defensa y encontr\u00f3 soluciones en ataque, destacando tambi\u00e9n la aportaci\u00f3n de la porter\u00eda en la segunda mitad. Aunque la diferencia ya era insalvable, la mejora en el juego colectivo dej\u00f3 un sabor positivo de cara a futuros encuentros (26-37).<\/p>\n<p class=\"ft-text\"><strong>Dos equipos femeninos<\/strong><\/p>\n<p class=\"ft-text\">En cuanto a las f\u00e9minas, el Bellido Decoraci\u00f3n Zamora A cay\u00f3 por 23\u201328 ante el Domusa-Carri\u00f3n SAT Balopal. El cuadro pistacho no consigui\u00f3 entrar en el partido durante la primera parte, acumulando errores que dieron ventaja a las palentinas. Tras el descanso, las zamoranas ofrecieron su mejor versi\u00f3n: una defensa muy agresiva y numerosas recuperaciones que les permitieron remontar y ponerse por delante en el marcador. Sin embargo, los fallos finales en ataque condenaron al equipo, que vio c\u00f3mo Balopal aprovechaba cada p\u00e9rdida para cerrar el partido. A pesar de la derrota, la reacci\u00f3n en la segunda mitad confirm\u00f3 el car\u00e1cter y potencial de las zamoranas.<\/p>\n<p class=\"ft-text\">Del mismo modo fue dif\u00edcil el comienzo de liga para las m\u00e1s peque\u00f1as, las chicas de Inmoarza que acusaron los nervios y la falta de acierto en la finalizaci\u00f3n ante BM Salda\u00f1a (5-25). Aunque generaron ocasiones claras, la portera rival frustr\u00f3 muchas acciones, y el contraataque de las locales marc\u00f3 la diferencia desde el inicio. El esfuerzo colectivo no fue suficiente, pero el trabajo en equipo dej\u00f3 detalles ilusionantes para seguir creciendo.<\/p>\n<p>Mal arranque de temporada para el Universidad Laboral<\/p>\n<p class=\"ft-text\">Mal arranque de temporada liguera para el juvenil masculino del IES Universidad Labora Zamora, que sufri\u00f3 un duro correctivo frente a un Ademar que impuso su ritmo desde el inicio (20-37). Los zamoranos, faltos de actitud y acierto, no encontraron nunca el camino para competir, alej\u00e1ndose de las buenas sensaciones que hab\u00edan mostrado en semanas anteriores. Solo la porter\u00eda, con intervenciones de m\u00e9rito, y el esfuerzo de algunos cadetes que doblaron jornada aportaron una nota positiva en un partido para reflexionar y aprender.<\/p>\n<p>El Moralejo Selecci\u00f3n reacciona, pero no remata ante San Agust\u00edn<\/p>\n<p class=\"ft-text\">El debut liguero dej\u00f3 una de cal y otra de arena para el Moralejo Selecci\u00f3n en su encuentro de Segunda Divisi\u00f3n ante el Colegio San Agust\u00edn (21-26). El inicio fue espeso, con dos exclusiones en cuatro minutos que marcaron un parcial muy desfavorable al descanso (10-19). Sin embargo, el equipo reaccion\u00f3 tras la reanudaci\u00f3n, corrigiendo aspectos t\u00e1cticos y, sobre todo, mostrando otra actitud. Los viriatos se volcaron en busca de la remontada, logrando colocarse a solo dos goles a falta de ocho minutos. Aunque el esfuerzo no alcanz\u00f3 para sumar la victoria, s\u00ed permiti\u00f3 ganar la segunda parte (11-7) y dejar claro que este equipo tiene mucho por ofrecer en la temporada.<\/p>\n","protected":false},"excerpt":{"rendered":"Las categor\u00edas inferiores del Balonmano Zamora ya est\u00e1n en marcha y la jornada result\u00f3 relativamente positiva para los&hellip;\n","protected":false},"author":2,"featured_media":151068,"comment_status":"","ping_status":"","sticky":false,"template":"","format":"standard","meta":{"footnotes":""},"categories":[278],"tags":[5871,376,8224,8223,2512,1616,168,25,24,1719,5815,375,1044,23,167,2946],"class_list":{"0":"post-151067","1":"post","2":"type-post","3":"status-publish","4":"format-standard","5":"has-post-thumbnail","7":"category-balonmano","8":"tag-ademar","9":"tag-balonmano","10":"tag-balonmano-zamora","11":"tag-bm-zamora","12":"tag-cantera","13":"tag-defensa","14":"tag-deportes","15":"tag-es","16":"tag-espana","17":"tag-estrena","18":"tag-goles","19":"tag-handball","20":"tag-liga","21":"tag-spain","22":"tag-sports","23":"tag-zamora"},"share_on_mastodon":{"url":"","error":""},"_links":{"self":[{"href":"https:\/\/www.europesays.com\/es\/wp-json\/wp\/v2\/posts\/151067","targetHints":{"allow":["GET"]}}],"collection":[{"href":"https:\/\/www.europesays.com\/es\/wp-json\/wp\/v2\/posts"}],"about":[{"href":"https:\/\/www.europesays.com\/es\/wp-json\/wp\/v2\/types\/post"}],"author":[{"embeddable":true,"href":"https:\/\/www.europesays.com\/es\/wp-json\/wp\/v2\/users\/2"}],"replies":[{"embeddable":true,"href":"https:\/\/www.europesays.com\/es\/wp-json\/wp\/v2\/comments?post=151067"}],"version-history":[{"count":0,"href":"https:\/\/www.europesays.com\/es\/wp-json\/wp\/v2\/posts\/151067\/revisions"}],"wp:featuredmedia":[{"embeddable":true,"href":"https:\/\/www.europesays.com\/es\/wp-json\/wp\/v2\/media\/151068"}],"wp:attachment":[{"href":"https:\/\/www.europesays.com\/es\/wp-json\/wp\/v2\/media?parent=151067"}],"wp:term":[{"taxonomy":"category","embeddable":true,"href":"https:\/\/www.europesays.com\/es\/wp-json\/wp\/v2\/categories?post=151067"},{"taxonomy":"post_tag","embeddable":true,"href":"https:\/\/www.europesays.com\/es\/wp-json\/wp\/v2\/tags?post=151067"}],"curies":[{"name":"wp","href":"https:\/\/api.w.org\/{rel}","templated":true}]}}