{"id":15107,"date":"2025-07-31T00:26:12","date_gmt":"2025-07-31T00:26:12","guid":{"rendered":"https:\/\/www.europesays.com\/es\/15107\/"},"modified":"2025-07-31T00:26:12","modified_gmt":"2025-07-31T00:26:12","slug":"atlantida-mallorca-film-fest-alberto-iglesisas-jaume-ripoll","status":"publish","type":"post","link":"https:\/\/www.europesays.com\/es\/15107\/","title":{"rendered":"Atl\u00e0ntida Mallorca Film Fest Alberto Iglesisas Jaume Ripoll\u00a0"},"content":{"rendered":"<p>Comenzamos acerc\u00e1ndonos al Atl\u00e0ntida Mallorca Film Fest que celebra su 15 edici\u00f3n. Comentamos con su director art\u00edstico Jaume Ripoll las propuestas que traen este a\u00f1o y tambi\u00e9n el premio Master of cinema que este a\u00f1o se otorgar\u00e1 a Alberto Iglesias con quien tambi\u00e9n charlamos sobre el poder de la m\u00fasica en el cine.<\/p>\n<p>Comenzamos acerc\u00e1ndonos al<strong> Atl\u00e0ntida Mallorca Film Fes<\/strong>t que celebra su 15 edici\u00f3n. Comentamos con su director art\u00edstico <strong>Jaume Ripoll<\/strong> las propuestas que traen este a\u00f1o y tambi\u00e9n el premio Master of cinema que este a\u00f1o se otorgar\u00e1 a <strong>Alberto Iglesias<\/strong> con quien tambi\u00e9n charlamos sobre el poder de la m\u00fasica en el cine.<\/p>\n<p>Adem\u00e1s, hacemos un recorrido por distintas propuestas culturales en el panorama nacional como son<strong> West side story<\/strong> en el Liceo de Barcelona; la propuesta de <strong>Electra <\/strong>de Eduardo Gal\u00e1n en el Festival de Teatro Cl\u00e1sico de M\u00e9rida; la nueva edici\u00f3n del festival de poes\u00eda <strong>Agosto Clandestino<\/strong> de La Rioja y por \u00faltimo el arranque de el <strong>Festival Cante de las Minas en Murcia.<\/strong> <\/p>\n<p>Por \u00faltimo,<strong> Inko Mart\u00edn<\/strong> nos acerca a la \u00faltima propuesta de la <strong>Orquesta y Coro de Radio Televisi\u00f3n Espa\u00f1ol<\/strong>a, <strong>A night at the symphony<\/strong> y <strong>Mart\u00edn Llade<\/strong> har\u00e1 un homenaje a dos m\u00fasicos que nos han dejado recientemente:  al pianista leon\u00e9s<strong> Joaqu\u00edn Soriano<\/strong> y al director <strong>Roger Norrington.<\/strong> <\/p>\n","protected":false},"excerpt":{"rendered":"Comenzamos acerc\u00e1ndonos al Atl\u00e0ntida Mallorca Film Fest que celebra su 15 edici\u00f3n. Comentamos con su director art\u00edstico Jaume&hellip;\n","protected":false},"author":2,"featured_media":15108,"comment_status":"","ping_status":"","sticky":false,"template":"","format":"standard","meta":{"footnotes":""},"categories":[91],"tags":[10069,8519,146,147,25,24,133,1448,1986,1987,23],"class_list":{"0":"post-15107","1":"post","2":"type-post","3":"status-publish","4":"format-standard","5":"has-post-thumbnail","7":"category-entretenimiento","8":"tag-atlantida-mallorca-film-fest-con-alberto-iglesisas-y-jaume-ripoll","9":"tag-el-ojo-critico","10":"tag-entertainment","11":"tag-entretenimiento","12":"tag-es","13":"tag-espana","14":"tag-online","15":"tag-radio","16":"tag-rne","17":"tag-rtve-play","18":"tag-spain"},"share_on_mastodon":{"url":"","error":""},"_links":{"self":[{"href":"https:\/\/www.europesays.com\/es\/wp-json\/wp\/v2\/posts\/15107","targetHints":{"allow":["GET"]}}],"collection":[{"href":"https:\/\/www.europesays.com\/es\/wp-json\/wp\/v2\/posts"}],"about":[{"href":"https:\/\/www.europesays.com\/es\/wp-json\/wp\/v2\/types\/post"}],"author":[{"embeddable":true,"href":"https:\/\/www.europesays.com\/es\/wp-json\/wp\/v2\/users\/2"}],"replies":[{"embeddable":true,"href":"https:\/\/www.europesays.com\/es\/wp-json\/wp\/v2\/comments?post=15107"}],"version-history":[{"count":0,"href":"https:\/\/www.europesays.com\/es\/wp-json\/wp\/v2\/posts\/15107\/revisions"}],"wp:featuredmedia":[{"embeddable":true,"href":"https:\/\/www.europesays.com\/es\/wp-json\/wp\/v2\/media\/15108"}],"wp:attachment":[{"href":"https:\/\/www.europesays.com\/es\/wp-json\/wp\/v2\/media?parent=15107"}],"wp:term":[{"taxonomy":"category","embeddable":true,"href":"https:\/\/www.europesays.com\/es\/wp-json\/wp\/v2\/categories?post=15107"},{"taxonomy":"post_tag","embeddable":true,"href":"https:\/\/www.europesays.com\/es\/wp-json\/wp\/v2\/tags?post=15107"}],"curies":[{"name":"wp","href":"https:\/\/api.w.org\/{rel}","templated":true}]}}