{"id":151071,"date":"2025-10-01T17:33:08","date_gmt":"2025-10-01T17:33:08","guid":{"rendered":"https:\/\/www.europesays.com\/es\/151071\/"},"modified":"2025-10-01T17:33:08","modified_gmt":"2025-10-01T17:33:08","slug":"uno-de-los-top-el-posible-rival-de-michael-morales-en-la-ufc","status":"publish","type":"post","link":"https:\/\/www.europesays.com\/es\/151071\/","title":{"rendered":"UNO DE LOS TOP: El posible rival de Michael Morales en la UFC"},"content":{"rendered":"<p style=\"text-align: justify;\">El peleador ecuatoriano Michael Morales dio pistas sobre su siguiente enfrentamiento en la UFC tras responder a un fan\u00e1tico en redes sociales.<\/p>\n<p style=\"text-align: justify;\">Cuando un seguidor le pidi\u00f3 que firme un combate contra Michael \u2018Venom\u2019 Page, Morales respondi\u00f3 simplemente: \u201cSean Brady\u201d, dando a entender que podr\u00eda ser su pr\u00f3ximo oponente.<\/p>\n<p style=\"text-align: justify;\">Actualmente, Morales se encuentra octavo en el ranking de la UFC en la divisi\u00f3n de peso Welter, mientras que Brady ocupa la segunda posici\u00f3n, lo que promete un enfrentamiento de alto nivel y con implicaciones importantes para la clasificaci\u00f3n.<\/p>\n<p style=\"text-align: justify;\">Aunque a\u00fan no hay una confirmaci\u00f3n oficial sobre la fecha o el escenario del combate, la respuesta del ecuatoriano genera expectativa entre los fan\u00e1ticos, quienes ya comienzan a imaginar un duelo de gran relevancia en la categor\u00eda.<\/p>\n<blockquote class=\"instagram-media\" data-instgrm-captioned=\"\" data-instgrm-permalink=\"https:\/\/www.instagram.com\/p\/DPRkTzSEQG4\/?utm_source=ig_embed&amp;utm_campaign=loading\" data-instgrm-version=\"14\" style=\" background:#FFF; border:0; border-radius:3px; box-shadow:0 0 1px 0 rgba(0,0,0,0.5),0 1px 10px 0 rgba(0,0,0,0.15); margin: 1px; max-width:540px; min-width:326px; padding:0; width:99.375%; width:-webkit-calc(100% - 2px); width:calc(100% - 2px);\">\n<\/blockquote>\n<p><script async src=\"\/\/www.instagram.com\/embed.js\"><\/script><\/p>\n","protected":false},"excerpt":{"rendered":"El peleador ecuatoriano Michael Morales dio pistas sobre su siguiente enfrentamiento en la UFC tras responder a un&hellip;\n","protected":false},"author":2,"featured_media":151072,"comment_status":"","ping_status":"","sticky":false,"template":"","format":"standard","meta":{"footnotes":""},"categories":[276],"tags":[210,634,168,2622,2623,25,24,1292,282,1044,23,167,2621,2620,343],"class_list":{"0":"post-151071","1":"post","2":"type-post","3":"status-publish","4":"format-standard","5":"has-post-thumbnail","7":"category-ufc","8":"tag-barcelona","9":"tag-deporte","10":"tag-deportes","11":"tag-ecuador","12":"tag-emelec","13":"tag-es","14":"tag-espana","15":"tag-estudio","16":"tag-futbol","17":"tag-liga","18":"tag-spain","19":"tag-sports","20":"tag-studio","21":"tag-studiofutbol","22":"tag-ufc"},"share_on_mastodon":{"url":"","error":""},"_links":{"self":[{"href":"https:\/\/www.europesays.com\/es\/wp-json\/wp\/v2\/posts\/151071","targetHints":{"allow":["GET"]}}],"collection":[{"href":"https:\/\/www.europesays.com\/es\/wp-json\/wp\/v2\/posts"}],"about":[{"href":"https:\/\/www.europesays.com\/es\/wp-json\/wp\/v2\/types\/post"}],"author":[{"embeddable":true,"href":"https:\/\/www.europesays.com\/es\/wp-json\/wp\/v2\/users\/2"}],"replies":[{"embeddable":true,"href":"https:\/\/www.europesays.com\/es\/wp-json\/wp\/v2\/comments?post=151071"}],"version-history":[{"count":0,"href":"https:\/\/www.europesays.com\/es\/wp-json\/wp\/v2\/posts\/151071\/revisions"}],"wp:featuredmedia":[{"embeddable":true,"href":"https:\/\/www.europesays.com\/es\/wp-json\/wp\/v2\/media\/151072"}],"wp:attachment":[{"href":"https:\/\/www.europesays.com\/es\/wp-json\/wp\/v2\/media?parent=151071"}],"wp:term":[{"taxonomy":"category","embeddable":true,"href":"https:\/\/www.europesays.com\/es\/wp-json\/wp\/v2\/categories?post=151071"},{"taxonomy":"post_tag","embeddable":true,"href":"https:\/\/www.europesays.com\/es\/wp-json\/wp\/v2\/tags?post=151071"}],"curies":[{"name":"wp","href":"https:\/\/api.w.org\/{rel}","templated":true}]}}