{"id":151086,"date":"2025-10-01T17:43:10","date_gmt":"2025-10-01T17:43:10","guid":{"rendered":"https:\/\/www.europesays.com\/es\/151086\/"},"modified":"2025-10-01T17:43:10","modified_gmt":"2025-10-01T17:43:10","slug":"risto-rectifica-a-antonio-naranjo-en-todo-es-mentira-por-una-afirmacion-sobre-el-gobierno-la-ume-y-baleares","status":"publish","type":"post","link":"https:\/\/www.europesays.com\/es\/151086\/","title":{"rendered":"Risto rectifica a Antonio Naranjo en &#8216;Todo es mentira&#8217; por una afirmaci\u00f3n sobre el Gobierno, la UME y Baleares"},"content":{"rendered":"<p class=\"article-text\">\n        <strong>Antonio Naranjo<\/strong> hizo este martes una afirmaci\u00f3n en <strong>Todo es mentira<\/strong> (Cuatro) que fue r\u00e1pidamente desmentida por el presentador del programa.\n    <\/p>\n<p>    <a href=\"https:\/\/www.eldiario.es\/vertele\/audiencias-tv\/septiembre-2025-antena-3-lidera-septiembre-la-1-crece-ritmo-record-telecinco-vive-peor-inicio-curso-pese-supervivientes_1_12641207.html\" data-mrf-recirculation=\"saber-mas\" data-dl-event=\"saber-mas\" rel=\"nofollow noopener\" target=\"_blank\"><\/p>\n<p class=\"know-more__title\">Antena 3 lidera septiembre, La 1 crece a ritmo de r\u00e9cord y Telecinco vive su peor inicio de curso pese a &#8216;Supervivientes&#8217;<\/p>\n<p>            <img decoding=\"async\" class=\"lazy\" loading=\"lazy\" data-src=\"https:\/\/static.eldiario.es\/clip\/7cb1f8cc-bc8c-4364-8ef7-e6dd83813be9_16-9-aspect-ratio_default_0.jpg\" src=\"data:image\/svg+xml,%3Csvg xmlns=\" http:=\"\" viewbox=\"0 0 880 495\" alt=\"Antena 3 lidera septiembre, La 1 crece a ritmo de r\u00e9cord y Telecinco vive su peor inicio de curso pese a 'Supervivientes'\"\/><\/p>\n<p>                        <\/a><\/p>\n<p class=\"article-text\">\n        Mientras se informaba de las lluvias torrenciales que hab\u00edan puesto en alerta a las <strong>Islas Baleares<\/strong>, el tertuliano dio por hecho que era el Gobierno de Espa\u00f1a quien por iniciativa propia hab\u00eda movilizado a la <strong>Unidad Militar de Emergencias (UME)<\/strong> para actuar en las zonas inundadas.\n    <\/p>\n<p class=\"article-text\">\n        Recordemos que tras la dana de Valencia, de la que pr\u00f3ximamente se cumplir\u00e1 un a\u00f1o, la Generalitat y el Gobierno central <strong>se enzarzaron en un agrio debate por las competencias de cada cual en la gesti\u00f3n de la cat\u00e1strofe<\/strong>. Desde el entorno de Carlos Maz\u00f3n se culpaba al Ejecutivo de Pedro S\u00e1nchez de no haber activado a la UME cuando era necesaria, algo que La Moncloa rechaz\u00f3 de pleno: facilit\u00f3 los recursos del Estado a medida que se los fue pidiendo la Generalitat, pues la competencia es auton\u00f3mica.\n    <\/p>\n<p class=\"article-text\">\n        Y eso es lo que trataba de decir Naranjo este martes: que el Gobierno de Espa\u00f1a puede activar a la UME siempre que quiera. <strong>\u201c\u00bfHa pedido las Islas Baleares la intervenci\u00f3n de la UME? La ha movilizado el Gobierno directamente sin la necesidad de que nadie la solicite\u201d<\/strong>, afirm\u00f3 el periodista. \u201cLo digo para episodios del pasado que demuestran que cuando uno quiere, puede, y cuando no quiere, hace que parezca que no se puede. Pero siempre se puede\u201d, a\u00f1adi\u00f3 en referencia a la dana que cost\u00f3 la vida a 228 personas.\n    <\/p>\n<p class=\"article-text\">\n        Risto Mejide no tard\u00f3 en tumbar esta controvertida afirmaci\u00f3n del analista. <strong>\u201cMe informan que el Gobierno balear pidi\u00f3 la intervenci\u00f3n de la UME hace tres horas\u201d<\/strong>, le indic\u00f3. Naranjono no tir\u00f3 la toalla y persisti\u00f3 en la idea de que el Gobierno puede utilizar los recursos del Estado sin esperar a que se lo pidan las comunidades aut\u00f3nomas. \u201cBueno, te pongo otro ejemplo\u201d, prosigui\u00f3 mientras sus sus compa\u00f1eros de Todo es mentira se tomaban a risa esta inc\u00f3moda situaci\u00f3n. \u201cEste ejemplo era trola. Era una fake y como chiste ha sido gracioso\u201d, le espet\u00f3 <strong>Virginia Riezu<\/strong>.\n    <\/p>\n<p class=\"article-text\">\n        \u201cLo que t\u00fa est\u00e1s diciendo es que las Baleares han pedido la intervenci\u00f3n de la UME y puede ser verdad. Ahora te voy a poner otro ejemplo en el que esa posibilidad simplemente no existe: cuando el Gobierno quiere mandar un barco de guerra a la &#8216;Flotilla de las tentaciones&#8217; no necesita que nadie se lo pida\u201d, continu\u00f3 el tertuliano. Se estaba refiriendo a la Flotilla de la Libertad.\n    <\/p>\n<p>    <a href=\"https:\/\/www.eldiario.es\/vertele\/noticias\/ironia-marc-giro-rtve-semana-despues-monologo-critico-vox-socialista-no-paso_1_12646753.html\" data-mrf-recirculation=\"saber-mas-abajo\" data-dl-event=\"saber-mas-abajo\" rel=\"nofollow noopener\" target=\"_blank\"><\/p>\n<p class=\"know-more__title\">La iron\u00eda de Marc Gir\u00f3 en RTVE, una semana despu\u00e9s del mon\u00f3logo que critic\u00f3 Vox: \u201cPor lo de socialista no paso\u201d<\/p>\n<p>            <img decoding=\"async\" class=\"lazy\" loading=\"lazy\" data-src=\"https:\/\/static.eldiario.es\/clip\/3e57d685-3711-43c3-b716-629251caeb00_16-9-aspect-ratio_default_0.jpg\" src=\"data:image\/svg+xml,%3Csvg xmlns=\" http:=\"\" viewbox=\"0 0 880 495\" alt=\"La iron\u00eda de Marc Gir\u00f3 en RTVE, una semana despu\u00e9s del mon\u00f3logo que critic\u00f3 Vox: &quot;Por lo de socialista no paso&quot;\"\/><\/p>\n<p>                        <\/a><\/p>\n<p class=\"article-text\">\n        <strong>\u201cTienes que dejar de escuchar a Jim\u00e9nez Losantos. Te lo tienes que dosificar\u201d<\/strong>, solt\u00f3 Riezu, sorprendida por la orientaci\u00f3n pol\u00edtica de su compa\u00f1ero de mesa. Y a Naranjo no le hizo mucha gracia, as\u00ed que opt\u00f3 por contraatacar: \u201cYo trabajo con Herrera, no escucho a Jim\u00e9nez Losantos. A lo mejor tienes que dejar t\u00fa de escuchar a \u00c0ngels Barcel\u00f3 y Silvia Intxaurrondo\u201d.\n    <\/p>\n","protected":false},"excerpt":{"rendered":"Antonio Naranjo hizo este martes una afirmaci\u00f3n en Todo es mentira (Cuatro) que fue r\u00e1pidamente desmentida por el&hellip;\n","protected":false},"author":2,"featured_media":151087,"comment_status":"","ping_status":"","sticky":false,"template":"","format":"standard","meta":{"footnotes":""},"categories":[171],"tags":[45821,146,147,25,24,45822,2316,24468,23,2863,214],"class_list":{"0":"post-151086","1":"post","2":"type-post","3":"status-publish","4":"format-standard","5":"has-post-thumbnail","7":"category-tv","8":"tag-antonio-naranjo","9":"tag-entertainment","10":"tag-entretenimiento","11":"tag-es","12":"tag-espana","13":"tag-gobierno-ume-baleares","14":"tag-rectifica","15":"tag-risto-mejide","16":"tag-spain","17":"tag-todo-es-mentira","18":"tag-tv"},"share_on_mastodon":{"url":"","error":""},"_links":{"self":[{"href":"https:\/\/www.europesays.com\/es\/wp-json\/wp\/v2\/posts\/151086","targetHints":{"allow":["GET"]}}],"collection":[{"href":"https:\/\/www.europesays.com\/es\/wp-json\/wp\/v2\/posts"}],"about":[{"href":"https:\/\/www.europesays.com\/es\/wp-json\/wp\/v2\/types\/post"}],"author":[{"embeddable":true,"href":"https:\/\/www.europesays.com\/es\/wp-json\/wp\/v2\/users\/2"}],"replies":[{"embeddable":true,"href":"https:\/\/www.europesays.com\/es\/wp-json\/wp\/v2\/comments?post=151086"}],"version-history":[{"count":0,"href":"https:\/\/www.europesays.com\/es\/wp-json\/wp\/v2\/posts\/151086\/revisions"}],"wp:featuredmedia":[{"embeddable":true,"href":"https:\/\/www.europesays.com\/es\/wp-json\/wp\/v2\/media\/151087"}],"wp:attachment":[{"href":"https:\/\/www.europesays.com\/es\/wp-json\/wp\/v2\/media?parent=151086"}],"wp:term":[{"taxonomy":"category","embeddable":true,"href":"https:\/\/www.europesays.com\/es\/wp-json\/wp\/v2\/categories?post=151086"},{"taxonomy":"post_tag","embeddable":true,"href":"https:\/\/www.europesays.com\/es\/wp-json\/wp\/v2\/tags?post=151086"}],"curies":[{"name":"wp","href":"https:\/\/api.w.org\/{rel}","templated":true}]}}