{"id":15109,"date":"2025-07-31T00:27:09","date_gmt":"2025-07-31T00:27:09","guid":{"rendered":"https:\/\/www.europesays.com\/es\/15109\/"},"modified":"2025-07-31T00:27:09","modified_gmt":"2025-07-31T00:27:09","slug":"la-nasa-detecta-nuevas-tormentas-solares-extremas-que-impactaran-en-la-tierra-y-provocaran-apagones-masivos","status":"publish","type":"post","link":"https:\/\/www.europesays.com\/es\/15109\/","title":{"rendered":"la NASA detecta nuevas tormentas solares extremas que impactar\u00e1n en la Tierra y provocar\u00e1n apagones masivos"},"content":{"rendered":"<p>A pesar de que si no existiera el Sol, no ser\u00eda posible la vida en la Tierra, esta estrella tambi\u00e9n tiene el potencial de hacernos da\u00f1o. Y no estamos hablando de quemarse ahora en verano, sino que cient\u00edficos de la NASA han detectado una tormentas solares extremas que pueden llegar a suponer una seria amenaza para nosotros.<\/p>\n<p>Una tormenta solar, tambi\u00e9n conocida como <b>tormenta geomagn\u00e9tica<\/b> consiste en un fen\u00f3meno en el que<b> el Sol expulsa una gran cantidad de part\u00edculas y radicaci\u00f3n electromagn\u00e9tica<\/b> que formaban parte de la atm\u00f3sfera solar, y que <b>alcanzan el campo magn\u00e9tico de la Tierra y parte de la atm\u00f3sfera<\/b> de la Tierra.<\/p>\n<p>Por suerte, estas tormentas solares no nos afectan de ninguna manera negativa directamente. Es decir, <b>no son da\u00f1inas para los humanos,<\/b> gracias a que<b> el campo magn\u00e9tico y la atm\u00f3sfera de nuestro planeta nos protegen<\/b> de lo peor de estas tormentas.<\/p>\n<p>Sin embargo, cuando se dirige hacia la Tierra, puede producir <b>efectos como apagones, cortes de electricidad o da\u00f1os irreversibles en sat\u00e9lites y ciertas redes tecnol\u00f3gicas.<\/b><\/p>\n<p>La NASA prepara una misi\u00f3n para protegernos<\/p>\n<p>Por suerte, la NASA ya ha puesto en funcionamiento un plan de protecci\u00f3n e investigaci\u00f3n frente a este fen\u00f3meno y todos los que est\u00e1n por venir. Se trata de<a href=\"https:\/\/www.eleconomista.es\/tecnologia\/noticias\/13479634\/07\/25\/la-nasa-pide-que-nos-preparemos-ante-lo-que-esta-por-venir-tracers-transformara-nuestra-comprension-de-la-magnetosfera-de-la-tierra.html\" rel=\"nofollow noopener\" target=\"_blank\"> la misi\u00f3n TRACERS<\/a> (Sat\u00e9lites de Reconexi\u00f3n en T\u00e1ndem y Reconocimiento Electrodin\u00e1mico de C\u00faspide) que consiste en dos naves gemelas enviadas para estudiar el escudo magn\u00e9tico de la Tierra y <b>c\u00f3mo protege a nuestro planeta de los efectos del clima espacial.<\/b><\/p>\n<p>Seg\u00fan explic\u00f3 el administrador interino de la NASA, Sean Duffy<b>, <\/b>esta misi\u00f3n permitir\u00e1 a los cient\u00edficos<b> \u00abavanzar en la decodificaci\u00f3n del clima espacial y profundizar nuestra comprensi\u00f3n de la conexi\u00f3n entre la Tierra y el Sol\u00bb.<\/b><\/p>\n<p>Este proyecto es clave para anticipar eventos de alto impacto y minimizar da\u00f1os, ya que por un lado podr\u00e1 medir en tiempo real la <b>fuerza de los campos magn\u00e9ticos y el\u00e9ctricos, registrar la<\/b> <b>actividad de iones y electrones <\/b>atrapados en la magnet\u00f3sfera y como se acoplan el viento solar y el espacio cercano a la Tierra.<\/p>\n<p>Seg\u00fan la NASA, los datos permitir\u00e1n comprender mejor c\u00f3mo afectan estas tormentas a la<b> infraestructura tecnol\u00f3gica<\/b> del planeta.<\/p>\n<p>WhatsApp<a href=\"https:\/\/api.whatsapp.com\/send?text=https:\/\/www.eleconomista.es\/tecnologia\/noticias\/13482241\/07\/25\/alerta-roja-la-nasa-descubre-nuevas-tormentas-solares-extremas-que-impactaran-en-la-tierra-provocaran-apagones-masivos.html?utm_source%3Dwhatsapp%26utm_medium%3Dshare_button&amp;id=1648118629957_whatsapp\" target=\"_blank\" data-action=\"share\/whatsapp\/share\" aria-label=\"Compartir en Whatsapp\" rel=\"nofollow noopener\"><\/a>Facebook<a id=\"fb-share\" href=\"#\" target=\"_blank\" rel=\"noopener noreferrer\" aria-label=\"Compartir en Facebook\"><\/a>Twitter<a href=\"https:\/\/twitter.com\/share?text=Alerta+roja%3A+la+NASA+detecta+nuevas+tormentas+solares+extremas+que+impactar%C3%A1n+en+la+Tierra+y+provocar%C3%A1n+apagones+masivos&amp;url=https:\/\/www.eleconomista.es\/tecnologia\/noticias\/13482241\/07\/25\/alerta-roja-la-nasa-descubre-nuevas-tormentas-solares-extremas-que-impactaran-en-la-tierra-provocaran-apagones-masivos.html&amp;via=elEconomistaes&amp;id=1648118839245_twitter\" target=\"_blank\" aria-label=\"Compartir en Twitter\" rel=\"nofollow noopener\"><\/a>Linkedin<a href=\"https:\/\/linkedin.com\/share?text=https:\/\/www.eleconomista.es\/tecnologia\/noticias\/13482241\/07\/25\/alerta-roja-la-nasa-descubre-nuevas-tormentas-solares-extremas-que-impactaran-en-la-tierra-provocaran-apagones-masivos.html&amp;via=elEconomistaes\" target=\"_blank\" aria-label=\"Compartir en linkedin\" rel=\"nofollow noopener\"><\/a>Beloud<a href=\"https:\/\/beloud.com\/share?text=Alerta+roja%3A+la+NASA+detecta+nuevas+tormentas+solares+extremas+que+impactar%C3%A1n+en+la+Tierra+y+provocar%C3%A1n+apagones+masivos&amp;url=https:\/\/www.eleconomista.es\/tecnologia\/noticias\/13482241\/07\/25\/alerta-roja-la-nasa-descubre-nuevas-tormentas-solares-extremas-que-impactaran-en-la-tierra-provocaran-apagones-masivos.html&amp;via=elEconomistaes&amp;id=1648118839245_beloud\" target=\"_blank\" aria-label=\"Compartir en beloud\" rel=\"nofollow noopener\"><\/a>Bluesky<a href=\"https:\/\/bsky.app\/intent\/compose?text=https:\/\/bsky.app\/intent\/compose?text=https:\/\/www.eleconomista.es\/tecnologia\/noticias\/13482241\/07\/25\/alerta-roja-la-nasa-descubre-nuevas-tormentas-solares-extremas-que-impactaran-en-la-tierra-provocaran-apagones-masivos.html&amp;url=https:\/\/www.eleconomista.es\/tecnologia\/noticias\/13482241\/07\/25\/alerta-roja-la-nasa-descubre-nuevas-tormentas-solares-extremas-que-impactaran-en-la-tierra-provocaran-apagones-masivos.html&amp;via=elEconomistaes&amp;id=1648118839245_bluesky\" target=\"_blank\" aria-label=\"Compartir en bluesky\" rel=\"nofollow noopener\"><\/a><\/p>\n<p><script async src=\"https:\/\/platform.twitter.com\/widgets.js\" charset=\"utf-8\"><\/script><\/p>\n","protected":false},"excerpt":{"rendered":"A pesar de que si no existiera el Sol, no ser\u00eda posible la vida en la Tierra, esta&hellip;\n","protected":false},"author":2,"featured_media":15110,"comment_status":"","ping_status":"","sticky":false,"template":"","format":"standard","meta":{"footnotes":""},"categories":[81],"tags":[119,123,124,25,24,117,121,122,23,118,3723,120],"class_list":{"0":"post-15109","1":"post","2":"type-post","3":"status-publish","4":"format-standard","5":"has-post-thumbnail","7":"category-ciencia-y-tecnologia","8":"tag-ciencia","9":"tag-ciencia-y-tecnologia","10":"tag-cienciaytecnologia","11":"tag-es","12":"tag-espana","13":"tag-science","14":"tag-science-and-technology","15":"tag-scienceandtechnology","16":"tag-spain","17":"tag-technology","18":"tag-tecnologaa","19":"tag-tecnologia"},"share_on_mastodon":{"url":"","error":""},"_links":{"self":[{"href":"https:\/\/www.europesays.com\/es\/wp-json\/wp\/v2\/posts\/15109","targetHints":{"allow":["GET"]}}],"collection":[{"href":"https:\/\/www.europesays.com\/es\/wp-json\/wp\/v2\/posts"}],"about":[{"href":"https:\/\/www.europesays.com\/es\/wp-json\/wp\/v2\/types\/post"}],"author":[{"embeddable":true,"href":"https:\/\/www.europesays.com\/es\/wp-json\/wp\/v2\/users\/2"}],"replies":[{"embeddable":true,"href":"https:\/\/www.europesays.com\/es\/wp-json\/wp\/v2\/comments?post=15109"}],"version-history":[{"count":0,"href":"https:\/\/www.europesays.com\/es\/wp-json\/wp\/v2\/posts\/15109\/revisions"}],"wp:featuredmedia":[{"embeddable":true,"href":"https:\/\/www.europesays.com\/es\/wp-json\/wp\/v2\/media\/15110"}],"wp:attachment":[{"href":"https:\/\/www.europesays.com\/es\/wp-json\/wp\/v2\/media?parent=15109"}],"wp:term":[{"taxonomy":"category","embeddable":true,"href":"https:\/\/www.europesays.com\/es\/wp-json\/wp\/v2\/categories?post=15109"},{"taxonomy":"post_tag","embeddable":true,"href":"https:\/\/www.europesays.com\/es\/wp-json\/wp\/v2\/tags?post=15109"}],"curies":[{"name":"wp","href":"https:\/\/api.w.org\/{rel}","templated":true}]}}