{"id":151092,"date":"2025-10-01T17:46:07","date_gmt":"2025-10-01T17:46:07","guid":{"rendered":"https:\/\/www.europesays.com\/es\/151092\/"},"modified":"2025-10-01T17:46:07","modified_gmt":"2025-10-01T17:46:07","slug":"el-nuevo-negocio-de-sheila-ebana-madre-de-lamine-yamal-800-euros-por-cenar-con-la-madre-del-mejor-futbolista-del-mundo","status":"publish","type":"post","link":"https:\/\/www.europesays.com\/es\/151092\/","title":{"rendered":"El nuevo negocio de Sheila Ebana, madre de Lamine Yamal: 800 euros por cenar con la madre \u00abdel mejor futbolista del mundo\u00bb"},"content":{"rendered":"<p>Actualizado  Mi\u00e9rcoles,<br \/>\n1<br \/>\noctubre<br \/>\n2025<br \/>\n&#8211;<br \/>\n18:00<\/p>\n<p class=\"ue-c-article__paragraph\">Londres se prepara para una velada fuera de lo com\u00fan: no ser\u00e1 una gala de celebrities ni un evento deportivo, sino una cena en la que la protagonista ser\u00e1 Sheila Ebana, madre de Lamine Yamal, la joven promesa del FC Barcelona. La cita tendr\u00e1 lugar <strong>el pr\u00f3ximo 7 de noviembre en el Nobu Hotel London Portman Square,<\/strong> y su reclamo no es otro que la fama de su hijo: \u00abConoce a la madre del mejor futbolista del mundo\u00bb, reza la invitaci\u00f3n, dejando claro que la atenci\u00f3n se centrar\u00e1 en Sheila. Ella misma lo ha compartido en su perfil de Instagram para promocionarlo.<\/p>\n<p class=\"ue-c-article__paragraph\">El evento se ha dise\u00f1ado como una experiencia de lujo que combina gastronom\u00eda, champ\u00e1n y m\u00fasica en directo. Los organizadores, la empresa JEN C Events, han estructurado tres niveles de entradas: desde la opci\u00f3n m\u00e1s econ\u00f3mica, con men\u00fa de tres platos y c\u00f3ctel inicial, hasta un paquete VIP que incluye barra libre, mesa preferente y la oportunidad de fotografiarse con la anfitriona.<strong> Los precios oscilan entre 150 y 800 euros, <\/strong>reflejando la exclusividad que se pretende transmitir.<\/p>\n<p class=\"ue-c-article__paragraph\">El programa de la noche promete un ritmo impecable: c\u00f3ctel de bienvenida a las 19:00, cena a las 19:30 y, a partir de las 21:00, m\u00fasica y baile con DJ hasta el cierre a las 23:00 horas. A pesar de la ausencia confirmada de Lamine Yamal, que al d\u00eda siguiente disputar\u00e1 un partido con su equipo, <strong>el apellido Yamal parece suficiente para atraer a quienes buscan una experiencia<\/strong> social distinta, entre gala navide\u00f1a y evento de alto standing.<\/p>\n<p class=\"ue-c-article__paragraph\">No obstante, la propuesta ha generado debate. Mientras algunos la ven como una demostraci\u00f3n de emprendimiento y creatividad, <strong>otros cuestionan la necesidad de pagar sumas considerables<\/strong> simplemente por compartir mesa con la madre de un futbolista. <\/p>\n<p class=\"ue-c-article__paragraph\">Con solo 18 a\u00f1os, Lamine Yamal vive un ascenso mete\u00f3rico en el f\u00fatbol, y todo lo que lo rodea se convierte en noticia. Sheila Ebana ha sabido transformar la notoriedad de su hijo en un espect\u00e1culo. Hasta ahora hab\u00eda sido su padre, <strong>Mounir Nasraoui, el que m\u00e1s hab\u00eda salido a la palestra medi\u00e1tica <\/strong>por sus particulares v\u00eddeos. Hace tan solo unos d\u00edas publicaba uno en el que se le ve\u00eda haciendo pollo frito. <\/p>\n","protected":false},"excerpt":{"rendered":"Actualizado Mi\u00e9rcoles, 1 octubre 2025 &#8211; 18:00 Londres se prepara para una velada fuera de lo com\u00fan: no&hellip;\n","protected":false},"author":2,"featured_media":151093,"comment_status":"","ping_status":"","sticky":false,"template":"","format":"standard","meta":{"footnotes":""},"categories":[93],"tags":[168,25,24,8138,720,23,167],"class_list":{"0":"post-151092","1":"post","2":"type-post","3":"status-publish","4":"format-standard","5":"has-post-thumbnail","7":"category-deportes","8":"tag-deportes","9":"tag-es","10":"tag-espana","11":"tag-lamine-yamal","12":"tag-loc-famosos","13":"tag-spain","14":"tag-sports"},"share_on_mastodon":{"url":"","error":""},"_links":{"self":[{"href":"https:\/\/www.europesays.com\/es\/wp-json\/wp\/v2\/posts\/151092","targetHints":{"allow":["GET"]}}],"collection":[{"href":"https:\/\/www.europesays.com\/es\/wp-json\/wp\/v2\/posts"}],"about":[{"href":"https:\/\/www.europesays.com\/es\/wp-json\/wp\/v2\/types\/post"}],"author":[{"embeddable":true,"href":"https:\/\/www.europesays.com\/es\/wp-json\/wp\/v2\/users\/2"}],"replies":[{"embeddable":true,"href":"https:\/\/www.europesays.com\/es\/wp-json\/wp\/v2\/comments?post=151092"}],"version-history":[{"count":0,"href":"https:\/\/www.europesays.com\/es\/wp-json\/wp\/v2\/posts\/151092\/revisions"}],"wp:featuredmedia":[{"embeddable":true,"href":"https:\/\/www.europesays.com\/es\/wp-json\/wp\/v2\/media\/151093"}],"wp:attachment":[{"href":"https:\/\/www.europesays.com\/es\/wp-json\/wp\/v2\/media?parent=151092"}],"wp:term":[{"taxonomy":"category","embeddable":true,"href":"https:\/\/www.europesays.com\/es\/wp-json\/wp\/v2\/categories?post=151092"},{"taxonomy":"post_tag","embeddable":true,"href":"https:\/\/www.europesays.com\/es\/wp-json\/wp\/v2\/tags?post=151092"}],"curies":[{"name":"wp","href":"https:\/\/api.w.org\/{rel}","templated":true}]}}