{"id":151094,"date":"2025-10-01T17:47:12","date_gmt":"2025-10-01T17:47:12","guid":{"rendered":"https:\/\/www.europesays.com\/es\/151094\/"},"modified":"2025-10-01T17:47:12","modified_gmt":"2025-10-01T17:47:12","slug":"sanidad-y-ccaa-refuerzan-el-cribado-de-hepatitis-c-hacia-2030","status":"publish","type":"post","link":"https:\/\/www.europesays.com\/es\/151094\/","title":{"rendered":"Sanidad y CCAA refuerzan el cribado de hepatitis C hacia 2030"},"content":{"rendered":"<p><strong>Redacci\u00f3n<br \/><\/strong>El Ministerio de Sanidad ha anunciado este mi\u00e9rcoles que va a <strong>reforzar<\/strong>, en coordinaci\u00f3n con las comunidades aut\u00f3nomas, las <strong>estrategias de cribado de hepatitis C<\/strong> (VHC) en poblaciones vulnerables y la vinculaci\u00f3n efectiva entre diagn\u00f3stico y tratamiento. El objetivo es <strong data-start=\"1263\" data-end=\"1330\">acelerar el camino hacia la eliminaci\u00f3n del virus antes de 2030<\/strong>, tal como recomienda la <strong data-start=\"1355\" data-end=\"1397\">Organizaci\u00f3n Mundial de la Salud (OMS)<\/strong>.<\/p>\n<p>En Espa\u00f1a, la prevalencia de infecci\u00f3n activa por virus de la hepatitis C es del 0,14%, esto supone alrededor de 54.500 personas. Dejando a un lado los grupos con exposiciones de riesgo, la prevalencia en la poblaci\u00f3n general baja al 0,12%, es decir, unos 45.000 casos, seg\u00fan ha detallado el Ministerio en un comunicado.<\/p>\n<p><a class=\"gofollow\" data-track=\"MjQ5LDcyLDEsNjA=\" href=\"https:\/\/isanidad.com\/341108\/bases-reguladoras-modelo-memoria-iii-edicion-ayudas-investigacion-nutricion\/\" _blank=\"\" rel=\"nofollow noopener\" target=\"_blank\"><img decoding=\"async\" src=\"data:image\/svg+xml,%3Csvg%20xmlns=\" http:=\"\" data-lazy-src=\"https:\/\/www.europesays.com\/es\/wp-content\/uploads\/2025\/10\/Herbalife-III-Incrustado-en-noticia.gif\"\/><\/a><br \/>\nLa prevalencia de infecci\u00f3n activa por VHC en Espa\u00f1a es del 0,14%, equivalente a unas 54.500 personas<\/p>\n<p>Desde la puesta en marcha del <strong>Plan Estrat\u00e9gico para el Abordaje de la Hepatitis C<\/strong> (Peahc), en 2015, y hasta finales de 2024, se han administrado tratamientos con antivirales de acci\u00f3n directa (AAD) a un total de 172.414 personas, con una tasa de curaci\u00f3n que supera el 94%.<\/p>\n<p>Coincidiendo con el D\u00eda Internacional de la Hepatitis C, el Ministerio de Sanidad ha puesto en valor los resultados alcanzados gracias al Peahcy los AAD, de los que ha destacado que han \u00abtransformado\u00bb el abordaje cl\u00ednico de la enfermedad y han tenido un \u00abimpacto directo\u00bb en la reducci\u00f3n de la circulaci\u00f3n del virus.<\/p>\n<p>Desde 2015 se han tratado 172.414 pacientes con antivirales de acci\u00f3n directa (AAD), logrando una tasa de curaci\u00f3n superior al 94%<\/p>\n<p>Todo ello ha tenido un efecto significativo sobre las listas de espera para trasplante hep\u00e1tico, acortando tiempos y mejorando el acceso para personas con otras patolog\u00edas hep\u00e1ticas. En 2015, el 32% de los pacientes en estas listas presentaban infecci\u00f3n por el VHC; en 2024, ese porcentaje ha descendido al 7%.<\/p>\n<p>Asimismo, se ha ampliado el uso de \u00f3rganos procedentes de donantes con hepatitis C, incluidos aquellos destinados a receptores seronegativos, manteniendo altos est\u00e1ndares de seguridad y ampliando las opciones terap\u00e9uticas.<\/p>\n<p>El porcentaje de pacientes con VHC en lista de espera para trasplante hep\u00e1tico ha ca\u00eddo del 32% en 2015 al 7% en 2024<\/p>\n<p>Desde Sanidad han aseverado que, a pesar de los avances, cerca de 13.000 personas con hepatitis C a\u00fan no han sido diagnosticadas, siendo esta poblaci\u00f3n no identificada uno de los principales retos en la fase final hacia la eliminaci\u00f3n del virus.\u00a0\u00abLa experiencia acumulada a lo largo de esta d\u00e9cada y los resultados alcanzados permiten consolidar una nueva etapa centrada en la detecci\u00f3n precoz, la equidad en el acceso y la acci\u00f3n interterritorial\u00bb, ha a\u00f1adido.<\/p>\n<p><strong>La FEAD reclama localizar pacientes sin tratamiento<\/strong><\/p>\n<p>La <strong>Fundaci\u00f3n del<\/strong> <strong data-start=\"2614\" data-end=\"2656\">Aparato Digestivo (FEAD)<\/strong> ha reclamado que las iniciativas para eliminar la hepatitis C incluyan la <strong data-start=\"2731\" data-end=\"2822\">b\u00fasqueda activa de personas diagnosticadas en el pasado que nunca iniciaron tratamiento<\/strong>, adem\u00e1s de la identificaci\u00f3n de quienes a\u00fan desconocen que tienen la infecci\u00f3n.<\/p>\n<p data-start=\"2904\" data-end=\"3245\">Su presidenta, <strong data-start=\"2919\" data-end=\"2935\">Marta Casado<\/strong>, ha destacado, con motivo del <strong data-start=\"2966\" data-end=\"3005\">D\u00eda Internacional de la Hepatitis C<\/strong>, que la incidencia de la enfermedad <strong data-start=\"3042\" data-end=\"3088\">ha ca\u00eddo dr\u00e1sticamente en la \u00faltima d\u00e9cada<\/strong> en Espa\u00f1a, acerc\u00e1ndose incluso a la definici\u00f3n de enfermedad rara, con una prevalencia actual del <strong data-start=\"3187\" data-end=\"3196\">0,14%<\/strong> y m\u00e1s de <strong data-start=\"3206\" data-end=\"3244\">172.000 pacientes tratados con AAD<\/strong>.<\/p>\n<p>La FEAD pide localizar pacientes diagnosticados sin tratamiento para acelerar la eliminaci\u00f3n de la hepatitis C<\/p>\n<p data-start=\"3247\" data-end=\"3571\">La FEAD ha se\u00f1alado al <strong data-start=\"3270\" data-end=\"3279\">Peahc<\/strong>, as\u00ed como a iniciativas auton\u00f3micas y de sociedades cient\u00edficas como la <strong data-start=\"3352\" data-end=\"3360\">AEEH<\/strong> y la <strong data-start=\"3366\" data-end=\"3375\">Aehve<\/strong>, como motores clave de este progreso. Sin embargo, ha advertido que <strong data-start=\"3444\" data-end=\"3570\">alrededor de 54.000 personas viven con hepatitis C y no reciben tratamiento, y un 29% de ellas a\u00fan no est\u00e1n diagnosticadas<\/strong>.<\/p>\n<p data-start=\"3247\" data-end=\"3571\">Casado ha subrayado que Espa\u00f1a est\u00e1 \u00abmuy cerca\u00bb de eliminar la hepatitis C antes de 2030, pero ha pedido <strong data-start=\"3678\" data-end=\"3740\">mantener el esfuerzo de todos los profesionales sanitarios<\/strong>. Entre las medidas prioritarias propone la <strong data-start=\"105\" data-end=\"289\" data-is-last-node=\"\">detecci\u00f3n oculta basada en la edad, cribado en urgencias y Atenci\u00f3n Primaria, y localizaci\u00f3n de pacientes diagnosticados sin tratamiento para derivarlos a consultas especializadas.<\/strong><\/p>\n","protected":false},"excerpt":{"rendered":"Redacci\u00f3nEl Ministerio de Sanidad ha anunciado este mi\u00e9rcoles que va a reforzar, en coordinaci\u00f3n con las comunidades aut\u00f3nomas,&hellip;\n","protected":false},"author":2,"featured_media":151095,"comment_status":"","ping_status":"","sticky":false,"template":"","format":"standard","meta":{"footnotes":""},"categories":[92],"tags":[35809,25,24,45823,165,1450,8509,15735,166,23],"class_list":{"0":"post-151094","1":"post","2":"type-post","3":"status-publish","4":"format-standard","5":"has-post-thumbnail","7":"category-salud","8":"tag-c1","9":"tag-es","10":"tag-espana","11":"tag-fead","12":"tag-health","13":"tag-hepatitis-c","14":"tag-ministerio-de-sanidad","15":"tag-politica-sanitaria","16":"tag-salud","17":"tag-spain"},"share_on_mastodon":{"url":"","error":""},"_links":{"self":[{"href":"https:\/\/www.europesays.com\/es\/wp-json\/wp\/v2\/posts\/151094","targetHints":{"allow":["GET"]}}],"collection":[{"href":"https:\/\/www.europesays.com\/es\/wp-json\/wp\/v2\/posts"}],"about":[{"href":"https:\/\/www.europesays.com\/es\/wp-json\/wp\/v2\/types\/post"}],"author":[{"embeddable":true,"href":"https:\/\/www.europesays.com\/es\/wp-json\/wp\/v2\/users\/2"}],"replies":[{"embeddable":true,"href":"https:\/\/www.europesays.com\/es\/wp-json\/wp\/v2\/comments?post=151094"}],"version-history":[{"count":0,"href":"https:\/\/www.europesays.com\/es\/wp-json\/wp\/v2\/posts\/151094\/revisions"}],"wp:featuredmedia":[{"embeddable":true,"href":"https:\/\/www.europesays.com\/es\/wp-json\/wp\/v2\/media\/151095"}],"wp:attachment":[{"href":"https:\/\/www.europesays.com\/es\/wp-json\/wp\/v2\/media?parent=151094"}],"wp:term":[{"taxonomy":"category","embeddable":true,"href":"https:\/\/www.europesays.com\/es\/wp-json\/wp\/v2\/categories?post=151094"},{"taxonomy":"post_tag","embeddable":true,"href":"https:\/\/www.europesays.com\/es\/wp-json\/wp\/v2\/tags?post=151094"}],"curies":[{"name":"wp","href":"https:\/\/api.w.org\/{rel}","templated":true}]}}