{"id":151096,"date":"2025-10-01T17:48:13","date_gmt":"2025-10-01T17:48:13","guid":{"rendered":"https:\/\/www.europesays.com\/es\/151096\/"},"modified":"2025-10-01T17:48:13","modified_gmt":"2025-10-01T17:48:13","slug":"segunda-baja-familiar-en-la-boda-de-cayetano-martinez-de-irujo-y-barbara-mirjan-las-grandes-ausencia","status":"publish","type":"post","link":"https:\/\/www.europesays.com\/es\/151096\/","title":{"rendered":"Segunda baja familiar en la boda de Cayetano Mart\u00ednez de Irujo y B\u00e1rbara Mirjan: las grandes ausencia"},"content":{"rendered":"<p>Apenas quedan unos d\u00edas para que <b>Cayetano Mart\u00ednez de Irujo y B\u00e1rbara Mirjan por fin se den el \u201cs\u00ed, quiero\u201d<\/b>. Este s\u00e1bado 4 de octubre se convertir\u00e1n en marido y mujer tras m\u00e1s de quince a\u00f1os de relaci\u00f3n, un enlace que reunir\u00e1 a lo m\u00e1s granado de la alta sociedad y aristocracia espa\u00f1ola, empezando por la familia del novio.<\/p>\n<p>La mayor parte de la Casa de Alba se dar\u00e1 cita en la boda del duque de Arjona, <b>a pesar de las tensiones y desafueros<\/b> que hasta hace muy poco copaban los titulares de las noticias sobre la noble familia.<\/p>\n<p>La semana pasada, el duque de Alba, Carlos Mart\u00ednez de Irujo, confirmaba con un rotundo \u201cclaro\u201d que acudir\u00eda a la boda de su hermano, dejando a un lado los enfrentamientos pasados. La presencia de Eugenia y Fernando, enfermo de c\u00e1ncer, tambi\u00e9n es segura, pero <b>son dos las figuras que, de una forma u otra, se echar\u00e1n en falta en el gran d\u00eda de Cayetano y B\u00e1rbara<\/b>.<\/p>\n<p>El primero en causar baja ha sido Jacobo, que no podr\u00e1 acudir porque, tal y como explic\u00f3 su hermana Eugenia, \u201c<b>est\u00e1 fuera de Espa\u00f1a por un viaje de trabajo<\/b>\u201d. Una excusa un tanto extra\u00f1a, teniendo en cuenta que las bodas se suelen anunciar a los familiares con suficiente antelaci\u00f3n para evitar estas situaciones.<\/p>\n<p><img decoding=\"async\" loading=\"lazy\" src=\"https:\/\/www.europesays.com\/es\/wp-content\/uploads\/2025\/10\/jacobo-fitz-james-inka-martin-eugenia-martinez-irujo_58.jpg\" alt=\"Jacobo Fitz-James, entre Inka Martin y Eugenia Mart\u00ednez de Irujo \" width=\"4252\" height=\"2835\"\/><b>Jacobo Fitz-James, entre Inka Martin y Eugenia Mart\u00ednez de Irujo <\/b>Gtres<\/p>\n<p>Ahora, tal y como la periodista Beatriz Cort\u00e1zar ha publicado en el portal \u201cInformalia\u201d, se ha conocido que <b>Alfonso Mart\u00ednez de Irujo tampoco asistir\u00e1 de forma plena a la boda de su hermano<\/b>. Aunque s\u00ed acudir\u00e1 a la ceremonia, que tendr\u00e1 lugar en en la Iglesia del Cristo de los Gitanos, prefiere perderse la posterior celebraci\u00f3n en el cortijo de La Motilla, quiz\u00e1s por mantener la firme discreci\u00f3n que siempre le ha caracterizado. Los grandes eventos sociales no van con \u00e9l.<\/p>\n<p><b>Quien tambi\u00e9n estar\u00e1 en la boda es Alfonso D\u00edez, viudo de la duquesa de Alba<\/b>. Desde el fallecimiento de do\u00f1a Cayetana, \u00e9l ha seguido muy unido a la familia, en especial a Cayetano Mart\u00ednez de Irujo, como se ha podido comprobar en los homenajes que cada a\u00f1o organiza en recuerdo a su madre en el aniversario de su muerte.<\/p>\n<p>Mientras, <b>el resto de la familia cuenta los d\u00edas con gran ilusi\u00f3n hasta este s\u00e1bado<\/b>, cuando por fin puedan brindar juntos por el amor de Cayetano y B\u00e1rbara.<\/p>\n","protected":false},"excerpt":{"rendered":"Apenas quedan unos d\u00edas para que Cayetano Mart\u00ednez de Irujo y B\u00e1rbara Mirjan por fin se den el&hellip;\n","protected":false},"author":2,"featured_media":151097,"comment_status":"","ping_status":"","sticky":false,"template":"","format":"standard","meta":{"footnotes":""},"categories":[91],"tags":[146,147,25,24,23],"class_list":{"0":"post-151096","1":"post","2":"type-post","3":"status-publish","4":"format-standard","5":"has-post-thumbnail","7":"category-entretenimiento","8":"tag-entertainment","9":"tag-entretenimiento","10":"tag-es","11":"tag-espana","12":"tag-spain"},"share_on_mastodon":{"url":"","error":""},"_links":{"self":[{"href":"https:\/\/www.europesays.com\/es\/wp-json\/wp\/v2\/posts\/151096","targetHints":{"allow":["GET"]}}],"collection":[{"href":"https:\/\/www.europesays.com\/es\/wp-json\/wp\/v2\/posts"}],"about":[{"href":"https:\/\/www.europesays.com\/es\/wp-json\/wp\/v2\/types\/post"}],"author":[{"embeddable":true,"href":"https:\/\/www.europesays.com\/es\/wp-json\/wp\/v2\/users\/2"}],"replies":[{"embeddable":true,"href":"https:\/\/www.europesays.com\/es\/wp-json\/wp\/v2\/comments?post=151096"}],"version-history":[{"count":0,"href":"https:\/\/www.europesays.com\/es\/wp-json\/wp\/v2\/posts\/151096\/revisions"}],"wp:featuredmedia":[{"embeddable":true,"href":"https:\/\/www.europesays.com\/es\/wp-json\/wp\/v2\/media\/151097"}],"wp:attachment":[{"href":"https:\/\/www.europesays.com\/es\/wp-json\/wp\/v2\/media?parent=151096"}],"wp:term":[{"taxonomy":"category","embeddable":true,"href":"https:\/\/www.europesays.com\/es\/wp-json\/wp\/v2\/categories?post=151096"},{"taxonomy":"post_tag","embeddable":true,"href":"https:\/\/www.europesays.com\/es\/wp-json\/wp\/v2\/tags?post=151096"}],"curies":[{"name":"wp","href":"https:\/\/api.w.org\/{rel}","templated":true}]}}