{"id":151110,"date":"2025-10-01T17:55:11","date_gmt":"2025-10-01T17:55:11","guid":{"rendered":"https:\/\/www.europesays.com\/es\/151110\/"},"modified":"2025-10-01T17:55:11","modified_gmt":"2025-10-01T17:55:11","slug":"presentado-el-cartel-del-ii-concurso-de-recortadores-y-la-suelta-de-vaquillas-radio-villena","status":"publish","type":"post","link":"https:\/\/www.europesays.com\/es\/151110\/","title":{"rendered":"Presentado el cartel del II Concurso de Recortadores y la suelta de vaquillas | Radio Villena"},"content":{"rendered":"<p class=\"loc\">Villena<\/p>\n<p>La plaza de toros cubierta de Villena acoger\u00e1 el pr\u00f3ximo s\u00e1bado 29 de noviembre a las 17:30 horas el II Concurso de Recortadores, con novillos de la prestigiosa ganader\u00eda Vicente Benavent, y la suelta de vacas de la afamada ganader\u00eda La Paloma, triunfadora de los concursos de ganader\u00edas m\u00e1s importantes de 2025. <\/p>\n<p>El acto de presentaci\u00f3n del cartel tuvo lugar el martes en la misma plaza de toros contando con Javi Ib\u00e1\u00f1ez, presidente de la Pe\u00f1a Acho el Bou, el gerente de la empresa Arte y Emoci\u00f3n, Jos\u00e9 Ar\u00e9valo, el recortador alicantino Jos\u00e9 Mart\u00ednez y el presidente de la Pe\u00f1a Cultural Taurina Villenense, Juan G\u00f3mez, quien se mostraba ilusionado por participar en la organizaci\u00f3n del festejo del 29 de noviembre, destacando que \u201charemos historia al ser la primera vez que se hagan vacas en la plaza de toros de Villena. En 2022 conseguimos hacer el primer concurso de recortadores, este a\u00f1o adem\u00e1s del concurso, volvemos a hacer historia\u201d. <\/p>\n<p>Por su parte, Jos\u00e9 Ar\u00e9valo ha valorado muy positivamente el cartel confeccionado, se\u00f1alando que \u201cofrecemos dos espect\u00e1culos en uno. Adem\u00e1s del concurso de recortadores, hay suelta de vaquillas para el p\u00fablico y, adem\u00e1s, los m\u00e1s peque\u00f1os participar\u00e1n en un encierro infantil con carret\u00f3n. Hemos querido contar con 2 ganader\u00edas de la tierra, La Paloma y Vicente Benavent, las mejores ganader\u00edas de Alicante y Val\u00e8ncia\u201d. <\/p>\n<p>Juan G\u00f3mez, presidente de la Pe\u00f1a Cultural Taurina Villenense ha reivindicado el derecho \u201ca disfrutar libremente de la tauromaquia en todas sus vertientes\u201d. <\/p>\n<p><img decoding=\"async\" src=\"https:\/\/www.europesays.com\/es\/wp-content\/uploads\/2025\/10\/HS7I4STBINGKVL46S2Q2URSPRU.jpg\" alt=\"Cartel del evento\" width=\"650\" height=\"910\"  loading=\"lazy\"\/><\/p>\n<p>Cartel del evento \/ Arte y Emoci\u00f3n<\/p>\n<p>Ampliar<img decoding=\"async\" src=\"https:\/\/www.europesays.com\/es\/wp-content\/uploads\/2025\/10\/1759341311_347_HS7I4STBINGKVL46S2Q2URSPRU.jpg\" alt=\"Cartel del evento\" width=\"650\" height=\"910\" loading=\"lazy\"\/><\/p>\n<p>Cartel del evento \/ Arte y Emoci\u00f3n<\/p>\n<p>Cerrar<\/p>\n","protected":false},"excerpt":{"rendered":"Villena La plaza de toros cubierta de Villena acoger\u00e1 el pr\u00f3ximo s\u00e1bado 29 de noviembre a las 17:30&hellip;\n","protected":false},"author":2,"featured_media":151111,"comment_status":"","ping_status":"","sticky":false,"template":"","format":"standard","meta":{"footnotes":""},"categories":[277],"tags":[373,168,25,24,23,167,374],"class_list":{"0":"post-151110","1":"post","2":"type-post","3":"status-publish","4":"format-standard","5":"has-post-thumbnail","7":"category-toreo","8":"tag-bullfighting","9":"tag-deportes","10":"tag-es","11":"tag-espana","12":"tag-spain","13":"tag-sports","14":"tag-toreo"},"share_on_mastodon":{"url":"","error":""},"_links":{"self":[{"href":"https:\/\/www.europesays.com\/es\/wp-json\/wp\/v2\/posts\/151110","targetHints":{"allow":["GET"]}}],"collection":[{"href":"https:\/\/www.europesays.com\/es\/wp-json\/wp\/v2\/posts"}],"about":[{"href":"https:\/\/www.europesays.com\/es\/wp-json\/wp\/v2\/types\/post"}],"author":[{"embeddable":true,"href":"https:\/\/www.europesays.com\/es\/wp-json\/wp\/v2\/users\/2"}],"replies":[{"embeddable":true,"href":"https:\/\/www.europesays.com\/es\/wp-json\/wp\/v2\/comments?post=151110"}],"version-history":[{"count":0,"href":"https:\/\/www.europesays.com\/es\/wp-json\/wp\/v2\/posts\/151110\/revisions"}],"wp:featuredmedia":[{"embeddable":true,"href":"https:\/\/www.europesays.com\/es\/wp-json\/wp\/v2\/media\/151111"}],"wp:attachment":[{"href":"https:\/\/www.europesays.com\/es\/wp-json\/wp\/v2\/media?parent=151110"}],"wp:term":[{"taxonomy":"category","embeddable":true,"href":"https:\/\/www.europesays.com\/es\/wp-json\/wp\/v2\/categories?post=151110"},{"taxonomy":"post_tag","embeddable":true,"href":"https:\/\/www.europesays.com\/es\/wp-json\/wp\/v2\/tags?post=151110"}],"curies":[{"name":"wp","href":"https:\/\/api.w.org\/{rel}","templated":true}]}}