{"id":151116,"date":"2025-10-01T17:59:08","date_gmt":"2025-10-01T17:59:08","guid":{"rendered":"https:\/\/www.europesays.com\/es\/151116\/"},"modified":"2025-10-01T17:59:08","modified_gmt":"2025-10-01T17:59:08","slug":"remco-evenepoel-y-paula-ostiz-taco-de-oro-entre-los-gigantes-de-la-contrarreloj-ciclismo-deportes","status":"publish","type":"post","link":"https:\/\/www.europesays.com\/es\/151116\/","title":{"rendered":"Remco Evenepoel y Paula Ostiz Taco, de oro entre los gigantes de la contrarreloj | Ciclismo | Deportes"},"content":{"rendered":"<p class=\"\">Bajitos, compactos, musculares, acoplados, <a href=\"https:\/\/elpais.com\/deportes\/ciclismo\/2025-09-21\/remco-evenepoel-arrasa-y-repite-titulo-de-contrarreloj-en-el-mundial-de-ruanda.html\" target=\"_self\" rel=\"nofollow noopener\" title=\"https:\/\/elpais.com\/deportes\/ciclismo\/2025-09-21\/remco-evenepoel-arrasa-y-repite-titulo-de-contrarreloj-en-el-mundial-de-ruanda.html\">Remco Evenepoel<\/a> y Paula Ostiz Taco son uno con el cuadro de la bici, ni un soplo de aire penetra en su coraza y genera turbulencias, y pedaleando se r\u00eden del viento que sopla, casi siempre de cara, a veces de costado, siempre fastidiando, a orillas del Dr\u00f4me, paisajes civilizados de Provenza. Est\u00e1n hechos para ganar. Lo hicieron en \u00c1frica hace nada, repiten en la Europa cuna del ciclismo en una contrarreloj en la que desaf\u00edan a los gigantes de la disciplina, y los derrotan. Luego se r\u00eden, felices, en su ajustado maillot de campeones de Europa, tres estrellas doradas sobre tres tonos de azul en franjas, los cielos que les cobijan; y las estrellas, la chispa que los distingue en el repecho, la se\u00f1al de su potencia, la clase de los campeones.<\/p>\n<p><img decoding=\"auto\" class=\"_re lazyload a_m-h\" height=\"276\"  width=\"414\"  src=\"https:\/\/www.europesays.com\/es\/wp-content\/uploads\/2025\/10\/5ANCUGENDRBLNJ6WJIGQXV44ZA.JPG\" loading=\"lazy\"\/>Remco Evenepoel, durante la contrarreloj.Billy Ceusters (Getty Images)<\/p>\n<p class=\"\"><a href=\"https:\/\/elpais.com\/deportes\/ciclismo\/2025-06-11\/leccion-magistral-de-remco-evenepoel-que-destroza-a-todos-los-rivales-en-la-contrarreloj-de-la-dauphine.html\" target=\"_self\" rel=\"nofollow noopener\" title=\"https:\/\/elpais.com\/deportes\/ciclismo\/2025-06-11\/leccion-magistral-de-remco-evenepoel-que-destroza-a-todos-los-rivales-en-la-contrarreloj-de-la-dauphine.html\">Evenepoel (1,71m de altura) es invencible en las pruebas contrarreloj,<\/a> un enigma en una disciplina en la que el tama\u00f1o s\u00ed importa, Indurain anta\u00f1o, Pippo Ganna o Joshua Tarling o Stephan K\u00fcng ahora, especialistas que se acercaban a los dos metros de altura, potencia m\u00e1xima desmesurada. Es el valor de la flecha, vatios divididos por Cx (coeficiente de penetraci\u00f3n aerodin\u00e1mica), y el car\u00e1cter. \u201cEl viento soplaba fuerte y a veces se me iba la bici en las curvas\u201d, relata Evenepoel, que en los 24 kil\u00f3metros de recorrido ondulado con final en un duro repecho, dobla al fen\u00f3meno suizo K\u00fcng, es el \u00fanico que supera los 50 kil\u00f3metros a la hora de media, y aventaja en la meta a Ganna en 43s, y en 1m 8s al especialista dan\u00e9s Niklas Larsen, al que tambi\u00e9n habr\u00eda doblado si hubiera salido inmediatamente detr\u00e1s. \u201cSuperfeliz de ganar otro t\u00edtulo\u201d, a\u00f1ade el belga, de 25 a\u00f1os, que dobl\u00f3 a Pogacar hace 10 d\u00edas para ganar el Mundial en las colinas de Kigali, y tambi\u00e9n gan\u00f3 la contrarreloj llana del Tour al esloveno los \u00faltimos dos a\u00f1os. <\/p>\n<p class=\"\">El oro del Dr\u00f4me es el segundo europeo de Evenepoel, tras el de 2019, cuando ten\u00eda 19 a\u00f1os, en un historial de contrarrelojista en el que ya figuran la victoria en los tres \u00faltimos Mundiales y en los Juegos de Par\u00eds. \u201cAhora, a descansar\u201d, dice Evenepoel, que tras un complicado itinerario v\u00eda Ad\u00eds Abeba arrib\u00f3 el martes a Marsella procedente de Ruanda. \u201cY a pensar en la carrera del domingo\u201d. Habla del t\u00edtulo de fondo, en el que los gigantes a los que se enfrentar\u00e1 se llaman Mads Pedersen, Jonas Vingegaard y Tadej Pogacar, el intocable que ya le derrot\u00f3 el domingo en la caza del arco\u00edris el domingo.<\/p>\n<p class=\"\">Evenepoel comenz\u00f3 su ascenso al trono del ciclismo mundial a los 18 a\u00f1os ganando con superioridad tremenda los t\u00edtulos europeo y mundial tanto en contrarreloj como en l\u00ednea. <a href=\"https:\/\/elpais.com\/deportes\/ciclismo\/2025-09-27\/paula-ostiz-campeona-del-mundo-junior-en-el-mundial-de-ciclismo.html\" target=\"_self\" rel=\"nofollow noopener\" title=\"https:\/\/elpais.com\/deportes\/ciclismo\/2025-09-27\/paula-ostiz-campeona-del-mundo-junior-en-el-mundial-de-ciclismo.html\">A llegar tan lejos por lo menos aspira Paula Ostiz Taco,<\/a> la ciclista navarra que a los 18 a\u00f1os consigui\u00f3 junto al mismo Dr\u00f4me apacible, pero en un recorrido de solo 12 kil\u00f3metros, su segundo t\u00edtulo europeo j\u00fanior contrarreloj, cuatro d\u00edas despu\u00e9s de haberse proclamado en Ruanda campeona del mundo de la prueba en l\u00ednea. Segunda en la contrarreloj del Mundial, la Evenepoel en mujer (1,56m y no crecer\u00e1 m\u00e1s, magn\u00edfico Cx acrecentado por el casco especial del Movistar que multiplica sus vatios, misma chispa en el repecho, mismo gen competitivo que se niega la posibilidad de perder) super\u00f3 en 2s a la alemana Magdalena Leis y en 10s a la noruega Oda Gissinger. Cuarta, a 14s, fue la campeona mundial en Ruanda, la neerlandesa Megan Arens. \u201cHe tenido muy buenas sensaciones. Pensaba que me iba a costar recuperar del viaje de \u00c1frica, pero cuando he salido ve\u00eda que iba como demasiado f\u00e1cil\u201d, dice la m\u00e1gica Ostiz Taco, el milagro del ciclismo femenino espa\u00f1ol. \u201cDec\u00eda, no me lo creo, esto es una locura. Solo queda celebrar con la familia y el equipo y a pensar en el viernes, que seguro que lo hacemos bien\u201d. Ostiz Taco, evidentemente, ser\u00e1 entonces la favorita de la prueba en l\u00ednea que disputar\u00e1 feliz vistiendo el maillot arco\u00edris de campeona del mundo conquistado el pasado s\u00e1bado.<\/p>\n<p class=\"\">En la prueba j\u00fanior masculina, el pistard guipuzcoano E\u00f1aut Urkaregi (campe\u00f3n del mundo de Madison y subcampe\u00f3n de persecuci\u00f3n), de 17 a\u00f1os, termin\u00f3 quinto. Victoria del holand\u00e9s Michiel Mouris, ya campe\u00f3n del mundo en Kigali. H\u00e9ctor \u00c1lvarez fue s\u00e9ptimo y Paula Blasi 10\u00aa en sub-23 (triunfos del belga Jonathan Vervenne y la italiana Federica Venturelli), y en categor\u00eda femenina absoluta se impuso la suiza del Movistar Marlen Reusser.<\/p>\n","protected":false},"excerpt":{"rendered":"Bajitos, compactos, musculares, acoplados, Remco Evenepoel y Paula Ostiz Taco son uno con el cuadro de la bici,&hellip;\n","protected":false},"author":2,"featured_media":151117,"comment_status":"","ping_status":"","sticky":false,"template":"","format":"standard","meta":{"footnotes":""},"categories":[273],"tags":[17702,2839,313,2838,1540,312,168,927,25,24,42642,7618,23,167],"class_list":{"0":"post-151116","1":"post","2":"type-post","3":"status-publish","4":"format-standard","5":"has-post-thumbnail","7":"category-ciclismo","8":"tag-campeonato-europa","9":"tag-carreras-ciclistas","10":"tag-ciclismo","11":"tag-ciclistas","12":"tag-competiciones","13":"tag-cycling","14":"tag-deportes","15":"tag-deportistas","16":"tag-es","17":"tag-espana","18":"tag-paula-ostiz","19":"tag-remco-evenepoel","20":"tag-spain","21":"tag-sports"},"share_on_mastodon":{"url":"","error":""},"_links":{"self":[{"href":"https:\/\/www.europesays.com\/es\/wp-json\/wp\/v2\/posts\/151116","targetHints":{"allow":["GET"]}}],"collection":[{"href":"https:\/\/www.europesays.com\/es\/wp-json\/wp\/v2\/posts"}],"about":[{"href":"https:\/\/www.europesays.com\/es\/wp-json\/wp\/v2\/types\/post"}],"author":[{"embeddable":true,"href":"https:\/\/www.europesays.com\/es\/wp-json\/wp\/v2\/users\/2"}],"replies":[{"embeddable":true,"href":"https:\/\/www.europesays.com\/es\/wp-json\/wp\/v2\/comments?post=151116"}],"version-history":[{"count":0,"href":"https:\/\/www.europesays.com\/es\/wp-json\/wp\/v2\/posts\/151116\/revisions"}],"wp:featuredmedia":[{"embeddable":true,"href":"https:\/\/www.europesays.com\/es\/wp-json\/wp\/v2\/media\/151117"}],"wp:attachment":[{"href":"https:\/\/www.europesays.com\/es\/wp-json\/wp\/v2\/media?parent=151116"}],"wp:term":[{"taxonomy":"category","embeddable":true,"href":"https:\/\/www.europesays.com\/es\/wp-json\/wp\/v2\/categories?post=151116"},{"taxonomy":"post_tag","embeddable":true,"href":"https:\/\/www.europesays.com\/es\/wp-json\/wp\/v2\/tags?post=151116"}],"curies":[{"name":"wp","href":"https:\/\/api.w.org\/{rel}","templated":true}]}}