{"id":151124,"date":"2025-10-01T18:03:17","date_gmt":"2025-10-01T18:03:17","guid":{"rendered":"https:\/\/www.europesays.com\/es\/151124\/"},"modified":"2025-10-01T18:03:17","modified_gmt":"2025-10-01T18:03:17","slug":"nadie-ha-devuelto-las-llaves-no-cogen-el-telefono-y-solo-les-queda-la-via-judicial","status":"publish","type":"post","link":"https:\/\/www.europesays.com\/es\/151124\/","title":{"rendered":"\u201cNadie ha devuelto las llaves, no cogen el tel\u00e9fono y solo les queda la v\u00eda judicial\u201d"},"content":{"rendered":"<p>Hace tan solo unos d\u00edas conocimos que Telma Ortiz y Robert Gavin se hab\u00edan separado. La noticia no tardaba en hacerse p\u00fablica por todos los medios pero con el paso de los d\u00edas hemos podido conocer m\u00e1s detalles. De hecho, en la revista Lecturas de este mi\u00e9rcoles se encuentran <a href=\"https:\/\/www.lecturas.com\/actualidad\/casas-reales\/exclusiva-telma-ortiz-hermana-letizia-separada-y-borde-desahucio_182010\" rel=\"nofollow noopener\" target=\"_blank\">todas las claves de la orden de desahucio<\/a> que existe sobre la vivienda en la que resid\u00eda la hermana de la reina Letizia junto a su pareja hasta entonces tras <strong>haber dejado de pagar el alquiler.<\/strong><\/p>\n<p>Por ello, Luis Pliego, el director de la publicaci\u00f3n, ha estado presente este mi\u00e9rcoles en \u2018El Programa de Ana Rosa\u2019, donde ha querido <a href=\"https:\/\/www.lecturas.com\/actualidad\/luis-pliego-director-revista-lecturas-cuenta-todos-detalles-denuncia-desahucio-contra-telma-ortiz-y-robert-gavin-bonnar_182025\" rel=\"nofollow noopener\" target=\"_blank\">aportar m\u00e1s datos que tiene sobre esta situaci\u00f3n<\/a>. Incluso no ha dudado en expresar que <strong>Casa Real se habr\u00eda enterado de este asunto <\/strong>tras a salir a la luz la portada de este mi\u00e9rcoles donde se habla del tema en cuesti\u00f3n.<\/p>\n<p>Detalles del desahucio<\/p>\n<p>Durante estos d\u00edas se ha hablado de la situaci\u00f3n que vive la hermana de la reina Letizia. Al parecer, Telma habr\u00eda abandonado el domicilio en el que resid\u00eda junto a su pareja pero <strong>los propietarios estar\u00edan reclamando el importe pendiente de pago<\/strong>. Por ello, Luis Pliego ha ofrecido m\u00e1s datos en el programa de las ma\u00f1anas de Telecinco este mi\u00e9rcoles para poder entenderlo todo mucho mejor.<\/p>\n<p><img loading=\"lazy\" decoding=\"async\"   src=\"https:\/\/www.europesays.com\/es\/wp-content\/uploads\/2025\/10\/luis-pliego_88470773_251001133709_1200x670.webp.webp\" alt=\"Luis Pliego\" class=\"lazyload\" width=\"1200\" height=\"670\" data-aspectratio=\"1200\/670\"\/><\/p>\n<p>Luis Pliego ofrece detalles de la demanda de desahucio que existe sobre Telma Ortiz, hermana de la reina Letizia, y su anterior pareja Robert Gavin.<\/p>\n<p>&#13;Telecinco<\/p>\n<p>\u201cImagina c\u00f3mo est\u00e1n los propietarios de la casa, que va la hermana de la Reina y le pides menos avales de lo que le pides a una persona normal porque no piensas que vaya a haber un impago y<strong> en mayo dejan de pagar el alquiler<\/strong>\u201d, comenzaba diciendo el periodista sobre esta situaci\u00f3n. \u201cAhora se cumplen dos meses que no han pagado y es cuando ellos han redactado la demanda de desahucio, demanda que Telma va a poder eludir porque al parecer ya no vive en ese hogar\u201d, a\u00f1ad\u00eda Pliego.<\/p>\n<p>No obstante, ha coincidido en el tiempo el hecho de la separaci\u00f3n de la cu\u00f1ada del rey Felipe VI con la publicaci\u00f3n de todo lo relativo a esta demanda. \u201cTambi\u00e9n llama la atenci\u00f3n que cuando vence el plazo y va a ser desahuciada <strong>salga la noticia de que ya no vive ah\u00ed<\/strong>, es un poco quitarse ese marr\u00f3n\u201d, aclaraba el director de la revista Lecturas sobre esta coincidencia acontecida.<\/p>\n<p><img loading=\"lazy\" decoding=\"async\"   src=\"https:\/\/www.europesays.com\/es\/wp-content\/uploads\/2025\/10\/luis-pliego_c2a49865_251001134217_1200x670.webp.webp\" alt=\"Luis Pliego\" class=\"lazyload\" width=\"1200\" height=\"670\" data-aspectratio=\"1200\/670\"\/><\/p>\n<p>La noticia de la separaci\u00f3n de la pareja ha coincidido con la publicaci\u00f3n de la demanda de desahucio.<\/p>\n<p>&#13;Telecinco<br \/>\n<img decoding=\"async\" src=\"https:\/\/www.europesays.com\/es\/wp-content\/uploads\/2025\/10\/lydia-bosch_9ebd2bdc_251001164335_800x800.webp.webp\" alt=\"Lydia Bosch\" class=\"image lazyload\"\/><img loading=\"lazy\" decoding=\"async\" src=\"https:\/\/www.europesays.com\/es\/wp-content\/uploads\/2025\/10\/lydia-bosch_9ebd2bdc_251001164339_1280x720.webp.webp\" alt=\"As\u00ed son Ana y Juan Mart\u00edn, los hijos mellizos de Lydia Bosch que triunfan en las redes sociales\" class=\"image lazyload\" width=\"1280\" height=\"720\" data-aspectratio=\"1280\/720\"\/>La demanda sobre la expareja<\/p>\n<p>En otro orden de cosas, en el programa de las ma\u00f1anas que conduce Ana Rosa Quintana han hablado sobre el hecho de la fianza existente. Sin embargo, el periodista ha dejado claro que los propietarios primero usaron esa fianza para los primeros meses pero despu\u00e9s ya no ten\u00edan forma de poder obtener la cantidad econ\u00f3mica. \u201c<strong>Hay dos meses que no se han pagado<\/strong>. Es cuando ya los propietarios redactan la demanda\u201d, aseguraba Pliego.<\/p>\n<p><img loading=\"lazy\" decoding=\"async\"   src=\"https:\/\/www.europesays.com\/es\/wp-content\/uploads\/2025\/10\/luis-pliego_a6a4c4b3_131728_251001134646_1200x670.webp.webp\" alt=\"Luis Pliego\" class=\"lazyload\" width=\"1200\" height=\"670\" data-aspectratio=\"1200\/670\"\/><\/p>\n<p>Los propietarios de la vivienda de Telma y Robert deciden redactar una orden de desahucio al haber consumido la fianza depositada.<\/p>\n<p>&#13;Telecinco<\/p>\n<p>Sin embargo, cuando Telma y Robert optaron por alquilar esta vivienda el contrato fue firmado por los dos, por lo que esta orden ser\u00e1 notificada para ambos. \u201c<strong>El contrato de la casa est\u00e1 a nombre de ambos<\/strong>, por tanto los dos, o no, van a recibir esa demanda de desahucio\u201d, explicaba Luis Pliego durante su intervenci\u00f3n televisiva para arrojar algo de luz a todo este asunto.<\/p>\n<p>Por \u00faltimo, desde el programa de Telecinco los colaboradores han querido consultar lo que Pliego estaba queriendo decir sobre esa coincidencia que ha habido en el tiempo de ambas noticias, la de la separaci\u00f3n y el desahucio. \u201c<strong>Simplemente para quitarla de la ecuaci\u00f3n de la deuda.<\/strong> \u2018Ella ya no vive en el hogar familiar\u2019, como dejando la deuda a su pareja\u201d, informaba el director de la revista Lecturas.<\/p>\n<p>Nuevos datos<\/p>\n<p>En la tarde de este mismo mi\u00e9rcoles, Luis Pliego regresaba a \u2018El tiempo justo\u2019 para poder arrojar algunos detalles nuevos que no hab\u00eda desvelado con anterioridad. \u201cTelma Ortiz se fue el d\u00eda 11. La propiedad de la casa nos dice que <strong>nadie ha devuelto las llaves, no se les ha notificado, no cogen el tel\u00e9fono<\/strong>. No contestan y solo les queda la v\u00eda judicial\u201d, expresaba en directo el director de la revista Lecturas. No obstante, volv\u00eda a hacer hincapi\u00e9 en un detalle de la expareja. \u201cEl contrato de alquiler est\u00e1 a nombre de ambos. La propiedad de la casa desconoce que se han ido\u201d, aseguraba el periodista.<\/p>\n<p><img loading=\"lazy\" decoding=\"async\"   src=\"https:\/\/www.europesays.com\/es\/wp-content\/uploads\/2025\/10\/luis-pliego_2e8a3919_251001175926_1200x675.webp.webp\" alt=\"Luis Pliego\" class=\"lazyload\" width=\"1200\" height=\"675\" data-aspectratio=\"1200\/675\"\/><\/p>\n<p>Los arrendadores desconoc\u00edan que Telma y Robert ya no viv\u00edan en su domicilio y no consiguen localizarlos.<\/p>\n<p>&#13;Telecinco<\/p>\n<p>Leticia Requejo ten\u00eda tambi\u00e9n informaci\u00f3n para aportar sobre esta situaci\u00f3n. \u201cSe instala en el piso de su padre de Somosaguas. <strong>Hace este traslado de forma repentina porque no estaba previsto<\/strong>. Lo que pasa es que se instala durante varias semanas, del mes de julio a septiembre del a\u00f1o pasado\u201d, confesaba la periodista sobre la hermana de Letizia. \u201cCuando viv\u00eda en Andorra ya hizo alg\u00fan desperfecto. Anim\u00f3 a amigos del principado a participar en negocios suyos que lo llev\u00f3 a marcharse de escapada\u201d, aseguraba Mar\u00eda Eugenia Yag\u00fce sobre Robert Gavin.<\/p>\n<p>Todos los detalles<\/p>\n<p>Ya el pasado martes Luis Pliego estuvo presente en \u2018El tiempo justo\u2019 donde ofreci\u00f3 un adelanto de lo que este mi\u00e9rcoles se iba a publicar en la revista Lecturas. \u201cTanto ella como su expareja dejaron de pagar el alquiler de la casa de La Moraleja en el mes de mayo. Son 5.000 euros mensuales de alquiler\u201d, explicaba. \u201cEllos [los propietarios] no han sido notificados de que Telma ya no vive en esa vivienda. Ha desaparecido. <strong>Los propietarios cre\u00edan que Telma y su expareja segu\u00edan viviendo all\u00ed<\/strong>\u201d, confirmaba el periodista.<\/p>\n<p><img decoding=\"async\" src=\"https:\/\/www.europesays.com\/es\/wp-content\/uploads\/2025\/10\/belen-esteban_df408b33_251001101100_800x800.webp.webp\" alt=\"Bel\u00e9n Esteban\" class=\"image lazyload\"\/><img loading=\"lazy\" decoding=\"async\" src=\"https:\/\/www.europesays.com\/es\/wp-content\/uploads\/2025\/10\/belen-esteban_df408b33_251001101110_1280x720.webp.webp\" alt=\"Bel\u00e9n Esteban se pronuncia tras conocer la \u00faltima hora del estado de salud de Jesul\u00edn de Ubrique: &quot;Me alegro... Que parece que ha estado bastante delicado&quot;\" class=\"image lazyload\" width=\"1280\" height=\"720\" data-aspectratio=\"1280\/720\"\/><\/p>\n<p>De hecho, Pliego garantiz\u00f3 que los propietarios de la vivienda \u201cnos cuentan que las n\u00f3minas eran un poco justo para pagar el alquiler, pero <strong>no pod\u00edan pensar que la hermana de la Reina no tendr\u00eda dinero para pagar<\/strong>\u201d.\u00a0 Adem\u00e1s, Luis Pliego confirmaba tambi\u00e9n que los arrendadores se hab\u00edan enterado por la prensa que ya no resid\u00edan en el domicilio, aunque la orden de desahucio ya estaba redactada. \u201cTelma pensaba que era su pareja la que iba a pagar, pero el contrato est\u00e1 a nombre de ambos\u201d, aseveraba el director de la revista Lecturas durante su intervenci\u00f3n del pasado martes.<\/p>\n","protected":false},"excerpt":{"rendered":"Hace tan solo unos d\u00edas conocimos que Telma Ortiz y Robert Gavin se hab\u00edan separado. La noticia no&hellip;\n","protected":false},"author":2,"featured_media":151125,"comment_status":"","ping_status":"","sticky":false,"template":"","format":"standard","meta":{"footnotes":""},"categories":[174],"tags":[255,146,147,25,24,256,23],"class_list":{"0":"post-151124","1":"post","2":"type-post","3":"status-publish","4":"format-standard","5":"has-post-thumbnail","7":"category-famosos","8":"tag-celebrities","9":"tag-entertainment","10":"tag-entretenimiento","11":"tag-es","12":"tag-espana","13":"tag-famosos","14":"tag-spain"},"share_on_mastodon":{"url":"","error":""},"_links":{"self":[{"href":"https:\/\/www.europesays.com\/es\/wp-json\/wp\/v2\/posts\/151124","targetHints":{"allow":["GET"]}}],"collection":[{"href":"https:\/\/www.europesays.com\/es\/wp-json\/wp\/v2\/posts"}],"about":[{"href":"https:\/\/www.europesays.com\/es\/wp-json\/wp\/v2\/types\/post"}],"author":[{"embeddable":true,"href":"https:\/\/www.europesays.com\/es\/wp-json\/wp\/v2\/users\/2"}],"replies":[{"embeddable":true,"href":"https:\/\/www.europesays.com\/es\/wp-json\/wp\/v2\/comments?post=151124"}],"version-history":[{"count":0,"href":"https:\/\/www.europesays.com\/es\/wp-json\/wp\/v2\/posts\/151124\/revisions"}],"wp:featuredmedia":[{"embeddable":true,"href":"https:\/\/www.europesays.com\/es\/wp-json\/wp\/v2\/media\/151125"}],"wp:attachment":[{"href":"https:\/\/www.europesays.com\/es\/wp-json\/wp\/v2\/media?parent=151124"}],"wp:term":[{"taxonomy":"category","embeddable":true,"href":"https:\/\/www.europesays.com\/es\/wp-json\/wp\/v2\/categories?post=151124"},{"taxonomy":"post_tag","embeddable":true,"href":"https:\/\/www.europesays.com\/es\/wp-json\/wp\/v2\/tags?post=151124"}],"curies":[{"name":"wp","href":"https:\/\/api.w.org\/{rel}","templated":true}]}}