{"id":151126,"date":"2025-10-01T18:05:07","date_gmt":"2025-10-01T18:05:07","guid":{"rendered":"https:\/\/www.europesays.com\/es\/151126\/"},"modified":"2025-10-01T18:05:07","modified_gmt":"2025-10-01T18:05:07","slug":"maria-altuna-es-la-autora-de-la-imagen-del-dia-de-las-librerias-de-espana","status":"publish","type":"post","link":"https:\/\/www.europesays.com\/es\/151126\/","title":{"rendered":"Mar\u00eda Altuna es la autora de la imagen del D\u00eda de las Librer\u00edas de Espa\u00f1a"},"content":{"rendered":"<p>El pr\u00f3ximo 11 de noviembre Espa\u00f1a celebra una nueva edici\u00f3n del D\u00eda de las Librer\u00edas y ya ha hecho p\u00fablica la imagen para este evento. <strong>Maria Altuna<\/strong>, que ya cre\u00f3 el cartel de CEGAL para el D\u00eda del Libro de este mismo a\u00f1o, es la autora de <strong>Nos hacen florecer<\/strong>, la imagen del D\u00eda de las Librer\u00edas de Espa\u00f1a 2025.<\/p>\n<p>En este D\u00eda de las Librer\u00edas se celebra que estos espacios que nos invitan a leer, descubrir y encontrarnos. Gracias al trabajo de las libreras y los libreros, que con paciencia y dedicaci\u00f3n riegan historias, ideas y sue\u00f1os, la imaginaci\u00f3n crece y hacen florecer a toda la comunidad lectora. Cada historia en la librer\u00eda se enciende como una luci\u00e9rnaga que ilumina la curiosidad y el deseo de aprender.<\/p>\n<p><b><strong>Maria Altuna Lizarraga<\/strong><\/b>\u00a0es una ilustradora, ceramista y artista visual nacida en Zizurkil (Gipuzkoa) y afincada en Bilbao. Como mujer creativa vasca, la ilustraci\u00f3n y la cer\u00e1mica se encuentran en el continuo devenir de su voz. Su trabajo se caracteriza por las relaciones entre lo cotidiano y lo afectivo, resignificando lo aparentemente familiar, para evocar experiencias \u00edntimas y conectar con lo sensorial.<\/p>\n<p>Maria ha creado ilustraciones para proyectos del Gobierno Vasco, La Diputaci\u00f3n de Bizkaia, as\u00ed como para diferentes ayuntamientos y entidades p\u00fablicas y privadas. Licenciada en Bellas Artes, tambi\u00e9n ha realizado los m\u00e1steres de \u201cInvestigaci\u00f3n y creatividad en el arte\u201d y de \u201cFormaci\u00f3n del profesorado\u201d en la misma universidad en la que actualmente trabaja como profesora del departamento de Pl\u00e1stica de la Facultad de Educaci\u00f3n.<\/p>\n","protected":false},"excerpt":{"rendered":"El pr\u00f3ximo 11 de noviembre Espa\u00f1a celebra una nueva edici\u00f3n del D\u00eda de las Librer\u00edas y ya ha&hellip;\n","protected":false},"author":2,"featured_media":151127,"comment_status":"","ping_status":"","sticky":false,"template":"","format":"standard","meta":{"footnotes":""},"categories":[172],"tags":[224,146,147,25,24,225,23],"class_list":{"0":"post-151126","1":"post","2":"type-post","3":"status-publish","4":"format-standard","5":"has-post-thumbnail","7":"category-libros","8":"tag-books","9":"tag-entertainment","10":"tag-entretenimiento","11":"tag-es","12":"tag-espana","13":"tag-libros","14":"tag-spain"},"share_on_mastodon":{"url":"","error":""},"_links":{"self":[{"href":"https:\/\/www.europesays.com\/es\/wp-json\/wp\/v2\/posts\/151126","targetHints":{"allow":["GET"]}}],"collection":[{"href":"https:\/\/www.europesays.com\/es\/wp-json\/wp\/v2\/posts"}],"about":[{"href":"https:\/\/www.europesays.com\/es\/wp-json\/wp\/v2\/types\/post"}],"author":[{"embeddable":true,"href":"https:\/\/www.europesays.com\/es\/wp-json\/wp\/v2\/users\/2"}],"replies":[{"embeddable":true,"href":"https:\/\/www.europesays.com\/es\/wp-json\/wp\/v2\/comments?post=151126"}],"version-history":[{"count":0,"href":"https:\/\/www.europesays.com\/es\/wp-json\/wp\/v2\/posts\/151126\/revisions"}],"wp:featuredmedia":[{"embeddable":true,"href":"https:\/\/www.europesays.com\/es\/wp-json\/wp\/v2\/media\/151127"}],"wp:attachment":[{"href":"https:\/\/www.europesays.com\/es\/wp-json\/wp\/v2\/media?parent=151126"}],"wp:term":[{"taxonomy":"category","embeddable":true,"href":"https:\/\/www.europesays.com\/es\/wp-json\/wp\/v2\/categories?post=151126"},{"taxonomy":"post_tag","embeddable":true,"href":"https:\/\/www.europesays.com\/es\/wp-json\/wp\/v2\/tags?post=151126"}],"curies":[{"name":"wp","href":"https:\/\/api.w.org\/{rel}","templated":true}]}}