{"id":151130,"date":"2025-10-01T18:07:06","date_gmt":"2025-10-01T18:07:06","guid":{"rendered":"https:\/\/www.europesays.com\/es\/151130\/"},"modified":"2025-10-01T18:07:06","modified_gmt":"2025-10-01T18:07:06","slug":"red-bull-batalla-2025-ellos-son-los-16-freestylers-que-lucharan-por-el-titulo-de-campeon-nacional-de-colombia-eltiempo-com","status":"publish","type":"post","link":"https:\/\/www.europesays.com\/es\/151130\/","title":{"rendered":"Red Bull Batalla 2025: ellos son los 16 freestylers que luchar\u00e1n por el t\u00edtulo de campe\u00f3n nacional de Colombia &#8211; ELTIEMPO.COM"},"content":{"rendered":"<ol>\n<li><a href=\"https:\/\/news.google.com\/rss\/articles\/CBMi-gFBVV95cUxQLWRTb0t5QlBpY25wLWlaNXEwSUdRa0VBZWJCSEVad0dJVUxwcnExa01XTGlkVElaZWYtNVF5SE9BaFotUjFhSUlaaUF4NjM0ZF8wbjZxUm1yeXdrVGltMjk0NFNlQ1l1Z0RfTXhOaVFWZXZ4QTNoRTlYcks4aFNUaEcxWjRMS0JlNHpsTUVYT2Roc2JwdExHWjdIOGJsOXAtMVRZYWdZYzFndm5NZGhEdFlrRG8zT2E0Y0dPRjF4SWZrcjdLVVBINDl3bnFua2d6WWZnbk4taDQ5NExPVENycXJ2VnpBSVFIUTNyMmVKYS10RVQyLVJBLXl30gH_AUFVX3lxTE1RQTBxaXhqTEhlYzU2ZkpkSERSaDBSbjNUX2tZejhlT09RU29rWHZ6Ni10MVhEVEFELUEzbUdpRlZCWjc4REJVUUJiMTJDbkJ5NE9oT2RRN3VTRkpIMmYxT0VnNFhBSTBHMkNVdWtSUzBDMmhpdXlJalFzbkM5YnBmSk5RT0l0UW5HNU9MUk50d1k1VmphWFdINnhNY1hIakxVaUJLRTBNXzJ0dEZJalNUaS1TTGhpZ1hxeXFoWjNXRjlSR2RTRjVZVGFVZThYRnUwN01QZkpRdmVHemdUblYzcmZqOVFGRGpsek0xekxtSUFnU1p3SU5ZYnhUZHZzaw?oc=5\" target=\"_blank\" rel=\"nofollow noopener\">Red Bull Batalla 2025: ellos son los 16 freestylers que luchar\u00e1n por el t\u00edtulo de campe\u00f3n nacional de Colombia<\/a>&nbsp;&nbsp;ELTIEMPO.COM<\/li>\n<li><a href=\"https:\/\/news.google.com\/rss\/articles\/CBMilAFBVV95cUxQajE0STBDQUZjN3FnZEg0T3JLNWh4bVFJM0o0RGZaMnZyWXl3Q2E5enBlYUY5U1RpS2JSaF9GNi1qNEczam02djU4WmZGMnNzTHAxODBGbGZqMExleU1UMTJfd3V5ZlE2SUMzVWtOeEJoWUtYdzVHQnBzR0w5bFFDTURzcTZpYlZqaXJpRnJpakNGMFJC?oc=5\" target=\"_blank\" rel=\"nofollow noopener\">Red Bull Batalla Colombia 2025; todo lo que necesitas saber<\/a>&nbsp;&nbsp;Red Bull<\/li>\n<li><a href=\"https:\/\/news.google.com\/rss\/articles\/CBMivwFBVV95cUxQNzFHTE5rcGkxQ1dReEFBVGg2cUw3RW9SeDJ5OWI4cWFIX0FmT0gyY2ZTRGlUTzNtQWlUcDB5T1B4cHdPbHRyVHl2bjh1OTVuVVdHdkNyU1Bab2dyc0x2M2dBUU1Zc25nMk0weUFmU1J3VzFSSmpHcU9xR05KZ05SMElxVkJsbUVNUkZ5aW15SC0xdmVFdnBtTWVvc1R2Z1JpRmJ5ZTVodkNjVmdoeGR1QzBXenlRR3NRUlc4Q042d9IB2gFBVV95cUxOdHFPN2dfYkNiVkkyUkFLWE8wRDBOYjFuRXNjSWh3eW04R2FqaUNJdklwaWJ6X1hHMkNBNnF3bFB3bjBDVmM2dW5wd2N3RURDQkM4UW9RNXFKM0sxX2NGRGxKc3dHNFJzTm55QjNRN2JSMFIyaUNyN1RENmRmU09PTjdhSHNRbVVvRlpfaHlZcjdfNWZvUmJiNHMwT1RXdXpBLXNLbzd0cXlnMEZDN3pDSHFXWGo5TElaRWpFeDhNR1htSlBpVVlOZ1h0ZG4xYmxhSlpMTkRZNm1oUQ?oc=5\" target=\"_blank\" rel=\"nofollow noopener\">Tres coste\u00f1os buscar\u00e1n la corona de la Red Bull Batalla Colombia este jueves<\/a>&nbsp;&nbsp;ELHERALDO.CO<\/li>\n<li><a href=\"https:\/\/news.google.com\/rss\/articles\/CBMiwAFBVV95cUxPZXdKRko3MkV3aTZHV2F6dkVwMUdqdy0wVjQ2MXlnN0xvUC1YR2xjNUlJblg3a2dQc0xoaVNXYXNKek8wNXdrZjZ3LTc3RzJaNUZwUlIyTk1FR3JMZ1JVXzFLdUxudDA1NEpyOUtpb3Z2Vzc1MGRvUnNjWWNiU2RQTGp3MzlneU83N2RfZFktREY4T0cyTk51UlptTmdDWngxcC0tekQ2RWR6ak15OENOeGFUelZiR05Vc29UNTNmeEXSAdQBQVVfeXFMUDY5VWFDYTBwTjJCdEJycWxfX0ZTenhkREE0ZHFDdXcwS3dvZnhSTEdJWGlKOEpUZkRoTXhSYk85a2JTNGRlbndmVXQzZzUtUkJDUDVtTGJiRm1yVmN2LWhVY25HTjJnOUlIbzJpeFdPaldoQnFJMWVHVE5fM3hqblpldHQ2T2FDUUx5Y2xVNzAyaTJ2dDE3VUJHMHBjMG9ydXNLS3lhUVBXLTZTenA4S2lZZW5QQmwxSllYeXpzaUhIam4zNm9JMmF6N0tqMnB1R2NNRno?oc=5\" target=\"_blank\" rel=\"nofollow noopener\">\u00a1Ap\u00f3yalo! Este es el cartagenero que est\u00e1 en la final de Red Bull Batalla<\/a>&nbsp;&nbsp;Eluniversal.com.co<\/li>\n<li><a href=\"https:\/\/news.google.com\/rss\/articles\/CBMirgFBVV95cUxOcTRpbmpIS1VzNmh6eUFNLWw5dFJYYy1GYlVoTWpZdXZLOWtLUmlabDZuMjdCMktqM1RRdW1vcWJjM3JvdU5aM2JQczlZdDBXLUtJY1FBQXJKYmc4dlBkbVp6WVRYejdpY3lwTnp4M0VSMl9nMEJ2NEo2X3B6YWhtMHB0RV9yZ2ZYUVFZVHhNb3J5dDkyWS1yVDEyUVgtcWhkTDVYRmF6VUlpUEpCN2c?oc=5\" target=\"_blank\" rel=\"nofollow noopener\">Final Nacional de Red Bull Batalla Colombia 2025: fecha, hora y transmisi\u00f3n<\/a>&nbsp;&nbsp;Canal Trece<\/li>\n<\/ol>\n","protected":false},"excerpt":{"rendered":"Red Bull Batalla 2025: ellos son los 16 freestylers que luchar\u00e1n por el t\u00edtulo de campe\u00f3n nacional de&hellip;\n","protected":false},"author":2,"featured_media":150390,"comment_status":"","ping_status":"","sticky":false,"template":"","format":"standard","meta":{"footnotes":""},"categories":[170],"tags":[146,147,25,24,184,185,23],"class_list":{"0":"post-151130","1":"post","2":"type-post","3":"status-publish","4":"format-standard","5":"has-post-thumbnail","7":"category-musica","8":"tag-entertainment","9":"tag-entretenimiento","10":"tag-es","11":"tag-espana","12":"tag-music","13":"tag-musica","14":"tag-spain"},"share_on_mastodon":{"url":"","error":""},"_links":{"self":[{"href":"https:\/\/www.europesays.com\/es\/wp-json\/wp\/v2\/posts\/151130","targetHints":{"allow":["GET"]}}],"collection":[{"href":"https:\/\/www.europesays.com\/es\/wp-json\/wp\/v2\/posts"}],"about":[{"href":"https:\/\/www.europesays.com\/es\/wp-json\/wp\/v2\/types\/post"}],"author":[{"embeddable":true,"href":"https:\/\/www.europesays.com\/es\/wp-json\/wp\/v2\/users\/2"}],"replies":[{"embeddable":true,"href":"https:\/\/www.europesays.com\/es\/wp-json\/wp\/v2\/comments?post=151130"}],"version-history":[{"count":0,"href":"https:\/\/www.europesays.com\/es\/wp-json\/wp\/v2\/posts\/151130\/revisions"}],"wp:featuredmedia":[{"embeddable":true,"href":"https:\/\/www.europesays.com\/es\/wp-json\/wp\/v2\/media\/150390"}],"wp:attachment":[{"href":"https:\/\/www.europesays.com\/es\/wp-json\/wp\/v2\/media?parent=151130"}],"wp:term":[{"taxonomy":"category","embeddable":true,"href":"https:\/\/www.europesays.com\/es\/wp-json\/wp\/v2\/categories?post=151130"},{"taxonomy":"post_tag","embeddable":true,"href":"https:\/\/www.europesays.com\/es\/wp-json\/wp\/v2\/tags?post=151130"}],"curies":[{"name":"wp","href":"https:\/\/api.w.org\/{rel}","templated":true}]}}