{"id":151133,"date":"2025-10-01T18:09:16","date_gmt":"2025-10-01T18:09:16","guid":{"rendered":"https:\/\/www.europesays.com\/es\/151133\/"},"modified":"2025-10-01T18:09:16","modified_gmt":"2025-10-01T18:09:16","slug":"psg-resultado-resumen-y-clasificacion-de-la-youth-league-de-futbol","status":"publish","type":"post","link":"https:\/\/www.europesays.com\/es\/151133\/","title":{"rendered":"PSG: resultado, resumen y clasificaci\u00f3n de la Youth League de f\u00fatbol"},"content":{"rendered":"<p>\u00a1Gracias por su atenci\u00f3n y hasta la pr\u00f3xima!<\/p>\n<p>Segunda victoria del Bar\u00e7a en dos jornadas de la UEFA Youth League despu\u00e9s del 2-3 en Newcastle. \u00a1As\u00ed se comienza la defensa del t\u00edtulo!<\/p>\n<p><img loading=\"lazy\" decoding=\"async\" width=\"38\" height=\"38\" class=\"lazy float-right\" alt=\"\" src=\"https:\/\/www.europesays.com\/es\/wp-content\/uploads\/2025\/09\/60f287ba38116.png\"\/> <\/p>\n<p>Gran segunda parte del Juvenil A del Bar\u00e7a para dar la vuelta al marcador con golazos de <strong>Shane Kluivert y Xavi Espart<\/strong>. Ha sido decisiva la expulsi\u00f3n absurda de Slama con 0-1 porque ha igualado las fuerzas tras la de Campos en la primera parte<\/p>\n<p>\u00a0<\/p>\n<p>Zurdazo desde \u00a0fuera del \u00e1rea que se va alto, pero por poco. El PSG, a la desesperada y el Bar\u00e7a, defendi\u00e9ndose como puede<\/p>\n<p>\u00a0<\/p>\n<p>Meti\u00f3 la cabeza en un centro lateral y el \u00a0bal\u00f3n se estrell\u00f3 en el lateral de la red<\/p>\n<p>\u00a0<\/p>\n<p><img loading=\"lazy\" decoding=\"async\" width=\"38\" height=\"38\" class=\"lazy float-right\" alt=\"\" src=\"https:\/\/www.europesays.com\/es\/wp-content\/uploads\/2025\/09\/60f287ba90e4d.png\"\/> <\/p>\n<p>Agarr\u00f3 a Fabio Domingos para frenar una contra del PSG. Necesaria<\/p>\n<p>\u00a0<\/p>\n<p>Sacando balones del \u00e1rea con contundencia<\/p>\n<p>\u00a0<\/p>\n<p>Intenta dormir el partido el Bar\u00e7a, pero el PSG aprieta<\/p>\n<p>\u00a0<\/p>\n<p>Atento en un centro lateral en las \u00faltimas embestidas del PSG, que recurre al f\u00edsico<\/p>\n<p>\u00a0<\/p>\n<p>Lleg\u00f3 con Pedro &#8216;Dro&#8217; Fern\u00e1ndez de la Val de Mi\u00f1or, en Galicia, e intentar\u00e1 seguir sus pasos<\/p>\n<p>\u00a0<\/p>\n<p>Hubo dudas en el \u00e1rea del Bar\u00e7a tras un centro envenenado y rebotado y el central fue el m\u00e1s r\u00e1pido para despejar<\/p>\n<p>\u00a0<\/p>\n<p><img loading=\"lazy\" decoding=\"async\" width=\"38\" height=\"38\" class=\"lazy float-right\" alt=\"\" src=\"https:\/\/www.europesays.com\/es\/wp-content\/uploads\/2025\/09\/60f287baec3ae.png\"\/> <\/p>\n<p>Se van<strong> Nsoki<\/strong> y<strong> Abo El Nay<\/strong> y entran<strong> Adam Ayari<\/strong> y<strong> Fabio Domingos<\/strong><\/p>\n<p>\u00a0<\/p>\n<p><img loading=\"lazy\" decoding=\"async\" width=\"38\" height=\"38\" class=\"lazy float-right\" alt=\"\" src=\"https:\/\/www.europesays.com\/es\/wp-content\/uploads\/2025\/09\/60f287baec3ae.png\"\/> <\/p>\n<p>Impresionante partido el del extremo del Bar\u00e7a, que se va agotado, y entra el jovenc\u00edsimo talento de 15 a\u00f1os de la cantera<\/p>\n<p><img loading=\"lazy\" decoding=\"async\" width=\"38\" height=\"38\" class=\"lazy float-right\" alt=\"\" src=\"https:\/\/www.europesays.com\/es\/wp-content\/uploads\/2025\/09\/60f287b9d7e3a.png\"\/> <\/p>\n<p>Se ve\u00eda venior, era la tendencia y Espart, con el brazalete de capit\u00e1n tras la salida de \u00c1vila, no perdona en el mano a mano con el portero tras una genial asistencia de Pedro Rodr\u00edguez<\/p>\n<p>\u00a0<\/p>\n<p><img loading=\"lazy\" decoding=\"async\" width=\"38\" height=\"38\" class=\"lazy float-right\" alt=\"\" src=\"https:\/\/www.europesays.com\/es\/wp-content\/uploads\/2025\/09\/60f287baec3ae.png\"\/> <\/p>\n<p>Se hizo da\u00f1o en la entrada a Kluivert<\/p>\n<p>\u00a0<\/p>\n<p>Lanza la falta sin \u00e1ngulo con toda la intenci\u00f3n y despeja el portero con apuros<\/p>\n<p>\u00a0<\/p>\n<p><img loading=\"lazy\" decoding=\"async\" width=\"38\" height=\"38\" class=\"lazy float-right\" alt=\"\" src=\"https:\/\/www.europesays.com\/es\/wp-content\/uploads\/2025\/09\/60f287ba90e4d.png\"\/> <\/p>\n<p>\u00a1C\u00f3mo ha entradp <strong>Shane Kluivert<\/strong>! Amarilla para el lateral por derribar al holand\u00e9s, que ya se le iba<\/p>\n<p>\u00a0<\/p>\n<p><img loading=\"lazy\" decoding=\"async\" width=\"38\" height=\"38\" class=\"lazy float-right\" alt=\"\" src=\"https:\/\/www.europesays.com\/es\/wp-content\/uploads\/2025\/09\/60f287b9d7e3a.png\"\/> <\/p>\n<p>1-1 empata el Bar\u00e7a gracias a una rosca de pel\u00edcula de Shane Kluivert, habilitado por Sama Nomoko, que se fue de varios rivales. Gran gol<\/p>\n<p>\u00a0<\/p>\n<p><img loading=\"lazy\" decoding=\"async\" width=\"38\" height=\"38\" class=\"lazy float-right\" alt=\"\" src=\"https:\/\/www.europesays.com\/es\/wp-content\/uploads\/2025\/09\/60f287baec3ae.png\"\/> <\/p>\n<p>Se van el lesionado<strong> Dani \u00c1vila y Orian Goren<\/strong> y entran<strong> Pedro Villar y Shane Kluivert<\/strong><\/p>\n<p>\u00a0<\/p>\n<p><img loading=\"lazy\" decoding=\"async\" width=\"38\" height=\"38\" class=\"lazy float-right\" alt=\"\" src=\"https:\/\/www.europesays.com\/es\/wp-content\/uploads\/2025\/09\/60f2881040df8.png\"\/> <\/p>\n<p>Se queda en el suelo con dolor en los isquiotibiales y pide el cambio<\/p>\n<p>909 espectadores en el Estadi Johan Cruyff<\/p>\n<p>\u00a0<\/p>\n<p><img loading=\"lazy\" decoding=\"async\" width=\"38\" height=\"38\" class=\"lazy float-right\" alt=\"\" src=\"https:\/\/www.europesays.com\/es\/wp-content\/uploads\/2025\/10\/60f2931e068a8.png\"\/> <\/p>\n<p>Patada absurda de Slama a Xavi Espart y segunda amarilla, aunque pudo ser roja directa. Los dos equipos con 10 y el Bar\u00e7a, mejorando<\/p>\n<p>\u00a0<\/p>\n<p><img loading=\"lazy\" decoding=\"async\" width=\"38\" height=\"38\" class=\"lazy float-right\" alt=\"\" src=\"https:\/\/www.europesays.com\/es\/wp-content\/uploads\/2025\/09\/60f287baec3ae.png\"\/> <\/p>\n<p>Se va el goleador <strong>Chtai Telaimi,<\/strong> &#8216;tocado&#8217;, y <strong>Khafi <\/strong>y entran <strong>Mounguengue y N&#8217;Guessan<\/strong><\/p>\n<p>Ya funcion\u00f3 en el Bar\u00e7a Atl\u00e8tic, con asistencia del primero y gol del segundo en la la victoria ante el San Andreu en el Grupo 3 de la Segunda RFEF. Sucedi\u00f3 el domingo (0-1)<\/p>\n<p>\u00a0<\/p>\n<p><img loading=\"lazy\" decoding=\"async\" width=\"38\" height=\"38\" class=\"lazy float-right\" alt=\"\" src=\"https:\/\/www.europesays.com\/es\/wp-content\/uploads\/2025\/09\/60f287ba90e4d.png\"\/> <\/p>\n<p>Por una falta de Sama Nomoko en el v\u00e9rtice del \u00e1rea grande. No se rinde el juvenil azulgrana<\/p>\n<p>\u00a0<\/p>\n<p>Visi\u00f3n de juego y un Bar\u00e7a que ha pisado \u00e1rea dos veces, aunque sin llegar a crear peligro<\/p>\n<p>\u00a0<\/p>\n<p><img loading=\"lazy\" decoding=\"async\" width=\"38\" height=\"38\" class=\"lazy float-right\" alt=\"\" src=\"https:\/\/www.europesays.com\/es\/wp-content\/uploads\/2025\/09\/1758137233_769_60f287bb741c3.png\"\/> <\/p>\n<p>El bal\u00f3n ya rueda de nuevo en el Johan Cruyff. El PSG va por delante en el marcador (0-1) gracias al gol de <strong>Chtai Telamio<\/strong><\/p>\n<p>\u00a0<\/p>\n<p><img loading=\"lazy\" decoding=\"async\" width=\"38\" height=\"38\" class=\"lazy float-right\" alt=\"\" src=\"https:\/\/www.europesays.com\/es\/wp-content\/uploads\/2025\/09\/60f287baec3ae.png\"\/> <\/p>\n<p>46&#8242;<strong> Xavi Espart <\/strong>entra por <strong>Guillem V\u00edctor.<\/strong> Pol Planas no ha querido arriesgar con V\u00efctor, que ya vio una amarilla.\u00a0<\/p>\n<p>\u00a0<\/p>\n<p><img loading=\"lazy\" decoding=\"async\" width=\"38\" height=\"38\" class=\"lazy float-right\" alt=\"\" src=\"https:\/\/www.europesays.com\/es\/wp-content\/uploads\/2025\/09\/60f287bc94ef4.png\"\/> <\/p>\n<p>El <strong>Bar\u00e7a <\/strong>se march\u00f3 al descanso perdiendo por uno cero. Un tanto de <strong>Chtai Telamio<\/strong> al borde de que acabara la primera parte vali\u00f3 para que el PSG se fuera a la caseta con la victoria de forma moment\u00e1nea.\u00a0<\/p>\n<p>\u00a0<\/p>\n<p><img loading=\"lazy\" decoding=\"async\" width=\"38\" height=\"38\" class=\"lazy float-right\" alt=\"\" src=\"https:\/\/www.europesays.com\/es\/wp-content\/uploads\/2025\/09\/60f287b9d7e3a.png\"\/> <\/p>\n<p>El conjunto franc\u00e9s consigue ponerse por delante en el marcador gracias a un gol de <strong>Chtai Telamio,<\/strong> que control\u00f3 muy bien un centro desde la derecha de <strong>Diandanga <\/strong>y, tras superar a <strong>Guillem V\u00edctor<\/strong>, ajust\u00f3 el bal\u00f3n a la derecha para marcar. 0-1<\/p>\n<p><img loading=\"lazy\" decoding=\"async\" width=\"38\" height=\"38\" class=\"lazy float-right\" alt=\"\" src=\"https:\/\/www.europesays.com\/es\/wp-content\/uploads\/2025\/09\/60f287ba90e4d.png\"\/> <\/p>\n<p>Ahora la ve <strong>Cordier<\/strong>, que ve como se le marcha <strong>Sama Nomoko<\/strong> y decide derribarlo.\u00a0<\/p>\n<p>\u00a0<\/p>\n<p>El extremo azulgrana va a luchar un bal\u00f3n con <strong>Lucea <\/strong>y acaba impactando con su rodilla. El \u00e1rbitro le muestra la amarilla.\u00a0<\/p>\n<p>\u00a0<\/p>\n<p><img loading=\"lazy\" decoding=\"async\" width=\"38\" height=\"38\" class=\"lazy float-right\" alt=\"\" src=\"https:\/\/www.europesays.com\/es\/wp-content\/uploads\/2025\/09\/60f287ba90e4d.png\"\/> <\/p>\n<p><strong>Guillem V\u00edctor<\/strong> ve la tarjeta amarilla por falta sobre <strong>Chtai Telamio<\/strong>. El hermano peque\u00f1o de Pau V\u00edctor se vio forzado a frenar al extremo del PSG para que no se marchara hacia porter\u00eda.\u00a0<\/p>\n<p>\u00a0<\/p>\n<p>A pesar de quedarse con 10, <strong>Pol Planas<\/strong> mantiene el bloque alto.<\/p>\n<p>\u00a0<\/p>\n<p><img loading=\"lazy\" decoding=\"async\" width=\"38\" height=\"38\" class=\"lazy float-right\" alt=\"\" src=\"https:\/\/www.europesays.com\/es\/wp-content\/uploads\/2025\/09\/60f287baec3ae.png\"\/> <\/p>\n<p>Entra <strong>Baba Kourouma <\/strong>y se marcha del campo<strong> Oriol Pall\u00e0s<\/strong>. <strong>Pol Planas<\/strong> reconstruye as\u00ed el equipo tras quedarse con diez por la expulsi\u00f3n de <strong>\u00c1lex Campos<\/strong>. <\/p>\n<p><img loading=\"lazy\" decoding=\"async\" width=\"38\" height=\"38\" class=\"lazy float-right\" alt=\"\" src=\"https:\/\/www.europesays.com\/es\/wp-content\/uploads\/2025\/10\/60f2931e068a8.png\"\/> <\/p>\n<p><strong>\u00c1lex Campos <\/strong>derriba a su marcador justo antes de que el delantero del <strong>PSG <\/strong>se metiera dentro del \u00e1rea. El \u00e1rbitro no lo duda y muestra la tarjeta roja directa al central del <strong>Bar\u00e7a<\/strong>.\u00a0<\/p>\n<p>\u00a0<\/p>\n<p>De momento, contin\u00faa el 0-0 en el marcador entre el <strong>Bar\u00e7a <\/strong>y el <strong>PSG<\/strong>, pese a que las mejores ocasiones ya han sido para el equipo azulgrana.\u00a0<\/p>\n<p>\u00a0<\/p>\n<p>El extremo derecho del <strong>Bar\u00e7a <\/strong>est\u00e1 llevando de cabeza a la defensa del <strong>PSG<\/strong>. Ya van tres internadas por su banda desbordando, la \u00faltima, de nuevo centr\u00f3 para <strong>Oriol Pall\u00e0s<\/strong>, pero en esta ocasi\u00f3n el delantero catal\u00e1n no logr\u00f3 controlar el esf\u00e9rico.\u00a0<\/p>\n<p>\u00a0<\/p>\n<p>Nueva oportunidad para el <strong>FC Barcelona<\/strong>, y de nuevo, con remate de <strong>Oriol Pall\u00e0s<\/strong>. El extremo azulgrana, en esta ocasi\u00f3n, remat\u00f3 de cabeza otro centro por la derecha de<strong> Sama Nomoko<\/strong>, pero el portero del PSG pudo detener el bal\u00f3n.\u00a0<\/p>\n<p>\u00a0<\/p>\n<p>El actual t\u00e9cnico del <strong>Bar\u00e7a Atl\u00e8tic<\/strong>, i vigente campe\u00f3n de la <strong>Youth League <\/strong>tras conquistar el t\u00edtulo con el juvenil azulgrana la temporada pasada, est\u00e1 siguiendo el duelo en directo frente al <strong>PSG<\/strong>.\u00a0<\/p>\n<p>\u00a0<\/p>\n<p>A punto estubo de culminar una gran jugada<strong> Oriol Pall\u00e0s<\/strong>. El extremo recibi\u00f3 un centro de <strong>Sama Nomoko<\/strong> desde la derecha, tras una dejada de <strong>Goren, <\/strong>pero el disparo se march\u00f3 rozando el palo derecho del meta del <strong>PSG.<\/strong> <\/p>\n<p><strong>El central azulgrana Hafiz <\/strong>se complic\u00f3 a la hora de sacar el bal\u00f3n y el <strong>PSG<\/strong> lo rob\u00f3 y estuvo a punto de aprovecharlo, pero <strong>Max Bonfill<\/strong> logr\u00f3 detener el disparo de <strong>Slama.<\/strong><\/p>\n<p>El equipo franc\u00e9s de momento es quien se ha hecho con el bal\u00f3n en estos primeros minutos de partido.<\/p>\n<p>\u00a0<\/p>\n<p><strong>Pol Planas<\/strong> es el t\u00e9cnico del <strong>Bar\u00e7a<\/strong>, mientras que en el banquillo del <strong>PSG <\/strong>est\u00e1<strong> Jean-Fran\u00e7ois Vulliez<\/strong><\/p>\n<p>Fuera de juego del <strong>PSG<\/strong>.\u00a0<\/p>\n<p>\u00a0<\/p>\n<p><img loading=\"lazy\" decoding=\"async\" width=\"38\" height=\"38\" class=\"lazy float-right\" alt=\"\" src=\"https:\/\/www.europesays.com\/es\/wp-content\/uploads\/2025\/09\/1758137233_769_60f287bb741c3.png\"\/> <\/p>\n<p>\u00a1\u00a1\u00a1Arranca el partido en el Johan Cruyff entre el <strong>Bar\u00e7a <\/strong>y el <strong>PSG <\/strong>de la<strong> Youth League<\/strong>!!!!<\/p>\n<p>\u00a0<\/p>\n<p>El \u00e1rbitro del <strong>Bar\u00e7a-PSG <\/strong>de la<strong> Youth League<\/strong> es el bosnio <strong>Antoni Bandi\u0107 <\/strong><\/p>\n<p>El <strong>Bar\u00e7a <\/strong>se impuso en la primera jornada al <strong>Newcastle <\/strong>(2-3), mientras que el <strong>PSG <\/strong>gole\u00f3 (5-1) al <strong>Atalanta<\/strong>. <\/p>\n<p><strong>Banquillo del PSG<\/strong>: Vignaud (p.), Domingos, Coulibaly, Mbemba, N&#8217;Dri Mounguengue, Ayari.<\/p>\n<p><img loading=\"lazy\" decoding=\"async\" width=\"38\" height=\"38\" class=\"lazy float-right\" alt=\"\" src=\"https:\/\/www.europesays.com\/es\/wp-content\/uploads\/2025\/09\/1758137234_122_60f287c0bb1bf.png\"\/> <\/p>\n<p><strong>Once del PSG<\/strong> ante el <strong>Bar\u00e7a <\/strong>en la <strong>Youth League<\/strong>: <strong>James; Fanne Drame, Diandaga, Lucea, Cordier; Nzinga, Khafi, Abo el Nay; Chtai Telamio, Slama y Nsoki.<\/strong><\/p>\n<p>\t\t<img class=\"lazy\"\/><\/p>\n<p>En el banquillo del <strong>Bar\u00e7a <\/strong>estar\u00e1n: Gerard Sala (p.), Nil Teixidor, Baba Kourouma, Lorenzo, Pedro Villar, Xavi Espart, Ebrima, Shane Kluivert, Roberto Tom\u00e1s. <\/p>\n<p><img loading=\"lazy\" decoding=\"async\" width=\"38\" height=\"38\" class=\"lazy float-right\" alt=\"\" src=\"https:\/\/www.europesays.com\/es\/wp-content\/uploads\/2025\/09\/1758137234_122_60f287c0bb1bf.png\"\/> <\/p>\n<p><strong>Once del FC Barcelona<\/strong> para medirse al <strong>PSG<\/strong> en la <strong>Youth League<\/strong>: <strong>Bonfill; Guillem V., Campos, Hafiz, Pol B.; Dani \u00c1vila, Pedro Hern\u00e1ndez, Orian; Sama, Adri y Oriol Pall\u00e0s. <\/strong><\/p>\n<p>\t\t<img class=\"lazy\"\/><\/p>\n<p>Muy buenas tardes y bienvenid@s al directo del partido entre el<strong> FC Barcelona<\/strong> y el <strong>PSG <\/strong>de la <strong>Youth League<\/strong>. Ambos equipo se enfrentan en esta segunda jornada en el <strong>estadi Johan Cruyff<\/strong>.<\/p>\n<p>\u00a0<\/p>\n","protected":false},"excerpt":{"rendered":"\u00a1Gracias por su atenci\u00f3n y hasta la pr\u00f3xima! Segunda victoria del Bar\u00e7a en dos jornadas de la UEFA&hellip;\n","protected":false},"author":2,"featured_media":151134,"comment_status":"","ping_status":"","sticky":false,"template":"","format":"standard","meta":{"footnotes":""},"categories":[93],"tags":[168,25,24,23,167],"class_list":{"0":"post-151133","1":"post","2":"type-post","3":"status-publish","4":"format-standard","5":"has-post-thumbnail","7":"category-deportes","8":"tag-deportes","9":"tag-es","10":"tag-espana","11":"tag-spain","12":"tag-sports"},"share_on_mastodon":{"url":"","error":""},"_links":{"self":[{"href":"https:\/\/www.europesays.com\/es\/wp-json\/wp\/v2\/posts\/151133","targetHints":{"allow":["GET"]}}],"collection":[{"href":"https:\/\/www.europesays.com\/es\/wp-json\/wp\/v2\/posts"}],"about":[{"href":"https:\/\/www.europesays.com\/es\/wp-json\/wp\/v2\/types\/post"}],"author":[{"embeddable":true,"href":"https:\/\/www.europesays.com\/es\/wp-json\/wp\/v2\/users\/2"}],"replies":[{"embeddable":true,"href":"https:\/\/www.europesays.com\/es\/wp-json\/wp\/v2\/comments?post=151133"}],"version-history":[{"count":0,"href":"https:\/\/www.europesays.com\/es\/wp-json\/wp\/v2\/posts\/151133\/revisions"}],"wp:featuredmedia":[{"embeddable":true,"href":"https:\/\/www.europesays.com\/es\/wp-json\/wp\/v2\/media\/151134"}],"wp:attachment":[{"href":"https:\/\/www.europesays.com\/es\/wp-json\/wp\/v2\/media?parent=151133"}],"wp:term":[{"taxonomy":"category","embeddable":true,"href":"https:\/\/www.europesays.com\/es\/wp-json\/wp\/v2\/categories?post=151133"},{"taxonomy":"post_tag","embeddable":true,"href":"https:\/\/www.europesays.com\/es\/wp-json\/wp\/v2\/tags?post=151133"}],"curies":[{"name":"wp","href":"https:\/\/api.w.org\/{rel}","templated":true}]}}