{"id":151135,"date":"2025-10-01T18:10:10","date_gmt":"2025-10-01T18:10:10","guid":{"rendered":"https:\/\/www.europesays.com\/es\/151135\/"},"modified":"2025-10-01T18:10:10","modified_gmt":"2025-10-01T18:10:10","slug":"observan-por-primera-vez-el-detonante-del-parkinson-en-un-cerebro-humano","status":"publish","type":"post","link":"https:\/\/www.europesays.com\/es\/151135\/","title":{"rendered":"Observan por primera vez el detonante del Parkinson en un cerebro humano"},"content":{"rendered":"<p>BarcelonaUn equipo internacional de cient\u00edficos ha visualizado y cuantificado por primera vez en el tejido cerebral humano a los grupos de prote\u00ednas que se consideran los detonantes del Parkinson, un avance que puede ayudar a desentra\u00f1ar los mecanismos por los que esta enfermedad neurol\u00f3gica se propaga a trav\u00e9s del cerebro y que puede apoyar el desarrollo de diagn\u00f3sticos y posibles tratamientos en el futuro. Se trata de un hito importante, ya que los responsables de que el Parkinson empiece a desarrollarse en el cerebro hab\u00edan evadido hasta ahora la detecci\u00f3n directa. Los resultados se han publicado este mi\u00e9rcoles en la revista Nature Biomedical Engineering.<\/p>\n<p>Durante m\u00e1s de cien a\u00f1os los m\u00e9dicos han reconocido al Parkinson por la presencia de grandes dep\u00f3sitos de prote\u00ednas, los llamados cuerpos de Lewy. Estas acumulaciones anormales aparecen dentro de las neuronas del cerebro y est\u00e1n formadas principalmente por olig\u00f3meros de alfa-sinucle\u00edna, una prote\u00edna que normalmente interviene en la comunicaci\u00f3n de las neuronas. Cuando se pliegan mal, las prote\u00ednas se convierten en olig\u00f3meros y en estas condiciones se convierten en t\u00f3xicas. La comunidad cient\u00edfica ya sospechaba que unos grupos m\u00e1s peque\u00f1os y de formaci\u00f3n precoz podr\u00edan causar el da\u00f1o a las c\u00e9lulas cerebrales, y ahora investigadores de la Universidad de Cambridge, de la University College London, del Instituto Francis Crick del Reino Unido y de la Polit\u00e9cnica de Montreal han logrado ver, contar y comparar a estos grupos de prote\u00ednas.<\/p>\n<p>El principal reto a la hora de observar estas se\u00f1ales era el tama\u00f1o de las prote\u00ednas, que apenas miden unos cuantos nan\u00f3metros de longitud. A partir del desarrollo de una nueva t\u00e9cnica de im\u00e1genes de microscop\u00eda de fluorescencia ultrasensible, llamada ASA-PD (por sus siglas en ingl\u00e9s deadvanced sensing of aggregates for Parkinson&#8217;s disease), el equipo internacional pudo examinar muestras de tejido cerebral de personas con Parkinson ya muertas y las compar\u00f3 con individuos sanos de edad similar.<\/p>\n<p>La observaci\u00f3n indicaba que estos grupos de prote\u00ednas estaban presentes tanto en cerebros sanos como en cerebros que hab\u00edan desarrollado la enfermedad, pero con una diferencia: el tama\u00f1o de los olig\u00f3meros. En cerebros afectados por el trastorno degenerativo eran mayores, brillantes y numerosos, lo que sugiere una relaci\u00f3n directa con la progresi\u00f3n del trastorno, seg\u00fan el coautor de la investigaci\u00f3n, el ingeniero de la Polit\u00e9cnica de Montreal Lucien Weiss.<\/p>\n<p>El equipo tambi\u00e9n descubri\u00f3 una subclase de estos olig\u00f3meros que aparecieron s\u00f3lo en pacientes con Parkinson y que podr\u00edan ser los primeros marcadores visibles de la enfermedad, posiblemente a\u00f1os antes de que los s\u00edntomas aparezcan. Gracias a esta herramienta, los cient\u00edficos pudieron observar y analizar millones de olig\u00f3meros en muestras de tejido cerebral humano, algo que hasta ahora era imposible. \u00abEste m\u00e9todo no s\u00f3lo nos proporciona una instant\u00e1nea\u00bb, dice Weiss, quien asegura que tambi\u00e9n ofrece un atlas completo de cambios proteicos en el cerebro.<\/p>\n<p>\u00abLos cuerpos de Lewy son el sello distintivo del Parkinson, pero b\u00e1sicamente indican d\u00f3nde se ha desarrollado la enfermedad, no d\u00f3nde se encuentra actualmente\u00bb, a\u00f1ade el investigador Steven Lee, del departamento de qu\u00edmica Yusuf Hamied de la Universidad de Cambridge y codirector de la investigaci\u00f3n. Sin embargo, observar la enfermedad en las primeras etapas puede revelar \u00abmucho m\u00e1s sobre c\u00f3mo se desarrolla la enfermedad en el cerebro y c\u00f3mo podr\u00edamos tratarla\u00bb, subraya.<\/p>\n<p>    \u00abUna aguja en un pajar\u00bb<\/p>\n<p>El Parkinson es la segunda enfermedad neurodegenerativa con mayor prevalencia en el mundo, y se trata de un trastorno cr\u00f3nico que afecta al sistema nervioso y evoluciona progresivamente a diversas formas de discapacidad y dependencia. Se prev\u00e9 que en 2050 el n\u00famero de afectados en el mundo se haya duplicado hasta alcanzar los 25 millones, y aunque existen medicamentos que pueden ayudar a controlar algunos de los s\u00edntomas de la enfermedad, como el temblor y la rigidez muscular, no existen f\u00e1rmacos que puedan frenarla.<\/p>\n<p>Pero tampoco existen herramientas para diagnosticar eficientemente el Parkinson. \u00abPor eso el hallazgo descrito en el art\u00edculo tiene un gran valor, no s\u00f3lo para entender c\u00f3mo se inicia la patolog\u00eda, sino tambi\u00e9n para abrir nuevas posibilidades para el diagn\u00f3stico y los tratamientos que modifiquen el curso de la enfermedad de la que no disponemos en este momento\u00bb, dice Salvador Ventura, director cient\u00edfico del Instituto de Investigaci\u00f3n e Innovaci\u00f3n Parc Taul\u00ed (I3PT-CERCA).<\/p>\n<p>Los investigadores han subrayado que visualizar estos grupos de prote\u00ednas ha sido \u00abc\u00f3mo encontrar una aguja en un pajar\u00bb, pero han incidido en la trascendencia del hallazgo, porque saber d\u00f3nde est\u00e1n podr\u00eda ser esencial para identificar tipos de c\u00e9lulas espec\u00edficos en ciertas regiones del cerebro. \u00abLa \u00fanica manera real de comprender qu\u00e9 ocurre en las enfermedades humanas es estudiar el cerebro humano directamente, pero debido a su enorme complejidad esto supone un gran desaf\u00edo\u00bb, ha corroborado la investigadora Sonia Gandhi, del Instituto Francis Crick, que concluye: \u00abEsperamos que superar esta barrera tecnol\u00f3gica nos permita comprender por qu\u00e9, d\u00f3nde y c\u00f3mo se forma la forma.<\/p>\n<p>En este sentido, los cient\u00edficos defienden que en un futuro estas tecnolog\u00edas podr\u00edan aplicarse a otras enfermedades neurodegenerativas, como el Alzheimer o la enfermedad de Hunt. Ventura recuerda que estos hallazgos son dif\u00edciles de aplicar como m\u00e9todo de diagn\u00f3stico temprano en la pr\u00e1ctica cl\u00ednica, ya que son procesos lentos y muy caros, pero admite: \u00abSin duda, la ASA-PD tiene las caracter\u00edsticas y el potencial para convertirse en una t\u00e9cnica crucial\u00bb.<\/p>\n","protected":false},"excerpt":{"rendered":"BarcelonaUn equipo internacional de cient\u00edficos ha visualizado y cuantificado por primera vez en el tejido cerebral humano a&hellip;\n","protected":false},"author":2,"featured_media":151136,"comment_status":"","ping_status":"","sticky":false,"template":"","format":"standard","meta":{"footnotes":""},"categories":[92],"tags":[2670,8644,25,24,165,4296,27007,3351,1078,166,23,1079],"class_list":{"0":"post-151135","1":"post","2":"type-post","3":"status-publish","4":"format-standard","5":"has-post-thumbnail","7":"category-salud","8":"tag-cerebro","9":"tag-detonante","10":"tag-es","11":"tag-espana","12":"tag-health","13":"tag-humano","14":"tag-observan","15":"tag-parkinson","16":"tag-primera","17":"tag-salud","18":"tag-spain","19":"tag-vez"},"share_on_mastodon":{"url":"","error":""},"_links":{"self":[{"href":"https:\/\/www.europesays.com\/es\/wp-json\/wp\/v2\/posts\/151135","targetHints":{"allow":["GET"]}}],"collection":[{"href":"https:\/\/www.europesays.com\/es\/wp-json\/wp\/v2\/posts"}],"about":[{"href":"https:\/\/www.europesays.com\/es\/wp-json\/wp\/v2\/types\/post"}],"author":[{"embeddable":true,"href":"https:\/\/www.europesays.com\/es\/wp-json\/wp\/v2\/users\/2"}],"replies":[{"embeddable":true,"href":"https:\/\/www.europesays.com\/es\/wp-json\/wp\/v2\/comments?post=151135"}],"version-history":[{"count":0,"href":"https:\/\/www.europesays.com\/es\/wp-json\/wp\/v2\/posts\/151135\/revisions"}],"wp:featuredmedia":[{"embeddable":true,"href":"https:\/\/www.europesays.com\/es\/wp-json\/wp\/v2\/media\/151136"}],"wp:attachment":[{"href":"https:\/\/www.europesays.com\/es\/wp-json\/wp\/v2\/media?parent=151135"}],"wp:term":[{"taxonomy":"category","embeddable":true,"href":"https:\/\/www.europesays.com\/es\/wp-json\/wp\/v2\/categories?post=151135"},{"taxonomy":"post_tag","embeddable":true,"href":"https:\/\/www.europesays.com\/es\/wp-json\/wp\/v2\/tags?post=151135"}],"curies":[{"name":"wp","href":"https:\/\/api.w.org\/{rel}","templated":true}]}}