{"id":151137,"date":"2025-10-01T18:11:09","date_gmt":"2025-10-01T18:11:09","guid":{"rendered":"https:\/\/www.europesays.com\/es\/151137\/"},"modified":"2025-10-01T18:11:09","modified_gmt":"2025-10-01T18:11:09","slug":"alcala-de-henares-homenajea-a-sus-vecinos-centenarios-en-el-inicio-de-la-semana-del-mayor","status":"publish","type":"post","link":"https:\/\/www.europesays.com\/es\/151137\/","title":{"rendered":"Alcal\u00e1 de Henares homenajea a sus vecinos centenarios en el inicio de la Semana del Mayor"},"content":{"rendered":"<p><strong>La alcaldesa ha destacado que \u201ceste homenaje es un acto de agradecimiento y de reconocimiento p\u00fablico por todo lo que nos han dado y nos siguen dando\u201d.<\/strong><\/p>\n<p>Alcal\u00e1 de Henares, 1-octubre-2025.- El Ayuntamiento de Alcal\u00e1 ha homenajeado este mi\u00e9rcoles 1 de octubre, D\u00eda Internacional de las Personas Mayores, a sus vecinos centenarios dentro de la programaci\u00f3n de la Semana del Mayor. En total, se ha reconocido a siete alcala\u00ednos que han alcanzado la cifra de 100 a\u00f1os en un emotivo acto celebrado en el Parque O\u2019Donnell, en un espacio rodeado de \u00e1rboles tambi\u00e9n centenarios que desde el pasado a\u00f1o se llama \u2018Plaza de los Centenarios\u2019. Este ic\u00f3nico lugar ha estrenado, adem\u00e1s, un mural realizado por Manu Cardiel y Zaida Escobar bajo el lema \u2018Un siglo, mil recuerdos\u2019.<\/p>\n<p>La alcaldesa Judith Piquet, acompa\u00f1ada de la concejala de Mayores, Esther de Andr\u00e9s, ha presidido este precioso homenaje, que tambi\u00e9n ha contado con la presencia de la concejal Pilar Cruz y otros miembros de la Corporaci\u00f3n, y que ha estado amenizado por la actuaci\u00f3n de componentes de la Orquesta Filarm\u00f3nica Cervantina de las 25 Villas.<\/p>\n<p>Piquet ha asegurado que \u201ceste homenaje es un acto de agradecimiento y de reconocimiento p\u00fablico por todo lo que nos han dado y nos siguen dando\u201d. \u201cSois un ejemplo y una inspiraci\u00f3n para todos nosotros -ha continuado la alcaldesa-, cada uno y cada una a su manera y con sus circunstancias, porque sois personas \u00fanicas y aut\u00e9nticas. Es muy dif\u00edcil encontrar a personas que re\u00fanan m\u00e1s m\u00e9ritos y m\u00e1s val\u00eda que los que poseen ellos\u201d.<\/p>\n<p>En esta l\u00ednea ha querido agradecerles \u201cpor formar parte de esa generaci\u00f3n que nos ha cuidado, nos ha ense\u00f1ado y nos ha guiado; y, sobre todo, por descubrir caminos, abrir puertas y romper techos que nos han facilitado la vida a todos los que hemos venido despu\u00e9s\u201d. \u201cDec\u00eda el poeta argentino y Premio Cervantes Juan Gelman que la poes\u00eda es un \u00e1rbol sin hojas que da sombra. Pues yo digo que esos \u00e1rboles sois vosotros y esa sombra que nos dais es el amor m\u00e1s puro, m\u00e1s bueno y m\u00e1s verdadero que pueda existir\u201d, ha concluido.\u00a0<\/p>\n<p>Por su parte, De Andr\u00e9s ha asegurado que \u201choy nos reunimos en este emotivo acto para rendir homenaje a quienes son aut\u00e9nticos tesoros vivos de nuestra ciudad: los centenarios alcala\u00ednos. Personas que, con su vida, su experiencia y su ejemplo, nos ense\u00f1an cada d\u00eda el valor de la memoria, la importancia de la constancia y la grandeza de lo sencillo. Vecinos como Emilia, Lali, Pilar y Charo y algunos que repiten Juana, Mar\u00eda Luisa y Jesus\u201d.<\/p>\n<p><strong>Preg\u00f3n a cargo de Mar\u00eda Gracia<\/strong><\/p>\n<p>Este fue uno de los actos principales de esta Semana del Mayor, que arranc\u00f3 oficialmente con el preg\u00f3n a cargo de Mar\u00eda Gracia, cantante y actriz espa\u00f1ola con una s\u00f3lida trayectoria en el mundo de la m\u00fasica y la interpretaci\u00f3n, que muchos conocer\u00e1n por su papel de Bellita del Campo en la serie Acacias 38. Tras el preg\u00f3n, los asistentes pudieron degustar unas migas y un refresco.\u00a0<\/p>\n<p>Tambi\u00e9n se han celebrado actividades saludables, como la marcha n\u00f3rdica en el Parque O\u2019Donnell, zumba en el Centro Municipal Gil de Andrade y gimnasia en el Centro Municipal de Cervantes. Tambi\u00e9n ha tenido lugar una conferencia sobre alimentaci\u00f3n y ejercicio saludable en la Concejal\u00eda de Salud, y visitas guiadas a la exposici\u00f3n \u2018Envejece con humor\u2019 y al Corral de Comedias. La jornada ha finalizado con m\u00fasica: un tributo a Luis Miguel, con \u00d3scar Recio, ganador del programa de Telecinco, que deleitar\u00e1 a los asistentes con las canciones de este artista que ha unido a varias generaciones.<\/p>\n<p>Informaci\u00f3n sobre la programaci\u00f3n de la Semana del Mayor en el siguiente enlace<\/p>\n<p><a href=\"https:\/\/mayores.ayto-alcaladehenares.es\/actividades-semana-del-mayor\/\" rel=\"nofollow noopener\" target=\"_blank\">https:\/\/mayores.ayto-alcaladehenares.es\/actividades-semana-del-mayor\/<\/a><\/p>\n","protected":false},"excerpt":{"rendered":"La alcaldesa ha destacado que \u201ceste homenaje es un acto de agradecimiento y de reconocimiento p\u00fablico por todo&hellip;\n","protected":false},"author":2,"featured_media":151138,"comment_status":"","ping_status":"","sticky":false,"template":"","format":"standard","meta":{"footnotes":""},"categories":[91],"tags":[16155,12633,146,147,25,24,45828,23,45829],"class_list":{"0":"post-151137","1":"post","2":"type-post","3":"status-publish","4":"format-standard","5":"has-post-thumbnail","7":"category-entretenimiento","8":"tag-alcala","9":"tag-alcala-de-henares","10":"tag-entertainment","11":"tag-entretenimiento","12":"tag-es","13":"tag-espana","14":"tag-semana-del-mayor","15":"tag-spain","16":"tag-vecinos-centenarios"},"share_on_mastodon":{"url":"","error":""},"_links":{"self":[{"href":"https:\/\/www.europesays.com\/es\/wp-json\/wp\/v2\/posts\/151137","targetHints":{"allow":["GET"]}}],"collection":[{"href":"https:\/\/www.europesays.com\/es\/wp-json\/wp\/v2\/posts"}],"about":[{"href":"https:\/\/www.europesays.com\/es\/wp-json\/wp\/v2\/types\/post"}],"author":[{"embeddable":true,"href":"https:\/\/www.europesays.com\/es\/wp-json\/wp\/v2\/users\/2"}],"replies":[{"embeddable":true,"href":"https:\/\/www.europesays.com\/es\/wp-json\/wp\/v2\/comments?post=151137"}],"version-history":[{"count":0,"href":"https:\/\/www.europesays.com\/es\/wp-json\/wp\/v2\/posts\/151137\/revisions"}],"wp:featuredmedia":[{"embeddable":true,"href":"https:\/\/www.europesays.com\/es\/wp-json\/wp\/v2\/media\/151138"}],"wp:attachment":[{"href":"https:\/\/www.europesays.com\/es\/wp-json\/wp\/v2\/media?parent=151137"}],"wp:term":[{"taxonomy":"category","embeddable":true,"href":"https:\/\/www.europesays.com\/es\/wp-json\/wp\/v2\/categories?post=151137"},{"taxonomy":"post_tag","embeddable":true,"href":"https:\/\/www.europesays.com\/es\/wp-json\/wp\/v2\/tags?post=151137"}],"curies":[{"name":"wp","href":"https:\/\/api.w.org\/{rel}","templated":true}]}}