{"id":151143,"date":"2025-10-01T18:14:09","date_gmt":"2025-10-01T18:14:09","guid":{"rendered":"https:\/\/www.europesays.com\/es\/151143\/"},"modified":"2025-10-01T18:14:09","modified_gmt":"2025-10-01T18:14:09","slug":"como-fue-la-captura-en-peru-de-pequeno-j-el-joven-sospechoso-de-ordenar-el-brutal-asesinato-de-tres-mujeres-en-argentina","status":"publish","type":"post","link":"https:\/\/www.europesays.com\/es\/151143\/","title":{"rendered":"C\u00f3mo fue la captura en Per\u00fa de \u00abPeque\u00f1o J\u00bb, el joven sospechoso de ordenar el brutal asesinato de tres mujeres en Argentina"},"content":{"rendered":"<p><img fetchpriority=\"high\" decoding=\"async\" src=\"https:\/\/www.europesays.com\/es\/wp-content\/uploads\/2025\/10\/75b018b0-9ecb-11f0-b595-cdcf9ff44bfb.jpg.webp.webp\"   alt=\"Un joven con chaleco naranja es llevado por miembros de la polic\u00eda peruana\" loading=\"eager\" width=\"639\" height=\"359\" style=\"aspect-ratio:639 \/ 359\" class=\"bbc-139onq\"\/><\/p>\n<p class=\"bbc-by8ykd\" role=\"text\">Fuente de la imagen, Getty Images<\/p>\n<p>Pie de foto, \u00abPeque\u00f1o J\u00bb fue capturado cerca de Lima, capital de Per\u00fa. <strong id=\"article-byline\" aria-hidden=\"true\" class=\"bbc-m04vo2\">Informaci\u00f3n del art\u00edculo<\/strong><\/p>\n<ul class=\"bbc-1rvtlej\">\n<li class=\"bbc-oe8da4\">\n<ul role=\"list\" class=\"bbc-r1yif8\">\n<li>Autor, Alejandro Mill\u00e1n Valencia<\/li>\n<li>T\u00edtulo del autor,  BBC News Mundo <\/li>\n<\/ul>\n<\/li>\n<li class=\"bbc-1clfxfc\">1 octubre 2025, 12:20 GMT\n<p>Actualizado 1 hora<\/p>\n<\/li>\n<li class=\"bbc-1clfxfc\"\/><\/ul>\n<p dir=\"ltr\" class=\"bbc-hhl7in e17g058b0\"><b>Tony Valverde Victoriano, conocido como Peque\u00f1o J, fue capturado este martes en la ciudad de Pucusana, a unos 70 km de Lima, tras un intenso operativo policial internacional que dur\u00f3 seis d\u00edas.<\/b><\/p>\n<p dir=\"ltr\" class=\"bbc-hhl7in e17g058b0\">Valverde est\u00e1 acusado de ser el autor intelectual del violento asesinato de tres j\u00f3venes argentinas el pasado 19 de septiembre en la provincia de Buenos Aires; un caso conocido en los medios de Argentina como el triple crimen de Florencia Varela.<\/p>\n<p dir=\"ltr\" class=\"bbc-hhl7in e17g058b0\">En esa localidad bonaerense fueron encontrados los cuerpos de Brenda del Castillo y Morena Verdi, ambas de 20 a\u00f1os, y Lara Guti\u00e9rrez, de 15.<\/p>\n<p dir=\"ltr\" class=\"bbc-hhl7in e17g058b0\">El detenido, de nacionalidad peruana, que algunos medios dicen que tiene 20 a\u00f1os y otros 23, fue capturado dentro de un cami\u00f3n que transportaba pescado.<\/p>\n<p dir=\"ltr\" class=\"bbc-hhl7in e17g058b0\">Tras su arresto, el Peque\u00f1o J neg\u00f3 cualquier v\u00ednculo con el crimen: \u00abMe est\u00e1n echando la culpa nada m\u00e1s, no matamos a nadie\u00bb. Tambi\u00e9n neg\u00f3 ser parte de una red de narcotr\u00e1fico.<\/p>\n<p dir=\"ltr\" class=\"bbc-hhl7in e17g058b0\">De acuerdo a la informaci\u00f3n entregada por el Ministerio de Seguridad de la provincia de Buenos Aires, el triple homicidio, que ha conmocionado al pa\u00eds, ocurri\u00f3 despu\u00e9s de que las mujeres fueran conducidas a una vivienda, en una trampa tendida por una organizaci\u00f3n internacional de tr\u00e1fico de drogas.<\/p>\n<p dir=\"ltr\" class=\"bbc-hhl7in e17g058b0\">Las mujeres fueron asesinadas esa noche y sus cuerpos fueron enterrados en un jard\u00edn, seg\u00fan declararon las autoridades de seguridad a la prensa.<\/p>\n<p><img decoding=\"async\" src=\"https:\/\/www.europesays.com\/es\/wp-content\/uploads\/2025\/10\/3863fa60-9eb9-11f0-92db-77261a15b9d2.jpg.webp.webp\"   alt=\"Rostro de las tres jovenes asesinadas en Argentina\" loading=\"lazy\" width=\"800\" height=\"450\" style=\"aspect-ratio:800 \/ 450\" class=\"bbc-139onq\"\/>Pie de foto, Brenda del Castillo, Morena Verdi y Lara Guti\u00e9rrez fueron asesinadas brutalmente el pasado 19 de septiembre. <\/p>\n<p dir=\"ltr\" class=\"bbc-hhl7in e17g058b0\">La tortura que sufrieron antes de morir fue transmitida en vivo por redes sociales en un grupo cerrado.<\/p>\n<p dir=\"ltr\" class=\"bbc-hhl7in e17g058b0\">En la grabaci\u00f3n, se escucha al jefe de la organizaci\u00f3n criminal decir: \u00abEsto le pasa a cualquiera que me roba droga\u00bb.<\/p>\n<p dir=\"ltr\" class=\"bbc-hhl7in e17g058b0\">Tras el hallazgo de los cuerpos se inici\u00f3 un extenso operativo policial en la regi\u00f3n que termin\u00f3 con la captura de Peque\u00f1o J y de otras personas supuestamente relacionadas con el crimen, incluido el argentino Mat\u00edas Agust\u00edn Ozorio, mano derecha de Valverde, de acuerdo a la polic\u00eda peruana.<\/p>\n<p dir=\"ltr\" class=\"bbc-hhl7in e17g058b0\">\u00abPeque\u00f1o J se dirig\u00eda al punto de encuentro con Ozorio, pero en vez de encontrarse con su ladero se top\u00f3 con el personal de la PNP (Polic\u00eda Nacional del Per\u00fa) y qued\u00f3 detenido\u00bb, explicaron fuentes de la investigaci\u00f3n citadas por el diario argentino La Naci\u00f3n.<\/p>\n<p>C\u00f3mo fue el arresto<\/p>\n<p dir=\"ltr\" class=\"bbc-hhl7in e17g058b0\">De acuerdo las declaraciones de Zen\u00f3n Loayza, jefe de la Agencia Antidrogas de Per\u00fa, desde el momento en que se dio a conocer el nombre de Valverde como presunto autor intelectual del crimen, comenz\u00f3 un operativo conjunto de las autoridades de Argentina, lideradas por la polic\u00eda bonaerense, con la polic\u00eda de Per\u00fa.<\/p>\n<p dir=\"ltr\" class=\"bbc-hhl7in e17g058b0\">Las autoridades peruanas precisaron que la captura de Valverde se logr\u00f3 mediante un trabajo de inteligencia por parte de la polic\u00eda bonaerense, que sigui\u00f3 el rastro del tel\u00e9fono del presunto narcotraficante en su recorrido desde Argentina hasta Per\u00fa.<\/p>\n<p dir=\"ltr\" class=\"bbc-hhl7in e17g058b0\">\u00abTen\u00edamos intervenidas las l\u00edneas telef\u00f3nicas utilizadas por Peque\u00f1o J y Ozorio. Segu\u00edamos los pasos de los dos sospechosos y sus planes futuros\u00bb, le dijo una fuente policial a La Naci\u00f3n.<\/p>\n<p dir=\"ltr\" class=\"bbc-hhl7in e17g058b0\">Seg\u00fan detall\u00f3 Loayza, Peque\u00f1o J ten\u00eda previsto llegar a una reuni\u00f3n en Lima con otros presuntos narcos, con la idea de trasladarse despu\u00e9s a la ciudad de Trujillo, en el norte del pa\u00eds, de donde es oriundo.<\/p>\n<p><img decoding=\"async\" src=\"https:\/\/www.europesays.com\/es\/wp-content\/uploads\/2025\/10\/8ca3aa80-9eb9-11f0-8e3d-5bce5d982785.jpg.webp.webp\"   alt=\"Peque\u00f1o J capturado por las autoridades frente al cami\u00f3n donde viajaba.\" loading=\"lazy\" width=\"959\" height=\"540\" style=\"aspect-ratio:959 \/ 540\" class=\"bbc-139onq\"\/><\/p>\n<p class=\"bbc-by8ykd\" role=\"text\">Fuente de la imagen, Ministerio de Seguridad de Argentina<\/p>\n<p>Pie de foto, Tony Valverde, el nombre de \u00abPeque\u00f1o J\u00bb, fue capturado mientras se escond\u00eda en un cami\u00f3n en Per\u00fa.<\/p>\n<p dir=\"ltr\" class=\"bbc-hhl7in e17g058b0\">En la interceptaci\u00f3n hecha por la polic\u00eda de la comunicaci\u00f3n de los sospechosos tambi\u00e9n se conocieron detalles de los motivos del triple homicidio, que estar\u00eda relacionado con el robo de tres kilos de coca\u00edna del que acusaban a las tres v\u00edctimas.<\/p>\n<p dir=\"ltr\" class=\"bbc-hhl7in e17g058b0\">Las autoridades argentinas se\u00f1alaron que Valverde hac\u00eda parte de una banda delincuencial que se dedicaba al microtr\u00e1fico y al sicariato en la provincia de Buenos Aires.<\/p>\n<p dir=\"ltr\" class=\"bbc-hhl7in e17g058b0\">Valverde es lo que las autoridades describen como un criminal de \u00abtercera generaci\u00f3n\u00bb: su abuelo y su padre tambi\u00e9n fueron imputados por cr\u00edmenes similares en Per\u00fa. De hecho, su padre fue asesinado en Trujillo.<\/p>\n<p dir=\"ltr\" class=\"bbc-hhl7in e17g058b0\">Se espera que el gobierno argentino haga una solicitud para que Valverde sea extraditado para ser juzgado por el triple homicidio en Buenos Aires.<\/p>\n<p dir=\"ltr\" class=\"bbc-hhl7in e17g058b0\">\u00abQuiero felicitar a la Polic\u00eda Nacional del Per\u00fa por el enorme trabajo y la colaboraci\u00f3n en la captura de los dos pr\u00f3fugos del triple crimen. La Direcci\u00f3n Antidrogas detuvo a Peque\u00f1o J en Pucusana, mostrando que cuando se trabaja con decisi\u00f3n y coordinaci\u00f3n, los delincuentes no tienen d\u00f3nde esconderse. El que las hace, las paga\u00bb, escribi\u00f3 la ministra de Seguridad de Argentina, Patricia Bullrich, en su cuenta de la red X.<\/p>\n<p><img decoding=\"async\" src=\"https:\/\/www.europesays.com\/es\/wp-content\/uploads\/2025\/10\/c8a5c1d0-9eb9-11f0-b741-177e3e2c2fc7.png.webp.webp\"   alt=\"&quot;&quot;\" loading=\"lazy\" width=\"800\" height=\"100\" style=\"aspect-ratio:800 \/ 100\" class=\"bbc-139onq\"\/><\/p>\n<p dir=\"ltr\" class=\"bbc-hhl7in e17g058b0\"><a href=\"https:\/\/www.bbc.com\/mundo\/send\/u184973209\" class=\"focusIndicatorReducedWidth bbc-n8oauk e1p3sufg0\" rel=\"nofollow noopener\" target=\"_blank\">Suscr\u00edbete aqu\u00ed<\/a> a nuestro nuevo newsletter para recibir cada viernes una selecci\u00f3n de nuestro mejor contenido de la semana.<\/p>\n<p dir=\"ltr\" class=\"bbc-hhl7in e17g058b0\">Y recuerda que puedes recibir notificaciones en nuestra app. Descarga la \u00faltima versi\u00f3n y act\u00edvalas.<\/p>\n","protected":false},"excerpt":{"rendered":"Fuente de la imagen, Getty Images Pie de foto, \u00abPeque\u00f1o J\u00bb fue capturado cerca de Lima, capital de&hellip;\n","protected":false},"author":2,"featured_media":151144,"comment_status":"","ping_status":"","sticky":false,"template":"","format":"standard","meta":{"footnotes":""},"categories":[42],"tags":[17,18,13,14,11,61,62,63,64,19,20,9,10,15,16,12,21,22,65,66,67],"class_list":{"0":"post-151143","1":"post","2":"type-post","3":"status-publish","4":"format-standard","5":"has-post-thumbnail","7":"category-internacional","8":"tag-breaking-news","9":"tag-breakingnews","10":"tag-featured-news","11":"tag-featurednews","12":"tag-headlines","13":"tag-internacional","14":"tag-international","15":"tag-international-news","16":"tag-internationalnews","17":"tag-latest-news","18":"tag-latestnews","19":"tag-news","20":"tag-noticias","21":"tag-noticias-destacadas","22":"tag-noticiasdestacadas","23":"tag-titulares","24":"tag-ultimas-noticias","25":"tag-ultimasnoticias","26":"tag-world","27":"tag-world-news","28":"tag-worldnews"},"share_on_mastodon":{"url":"","error":""},"_links":{"self":[{"href":"https:\/\/www.europesays.com\/es\/wp-json\/wp\/v2\/posts\/151143","targetHints":{"allow":["GET"]}}],"collection":[{"href":"https:\/\/www.europesays.com\/es\/wp-json\/wp\/v2\/posts"}],"about":[{"href":"https:\/\/www.europesays.com\/es\/wp-json\/wp\/v2\/types\/post"}],"author":[{"embeddable":true,"href":"https:\/\/www.europesays.com\/es\/wp-json\/wp\/v2\/users\/2"}],"replies":[{"embeddable":true,"href":"https:\/\/www.europesays.com\/es\/wp-json\/wp\/v2\/comments?post=151143"}],"version-history":[{"count":0,"href":"https:\/\/www.europesays.com\/es\/wp-json\/wp\/v2\/posts\/151143\/revisions"}],"wp:featuredmedia":[{"embeddable":true,"href":"https:\/\/www.europesays.com\/es\/wp-json\/wp\/v2\/media\/151144"}],"wp:attachment":[{"href":"https:\/\/www.europesays.com\/es\/wp-json\/wp\/v2\/media?parent=151143"}],"wp:term":[{"taxonomy":"category","embeddable":true,"href":"https:\/\/www.europesays.com\/es\/wp-json\/wp\/v2\/categories?post=151143"},{"taxonomy":"post_tag","embeddable":true,"href":"https:\/\/www.europesays.com\/es\/wp-json\/wp\/v2\/tags?post=151143"}],"curies":[{"name":"wp","href":"https:\/\/api.w.org\/{rel}","templated":true}]}}