{"id":151147,"date":"2025-10-01T18:16:15","date_gmt":"2025-10-01T18:16:15","guid":{"rendered":"https:\/\/www.europesays.com\/es\/151147\/"},"modified":"2025-10-01T18:16:15","modified_gmt":"2025-10-01T18:16:15","slug":"un-total-de-286-heridos-en-marruecos-por-los-disturbios-tras-las-protestas-juveniles","status":"publish","type":"post","link":"https:\/\/www.europesays.com\/es\/151147\/","title":{"rendered":"Un total de 286 heridos en Marruecos por los disturbios tras las protestas juveniles"},"content":{"rendered":"<p>Rabat, (EFE).- Al menos 263 agentes de las fuerzas del orden marroqu\u00edes y 23 civiles resultaron heridos de diversa gravedad y unas 409 personas fueron detenidas por los disturbios que se produjeron anoche en al menos 17 provincias del pa\u00eds magreb\u00ed en el cuarto d\u00eda de las protestas lideradas por j\u00f3venes para exigir mayor justicia social, oportunidades de trabajo y reformas del sector de educaci\u00f3n y sanidad.<\/p>\n<p>El portavoz del Ministerio de Interior marroqu\u00ed, Rachid Jalfi, se\u00f1al\u00f3 que uno de los civiles heridos necesit\u00f3 seguimiento m\u00e9dico en Uchda (este), y 142 veh\u00edculos de las fuerzas del orden y 20 coches particulares fueron destrozados e incendiados.<\/p>\n<p>\u00abOperaciones e intervenciones reglamentarias\u00bb<\/p>\n<p>Jalfi indic\u00f3 que las autoridades del pa\u00eds llevaron a cabo una serie de \u00aboperaciones e intervenciones reglamentarias destinadas a preservar la seguridad y el orden p\u00fablicos\u00bb durante las protestas.<\/p>\n<p>\u00abAlgunas de estas manifestaciones experimentaron una peligrosa escalada que atent\u00f3 contra la seguridad y el orden p\u00fablicos, al convertirse en concentraciones violentas en las que un grupo de personas utiliz\u00f3 armas blancas, c\u00f3cteles molotov y piedras\u00bb, explic\u00f3.<\/p>\n<p>El portavoz de Interior detall\u00f3 que los manifestantes irrumpieron en varias administraciones, agencias bancarias y comercios \u00abdonde llevaron a cabo actos de saquero y vandalismo\u00bb en localidades como Ait Amira, Chtouka Ait Baha, Inezgan, Ait Melul, Agadir y Tiznit, todos en el sur del pa\u00eds, y en la localidad oriental de Uchda.<\/p>\n<p><img loading=\"lazy\" data-recalc-dims=\"1\" decoding=\"async\" width=\"900\" height=\"600\" src=\"https:\/\/www.europesays.com\/es\/wp-content\/uploads\/2025\/10\/EPA3460-MOROCCO-YOUTH-RALLY.webp\" alt=\"La polic\u00eda detiene a varias personas durante una manifestaci\u00f3n en Rabat, Marruecos, el 29 de septiembre de 2025.\" class=\"wp-image-2183158\"  \/>La polic\u00eda detiene a varias personas durante una manifestaci\u00f3n en Rabat, Marruecos, el 29 de septiembre de 2025. EFE\/\/JALAL MORCHIDI<\/p>\n<p>Fuertes disturbios en la ciudad de Inezgan<\/p>\n<p>En Inezgan se produjo el mayor n\u00famero de da\u00f1os con 69 agentes del orden heridos, siete veh\u00edculos (de las fuerzas del orden y particulares) destrozados, y tres sucursales bancarias, una agencia de seguros, una farmacia y varios comercios vandalizados.<\/p>\n<p>En Uchda, 51 agentes fueron heridos y 40 veh\u00edculos y dos comercios fueron damnificados. Mientras en Temara, al sur de Rabat, se reportaron 44 agentes heridos y da\u00f1os en 47 veh\u00edculos de las fuerzas del orden y en 13 coches particulares.<\/p>\n<p>Protestas pac\u00edficas<\/p>\n<p>Las protestas, que comenzaron de forma pac\u00edfica el pasado s\u00e1bado en Rabat y otras grandes ciudades como Casablanca, Marrakech, Agadir y T\u00e1nger y que posteriormente se extendieron a zonas urbanas y rurales del pa\u00eds, derivaron la noche del martes en incidentes violentos.<\/p>\n<p>Fueron prohibidas por las autoridades los pasados d\u00edas y se saldaron con decenas de detenciones, pero la gran mayor\u00eda de los manifestantes fueron liberados tras ser escuchados e identificados. Sin embargo, la Fiscal\u00eda de Casablanca decidi\u00f3 procesar a 24 manifestantes acusados de bloquear la autov\u00eda de la ciudad el pasado domingo.<\/p>\n<p>La Asociaci\u00f3n Marroqu\u00ed de Derechos Humanos (AMDH) inform\u00f3 que la fiscal\u00eda de Rabat decidi\u00f3 procesar a 37 manifestantes por su participaci\u00f3n en las protestas en los tres primeros d\u00edas en Rabat, la mayor\u00eda en libertad condicional y tres en prisi\u00f3n preventiva.<\/p>\n<p>El Ministerio de Interior defiende las intervenciones \u00abproporcionales\u00bb<\/p>\n<p>El portavoz del Ministerio de Interior marroqu\u00ed defendi\u00f3 en declaraciones a la prensa que las intervenciones policiales los pasados d\u00edas en las manifestaciones fueron \u00abproporcionales\u00bb, con el uso de \u00abmedios apropiados y limitados sin recurrir a medidas excesivas que excedieron lo requerido por la situaci\u00f3n\u00bb y que esta intervenci\u00f3n fue precedida por \u00abm\u00faltiples intentos de evitar el enfrentamiento, incluyendo advertencias legales, avisos y el agotamiento de todos los procedimientos\u00bb.<\/p>\n<p>\u00abConfirma que recurrir a la intervenci\u00f3n en algunos casos fue la \u00faltima opci\u00f3n, despu\u00e9s de agotar todos los dem\u00e1s medios, frente a un reducido grupo de instigadores y alborotadores\u00bb, a\u00f1adi\u00f3.<\/p>\n<p>\u2018GENZ212\u2019<\/p>\n<p>La movilizaci\u00f3n fue liderada por un grupo an\u00f3nimo autodenominado \u2018GENZ212\u2019, que apareci\u00f3 este mes en las redes sociales en plataformas como Discord que ha agrupado a m\u00e1s de 125.000 miembros y cuyos miembros defienden no tener ninguna pertenencia pol\u00edtica o sindical.<\/p>\n<p>Las protestas fueron prohibidas por las autoridades los pasados d\u00edas y se saldaron con decenas de detenciones, pero la gran mayor\u00eda de los manifestantes fueron liberados tras ser escuchados e identificados.<\/p>\n<p>La coalici\u00f3n de partidos pol\u00edticos que forman la mayor\u00eda gubernamental manifestaron en un comunicado su disposici\u00f3n a dialogar con los j\u00f3venes \u00abdentro de las instituciones y espacios p\u00fablicos, para encontrar soluciones realistas y viables\u00bb.<\/p>\n","protected":false},"excerpt":{"rendered":"Rabat, (EFE).- Al menos 263 agentes de las fuerzas del orden marroqu\u00edes y 23 civiles resultaron heridos de&hellip;\n","protected":false},"author":2,"featured_media":151148,"comment_status":"","ping_status":"","sticky":false,"template":"","format":"standard","meta":{"footnotes":""},"categories":[5],"tags":[17,18,25,24,13,14,11,19,20,4485,9,10,15,16,2315,23,12,21,22],"class_list":{"0":"post-151147","1":"post","2":"type-post","3":"status-publish","4":"format-standard","5":"has-post-thumbnail","7":"category-titulares","8":"tag-breaking-news","9":"tag-breakingnews","10":"tag-es","11":"tag-espana","12":"tag-featured-news","13":"tag-featurednews","14":"tag-headlines","15":"tag-latest-news","16":"tag-latestnews","17":"tag-marruecos","18":"tag-news","19":"tag-noticias","20":"tag-noticias-destacadas","21":"tag-noticiasdestacadas","22":"tag-protestas","23":"tag-spain","24":"tag-titulares","25":"tag-ultimas-noticias","26":"tag-ultimasnoticias"},"share_on_mastodon":{"url":"","error":""},"_links":{"self":[{"href":"https:\/\/www.europesays.com\/es\/wp-json\/wp\/v2\/posts\/151147","targetHints":{"allow":["GET"]}}],"collection":[{"href":"https:\/\/www.europesays.com\/es\/wp-json\/wp\/v2\/posts"}],"about":[{"href":"https:\/\/www.europesays.com\/es\/wp-json\/wp\/v2\/types\/post"}],"author":[{"embeddable":true,"href":"https:\/\/www.europesays.com\/es\/wp-json\/wp\/v2\/users\/2"}],"replies":[{"embeddable":true,"href":"https:\/\/www.europesays.com\/es\/wp-json\/wp\/v2\/comments?post=151147"}],"version-history":[{"count":0,"href":"https:\/\/www.europesays.com\/es\/wp-json\/wp\/v2\/posts\/151147\/revisions"}],"wp:featuredmedia":[{"embeddable":true,"href":"https:\/\/www.europesays.com\/es\/wp-json\/wp\/v2\/media\/151148"}],"wp:attachment":[{"href":"https:\/\/www.europesays.com\/es\/wp-json\/wp\/v2\/media?parent=151147"}],"wp:term":[{"taxonomy":"category","embeddable":true,"href":"https:\/\/www.europesays.com\/es\/wp-json\/wp\/v2\/categories?post=151147"},{"taxonomy":"post_tag","embeddable":true,"href":"https:\/\/www.europesays.com\/es\/wp-json\/wp\/v2\/tags?post=151147"}],"curies":[{"name":"wp","href":"https:\/\/api.w.org\/{rel}","templated":true}]}}