{"id":151149,"date":"2025-10-01T18:17:09","date_gmt":"2025-10-01T18:17:09","guid":{"rendered":"https:\/\/www.europesays.com\/es\/151149\/"},"modified":"2025-10-01T18:17:09","modified_gmt":"2025-10-01T18:17:09","slug":"martinez-y-monzon-optimistas-de-cara-al-duelo-contra-burgos-con-el-apoyo-de-nuestra-aficion-todo-es-posible","status":"publish","type":"post","link":"https:\/\/www.europesays.com\/es\/151149\/","title":{"rendered":"Mart\u00ednez y Monz\u00f3n, optimistas de cara al duelo contra Burgos: \u00abCon el apoyo de nuestra afici\u00f3n todo es posible\u00bb"},"content":{"rendered":"<p class=\"ft-text\">El s\u00e1bado, 4 de octubre, <strong>a las 19:30 horas, el Contazara disputar\u00e1 el partido correspondiente a la jornada 4<\/strong> de la Liga regular en el <a class=\"ft-link ft-link--decoration\" href=\"https:\/\/www.elperiodicodearagon.com\/tags\/siglo-xxi\/\" target=\"_blank\" rel=\"nofollow noopener\">Siglo XXI,<\/a> un encuentro exigente contra uno de los favoritos al ascenso a Liga Asobal, el UBU San Pablo Burgos 2031.<\/p>\n<p class=\"ft-text\">El conjunto aragon\u00e9s afronta el encuentro tras una dura derrota la pasada jornada. Juan Mart\u00ednez se ha referido a ese resultado: \u00abFue una derrota dura la de este pasado fin de semana ante el Cisne, un equipo que nos super\u00f3 en todas las l\u00edneas\u00bb. A pesar del rev\u00e9s, el jugador ha mostrado determinaci\u00f3n para el pr\u00f3ximo compromiso: <strong>\u00abEsta semana toca resetear la cabeza, entrenar m\u00e1s duro si cabe y preparar lo que viene<\/strong>. Este fin de semana nos enfrentamos a un aut\u00e9ntico equipazo como Burgos, un rival muy bien trabajado que aspira a estar arriba en la clasificaci\u00f3n\u00bb.<\/p>\n<p class=\"ft-text\">Consciente de la dificultad del rival, <strong>Mart\u00ednez conf\u00eda en el factor cancha y el apoyo de su p\u00fablico<\/strong>: \u00abSabemos que ser\u00e1 muy complicado sacar los dos puntos, pero tambi\u00e9n hemos demostrado en casa, como ya ocurri\u00f3 frente a Puerto Sagunto, que con el apoyo de nuestra afici\u00f3n todo es posible\u00bb.<\/p>\n<p class=\"ft-text\">Por su parte, Diego Monz\u00f3n ha hecho un llamamiento a los aficionados para que acudan al pabell\u00f3n y ayuden al equipo a levantarse de la \u00faltima derrota. \u00ab<strong>El equipo quiere revertir esta situaci\u00f3n del \u00faltimo partido,<\/strong> necesitamos a la afici\u00f3n para continuar la buena racha en casa frente a un rival muy duro\u00bb, ha declarado.<\/p>\n<p class=\"ft-text\">Monz\u00f3n ha insistido en la importancia de la afici\u00f3n: \u00abPor eso animamos a todo el mundo a que venga este s\u00e1bado, a las 19.30 horas en el Siglo XXI, a apoyarnos y alentarnos\u00bb. El partido tiene una motivaci\u00f3n extra, seg\u00fan el jugador: \u00abNecesitamos levantarnos tras esta derrota y<strong> ojal\u00e1 podamos resarcirnos logrando dos puntos muy valiosos que nos dar\u00edan una gran alegr\u00eda para empezar las <\/strong><a class=\"ft-link ft-link--decoration\" href=\"https:\/\/www.elperiodicodearagon.com\/fiestas-del-pilar\/\" target=\"_blank\" rel=\"nofollow noopener\">Fiestas del Pilar<\/a>\u00ab.<\/p>\n","protected":false},"excerpt":{"rendered":"El s\u00e1bado, 4 de octubre, a las 19:30 horas, el Contazara disputar\u00e1 el partido correspondiente a la jornada&hellip;\n","protected":false},"author":2,"featured_media":151150,"comment_status":"","ping_status":"","sticky":false,"template":"","format":"standard","meta":{"footnotes":""},"categories":[278],"tags":[376,623,2608,168,320,25,24,375,1675,825,29426,10413,1045,23,167],"class_list":{"0":"post-151149","1":"post","2":"type-post","3":"status-publish","4":"format-standard","5":"has-post-thumbnail","7":"category-balonmano","8":"tag-balonmano","9":"tag-burgos","10":"tag-cara","11":"tag-deportes","12":"tag-duelo","13":"tag-es","14":"tag-espana","15":"tag-handball","16":"tag-liga-asobal","17":"tag-martinez","18":"tag-monzon","19":"tag-optimistas","20":"tag-partido","21":"tag-spain","22":"tag-sports"},"share_on_mastodon":{"url":"","error":""},"_links":{"self":[{"href":"https:\/\/www.europesays.com\/es\/wp-json\/wp\/v2\/posts\/151149","targetHints":{"allow":["GET"]}}],"collection":[{"href":"https:\/\/www.europesays.com\/es\/wp-json\/wp\/v2\/posts"}],"about":[{"href":"https:\/\/www.europesays.com\/es\/wp-json\/wp\/v2\/types\/post"}],"author":[{"embeddable":true,"href":"https:\/\/www.europesays.com\/es\/wp-json\/wp\/v2\/users\/2"}],"replies":[{"embeddable":true,"href":"https:\/\/www.europesays.com\/es\/wp-json\/wp\/v2\/comments?post=151149"}],"version-history":[{"count":0,"href":"https:\/\/www.europesays.com\/es\/wp-json\/wp\/v2\/posts\/151149\/revisions"}],"wp:featuredmedia":[{"embeddable":true,"href":"https:\/\/www.europesays.com\/es\/wp-json\/wp\/v2\/media\/151150"}],"wp:attachment":[{"href":"https:\/\/www.europesays.com\/es\/wp-json\/wp\/v2\/media?parent=151149"}],"wp:term":[{"taxonomy":"category","embeddable":true,"href":"https:\/\/www.europesays.com\/es\/wp-json\/wp\/v2\/categories?post=151149"},{"taxonomy":"post_tag","embeddable":true,"href":"https:\/\/www.europesays.com\/es\/wp-json\/wp\/v2\/tags?post=151149"}],"curies":[{"name":"wp","href":"https:\/\/api.w.org\/{rel}","templated":true}]}}