{"id":151151,"date":"2025-10-01T18:18:09","date_gmt":"2025-10-01T18:18:09","guid":{"rendered":"https:\/\/www.europesays.com\/es\/151151\/"},"modified":"2025-10-01T18:18:09","modified_gmt":"2025-10-01T18:18:09","slug":"1oo-anos-de-la-muerte-de-nacional-ii-como-el-torero-temerario-fallecio-de-un-botellazo-en-una-trifulca-taurina-en-soria","status":"publish","type":"post","link":"https:\/\/www.europesays.com\/es\/151151\/","title":{"rendered":"1OO a\u00f1os de la muerte de Nacional II: C\u00f3mo el torero temerario falleci\u00f3 de un botellazo en una trifulca taurina en Soria"},"content":{"rendered":"<p class=\"prip\">Este a\u00f1o, concretamente el <strong>6 de octubre<\/strong>, se cumplen <strong>100 a\u00f1os de la muerte de Nacional II en Soria<\/strong>. El torero falleci\u00f3 tras una pelea en una corrida de toros que se celebraba en honor a San Saturio, celebrada el 4 de octubre, y a la que acudi\u00f3 como p\u00fablico. En defensa del diestro sobre el ruedo, Nacional II<strong> se enfrent\u00f3 a garrotazos con varios espectadores sorianos<\/strong> y acab\u00f3 llev\u00e1ndose un <strong>botellazo<\/strong> en la cabeza. El incidente, en un primer momento, no pareci\u00f3 m\u00e1s que una trifulca al uso, pero dio con los huesos de nuestro protagonista en el calabozo. All\u00ed su estado de salud empeorar\u00eda, lo que provoc\u00f3 su fallecimiento a los dos d\u00edas de la pelea. El suceso, la muerte del matador, su sepelio y el posterior juicio a su agresor conmocionaron a la sociedad soriana. <strong>El causante del botellazo mortal fue condenado a 6 a\u00f1os de c\u00e1rcel,<\/strong> pena que fue conmutada, tras las protestas de muchos vecinos de la ciudad, al destierro a m\u00e1s de 25 kil\u00f3metros de Soria. <\/p>\n<p><strong>Nacional II<\/strong><\/p>\n<p>Nacional II, <strong>Juan Anll\u00f3 Orrio,<\/strong> era un diestro natural de la zaragozana Alhama de Arag\u00f3n y miembro de una familia de varios matadores (sus hermanos Ricardo \u2018Nacional I\u2019, Eduardo \u2018Nacional III\u2019 y Ramiro Anll\u00f3 \u2018Nacional IV\u2019 compart\u00edan con \u00e9l muleta y estoque). \u00c9l era uno de los toreros en boga en el panorama estatal y <strong>cuando falleci\u00f3 ten\u00eda 28 a\u00f1os<\/strong>. Hab\u00eda tomado la alternativa en Oviedo en septiembre 1921 y confirmado la misma en Las Ventas cuatro d\u00edas despu\u00e9s. <strong>Era un torero muy solicitado en los cosos espa\u00f1oles por su gran valor, su acierto en la suerte suprema y su arte, seguramente, algo temeraria. <\/strong><\/p>\n<p>Tal era su fama que hab\u00eda dado nombre a una suerte, el<strong> \u2018puente tr\u00e1gico\u2019<\/strong>. Realizaba una especie de ver\u00f3nica con las manos muy bajas y los codos pegados al cuerpo. Cuando el toro pasa ce\u00f1ido al traje de luces del diestro este contra\u00eda el vientre inclinando el pecho hacia delante, formando as\u00ed una especie de puente con su alargado cuerpo por le que pasar\u00e1 el astado.<\/p>\n<p><strong>Pero no fue una cornada sino un botellazo lo que acabar\u00eda prematuramente con su vida<\/strong> aquel tr\u00e1gico mes de octubre de 1925. El d\u00eda de autos, 4 de octubre, Nacional II acudi\u00f3 a Soria para ver desde el tendido a su amigo, y quien hab\u00eda sido su segunda espada,<strong> Emilio M\u00e9ndez.<\/strong> Al madrile\u00f1o, las cr\u00f3nicas le definen como un gran banderillero, y como<strong> un torero valiente pero torpe.<\/strong> El peri\u00f3dico \u2018La Voz de Soria\u2019 defini\u00f3 aquella<strong> corrida como \u201cverdaderamente infame\u201d,<\/strong> criticando de igual manera a a los toros y a los matadores. Tal vez por eso, el ambiente estaba tenso y el, en este caso no tanto, respetable soriano comenz\u00f3 a increpar a Mendez. <\/p>\n<p><strong>El incidente<\/strong><\/p>\n<p><strong>Una parte del p\u00fablico incluso lleg\u00f3 a arrojar monedas de 10 c\u00e9ntimos al torero<\/strong> y Nacional II no pudo menos que subir a la grader\u00eda para encararlos y defender a su amigo. Garrocha en mano, reprendi\u00f3 a un grupo de espectadores y uno de ellos respondi\u00f3 inmediatamente con un botellazo en la cabeza<strong>. La agresi\u00f3n dej\u00f3 a Nacional II maltrecho, dando por concluido el lance.<\/strong> En un primer momento, la cosa no parec\u00eda demasiado grave, pero los acontecimientos pronto se tornaron en tr\u00e1gicos.<\/p>\n<p><img loading=\"lazy\" decoding=\"async\" class=\"tinymceimage\"   alt=\"El Hostal Comercio acogi\u00f3 el cuerpo sin vida de Juan Anll\u00f3, todav\u00eda con el vendaje producido por el fuerte golpe en la cabeza, antes de ser trasladado a Madrid para ser enterrado en la Almudena. Fotograf\u00eda: TIBURCIO CRESPO PALOMAR AHPSo 824\" width=\"714\" height=\"469\" src=\"https:\/\/www.europesays.com\/es\/wp-content\/uploads\/2025\/10\/AHPSo-824.jpg\"\/><\/p>\n<p>El Hostal Comercio acogi\u00f3 el cuerpo sin vida de Juan Anll\u00f3, todav\u00eda con el vendaje producido por el fuerte golpe en la cabeza, antes de ser trasladado a Madrid para ser enterrado en la Almudena. Fotograf\u00eda: TIBURCIO CRESPO PALOMAR AHPSo 824<\/p>\n<p>La enfermer\u00eda de la plaza dictamin\u00f3 que el soriano padec\u00eda heridas graves y el diestro <strong>heridas leves.<\/strong> El juez que se encontraba en la plaza mand\u00f3 al primero a casa de su padre y al segundo al <strong>calabozo<\/strong>, seguramente porque all\u00ed podr\u00eda estar seguro y tranquilo. <\/p>\n<p>Su estado desorientado y balbuceante fue achacado al golpe o al<strong> consumo de alcohol<\/strong> y no se le dio importancia en un primer momento. Con el paso de las horas, qued\u00f3 evidenciado que <strong>aquello era m\u00e1s grave de lo que parec\u00eda<\/strong> y el torero fue liberado para que los m\u00e9dicos pudieran atenderle en el hospital o en el hotel donde se encontraba alojado. All\u00ed fue intervenido de urgencias, con<strong> el cr\u00e1neo fracturado y un co\u00e1gulo de sangre en el cerebro,<\/strong> pero los m\u00e9dicos, varios sorianos, algunos llegados desde Arag\u00f3n y hasta uno que mand\u00f3 su familia desde Madrid, no lograron salvarle la vida. <\/p>\n<p><strong>El juicio <\/strong><\/p>\n<p>Su fama y la peculiar forma de su muerte pronto hicieron que<strong> la noticia corriese como la p\u00f3lvora por toda Espa\u00f1a.<\/strong> Su cad\u00e1ver fue velado en el hostal Comercio antes de ser llevado a Madrid. Acto seguido se instruy\u00f3 un juicio contra el m\u00e9dico<strong> Antonio Cabrerizo Botija,<\/strong> el soriano que habr\u00eda propinado el mortal botellazo al diestro. Presuntamente, porque <strong>la rumorolog\u00eda soriana siempre sostuvo que fue otro de sus amigos, de m\u00e1s alta \u2018alcurnia\u2019 que el doctor, quien propin\u00f3 el botellazo.<\/strong> El caso es que Cabrerizo carg\u00f3, en este caso literalmente, con el muerto.<\/p>\n<p><img loading=\"lazy\" decoding=\"async\" class=\"tinymceimage\"   src=\"https:\/\/www.europesays.com\/es\/wp-content\/uploads\/2025\/10\/17653469155.jpg\" width=\"409\" height=\"553\" alt=\"1OO a\u00f1os de la muerte de Nacional II: C\u00f3mo el torero temerario falleci\u00f3 de un botellazo en una trifulca taurina en Soria | Imagen 2\"\/><\/p>\n<p>Portada del libro de Francisco Tijeretas G\u00f3mez con el \u00faltimo retrato del diestro.<\/p>\n<p>Aquel juicio debi\u00f3 ser un sainete de incongruencias entre los testigos, fruto de las filias y fobias de cada uno y del ambiente festivo que enmarcaba el festejo que se torn\u00f3 en tr\u00e1gico.<strong> Todo con la prensa nacional m\u00e1s sensacionalista a las puertas de la Audiencia y describiendo a los sorianos como unos seres b\u00e1rbaros y sin escr\u00fapulos.<\/strong> Tambi\u00e9n, algunos toreros promovieron un<strong> boicot al coso soriano. <\/strong>La sentencia llegar\u00eda un a\u00f1o despu\u00e9s, tras la declaraci\u00f3n de m\u00e1s de 100 testigos y 1.000 folios de sumario, con una <strong>condena de c\u00e1rcel de 6 a\u00f1os<\/strong> para el acusado. <\/p>\n<p>Fueron muchos, hasta el <strong>Colegio de M\u00e9dicos provincial,<\/strong> los sorianos que pidieron el indulto aprovechando una visita del general <strong>Primo de Rivera<\/strong> a la ciudad y, aunque este no fue concedido, s\u00ed se <strong>conmut\u00f3 parte de la pena por el destierro a, al menos, 25 kil\u00f3metro de la ciudad de Soria<\/strong> para el agresor. Este prosigui\u00f3 su actividad m\u00e9dica en varios pueblos de la provincia y en <strong>Sep\u00falveda<\/strong> hasta su jubilaci\u00f3n, cuando regres\u00f3 a Soria. <\/p>\n<p>En la obra \u2018Death in the Afternoon\u2019 el estadounidense <strong>Ernest Hemingway<\/strong> escribi\u00f3 sobre el suceso: \u201cEso libr\u00f3 a la tauromaquia de uno de los matadores m\u00e1s valientes de esta d\u00e9cada\u201d.<\/p>\n<p>Nuevo Mester<\/p>\n<p>El grupo recuper\u00f3 una canci\u00f3n popular de un romance que escucharon en Almajano: \u201cEn la capital de Soria, se encontraba Nacional, esperando que llegaran las corirdas del Pilar&#8230;\u201d<\/p>\n<p><strong>El chinche<\/strong><\/p>\n<p>Unico fallecido en el ruedo soriano: Fue un Viernes de Toros de 1935 cuando el matador soriano Vicente Ru\u00edz falleci\u00f3 a causa del golpe sin cornada del toro de San Miguel.<\/p>\n","protected":false},"excerpt":{"rendered":"Este a\u00f1o, concretamente el 6 de octubre, se cumplen 100 a\u00f1os de la muerte de Nacional II en&hellip;\n","protected":false},"author":2,"featured_media":151152,"comment_status":"","ping_status":"","sticky":false,"template":"","format":"standard","meta":{"footnotes":""},"categories":[277],"tags":[373,168,25,24,205,6436,45830,246,23,167,374],"class_list":{"0":"post-151151","1":"post","2":"type-post","3":"status-publish","4":"format-standard","5":"has-post-thumbnail","7":"category-toreo","8":"tag-bullfighting","9":"tag-deportes","10":"tag-es","11":"tag-espana","12":"tag-madrid","13":"tag-provincia","14":"tag-san-saturio","15":"tag-soria","16":"tag-spain","17":"tag-sports","18":"tag-toreo"},"share_on_mastodon":{"url":"","error":""},"_links":{"self":[{"href":"https:\/\/www.europesays.com\/es\/wp-json\/wp\/v2\/posts\/151151","targetHints":{"allow":["GET"]}}],"collection":[{"href":"https:\/\/www.europesays.com\/es\/wp-json\/wp\/v2\/posts"}],"about":[{"href":"https:\/\/www.europesays.com\/es\/wp-json\/wp\/v2\/types\/post"}],"author":[{"embeddable":true,"href":"https:\/\/www.europesays.com\/es\/wp-json\/wp\/v2\/users\/2"}],"replies":[{"embeddable":true,"href":"https:\/\/www.europesays.com\/es\/wp-json\/wp\/v2\/comments?post=151151"}],"version-history":[{"count":0,"href":"https:\/\/www.europesays.com\/es\/wp-json\/wp\/v2\/posts\/151151\/revisions"}],"wp:featuredmedia":[{"embeddable":true,"href":"https:\/\/www.europesays.com\/es\/wp-json\/wp\/v2\/media\/151152"}],"wp:attachment":[{"href":"https:\/\/www.europesays.com\/es\/wp-json\/wp\/v2\/media?parent=151151"}],"wp:term":[{"taxonomy":"category","embeddable":true,"href":"https:\/\/www.europesays.com\/es\/wp-json\/wp\/v2\/categories?post=151151"},{"taxonomy":"post_tag","embeddable":true,"href":"https:\/\/www.europesays.com\/es\/wp-json\/wp\/v2\/tags?post=151151"}],"curies":[{"name":"wp","href":"https:\/\/api.w.org\/{rel}","templated":true}]}}