{"id":151159,"date":"2025-10-01T18:23:10","date_gmt":"2025-10-01T18:23:10","guid":{"rendered":"https:\/\/www.europesays.com\/es\/151159\/"},"modified":"2025-10-01T18:23:10","modified_gmt":"2025-10-01T18:23:10","slug":"alex-albon-vuelve-a-estar-en-el-radar-de-red-bull-se-abre-una-posibilidad-para-el-regreso-de-colapinto-a-williams","status":"publish","type":"post","link":"https:\/\/www.europesays.com\/es\/151159\/","title":{"rendered":"Alex Albon vuelve a estar en el radar de Red Bull: \u00bfse abre una posibilidad para el regreso de Colapinto a Williams?"},"content":{"rendered":"<p>En medio de una temporada con grandes cambios y una crisis deportiva, <strong>Red Bull<\/strong> a\u00fan se mantiene en la b\u00fasqueda de mejorar a su dupla de pilotos para 2026. Con Max Verstappen como \u00fanica pieza confirmada, el segundo asiento ahora tiene un nuevo apuntado: <strong>Alex Albon<\/strong>.<\/p>\n<p>Seg\u00fan el sitio especializado Motorsport.com, el piloto de nacionalidad tailandesa <strong>estar\u00eda nuevamente en el radar de la escuder\u00eda austr\u00edaca gracias al impulso de un accionista tailand\u00e9s,<\/strong> que estar\u00eda interesado en sumarlo al equipo.<\/p>\n<p>Esta operaci\u00f3n podr\u00eda ayudar a mejorar el nivel de Red Bull, que mantiene dudas sobre la continuidad de Yuki Tsunoda como compa\u00f1ero de Verstappen por su bajo rendimiento. Tampoco parece apostar por darle una segunda oportunidad a Liam Lawson -quien dur\u00f3 apenas dos carreras antes de ir a Racing Bulls- ni a Isack Hadjar, uno de los mejores rookies de la temporada.<\/p>\n<blockquote>\n<p>Pero adem\u00e1s, podr\u00eda tener otro beneficiado: <strong>Franco Colapinto<\/strong>. Mientras se encuentra en un limbo con Alpine, la partida de Albon de Williams a su ex equipo podr\u00eda abrirle una puerta al argentino de volver a la escuder\u00eda donde ha mostrado su mejor rendimiento.<\/p>\n<\/blockquote>\n<p>Sin embargo, aunque ser parte de Red Bull pueda ser tentador para muchos pilotos, Albon podr\u00eda no estar interesado. En primer lugar, porque <strong>a\u00fan tiene contrato con Williams vigente hasta 2027<\/strong>. Pero adem\u00e1s, por su <strong>tormentoso recuerdo de su primer paso por el equipo austr\u00edaco<\/strong>.<\/p>\n<p>El tailand\u00e9s fue parte de la estructura de Red Bull entre 2019 y 2020. Con apenas media temporada en la F\u00f3rmula 1 corriendo para Toro Rosso, la escuder\u00eda decidi\u00f3 ascenderlo al primer equipo en reemplazo de Pierre Gasly. Sin embargo, en la temporada siguiente no cumpli\u00f3 con las expectativas y fue reemplazado por Sergio P\u00e9rez.<\/p>\n","protected":false},"excerpt":{"rendered":"En medio de una temporada con grandes cambios y una crisis deportiva, Red Bull a\u00fan se mantiene en&hellip;\n","protected":false},"author":2,"featured_media":151160,"comment_status":"","ping_status":"","sticky":false,"template":"","format":"standard","meta":{"footnotes":""},"categories":[270],"tags":[168,25,24,306,271,272,23,167],"class_list":{"0":"post-151159","1":"post","2":"type-post","3":"status-publish","4":"format-standard","5":"has-post-thumbnail","7":"category-formula-1","8":"tag-deportes","9":"tag-es","10":"tag-espana","11":"tag-f1","12":"tag-formula-1","13":"tag-formula1","14":"tag-spain","15":"tag-sports"},"share_on_mastodon":{"url":"","error":""},"_links":{"self":[{"href":"https:\/\/www.europesays.com\/es\/wp-json\/wp\/v2\/posts\/151159","targetHints":{"allow":["GET"]}}],"collection":[{"href":"https:\/\/www.europesays.com\/es\/wp-json\/wp\/v2\/posts"}],"about":[{"href":"https:\/\/www.europesays.com\/es\/wp-json\/wp\/v2\/types\/post"}],"author":[{"embeddable":true,"href":"https:\/\/www.europesays.com\/es\/wp-json\/wp\/v2\/users\/2"}],"replies":[{"embeddable":true,"href":"https:\/\/www.europesays.com\/es\/wp-json\/wp\/v2\/comments?post=151159"}],"version-history":[{"count":0,"href":"https:\/\/www.europesays.com\/es\/wp-json\/wp\/v2\/posts\/151159\/revisions"}],"wp:featuredmedia":[{"embeddable":true,"href":"https:\/\/www.europesays.com\/es\/wp-json\/wp\/v2\/media\/151160"}],"wp:attachment":[{"href":"https:\/\/www.europesays.com\/es\/wp-json\/wp\/v2\/media?parent=151159"}],"wp:term":[{"taxonomy":"category","embeddable":true,"href":"https:\/\/www.europesays.com\/es\/wp-json\/wp\/v2\/categories?post=151159"},{"taxonomy":"post_tag","embeddable":true,"href":"https:\/\/www.europesays.com\/es\/wp-json\/wp\/v2\/tags?post=151159"}],"curies":[{"name":"wp","href":"https:\/\/api.w.org\/{rel}","templated":true}]}}