{"id":151165,"date":"2025-10-01T18:26:08","date_gmt":"2025-10-01T18:26:08","guid":{"rendered":"https:\/\/www.europesays.com\/es\/151165\/"},"modified":"2025-10-01T18:26:08","modified_gmt":"2025-10-01T18:26:08","slug":"imanol-arias-utiliza-a-marc-giro-para-hacer-este-inesperado-pronunciamiento-tras-sus-criticas-a-tve","status":"publish","type":"post","link":"https:\/\/www.europesays.com\/es\/151165\/","title":{"rendered":"Imanol Arias utiliza a Marc Gir\u00f3 para hacer este inesperado pronunciamiento tras sus cr\u00edticas a TVE"},"content":{"rendered":"<p>Tras casi dos a\u00f1os evitando aparecer ante las c\u00e1maras de Televisi\u00f3n Espa\u00f1ola, Imanol Arias regres\u00f3 a la cadena p\u00fablica este martes con su visita al &#8216;Late Xou&#8217; de <a href=\"https:\/\/eltelevisero.huffingtonpost.es\/2025\/10\/el-imperdible-monologo-de-marc-giro-en-late-xou-replicando-a-los-odiadores-de-tve-me-encanta-ser-socialista\/\" rel=\"nofollow noopener\" target=\"_blank\">Marc Gir\u00f3<\/a>. El actor acudi\u00f3 al espacio de La 1 junto a Mar\u00eda Barranco para presentar su nueva obra de teatro &#8216;Mejor no decirlo&#8217; y aprovech\u00f3 para disculparse por las duras palabras que dedic\u00f3 a RTVE en 2022 asegurando que nunca volver\u00eda al ente. <\/p>\n<p>Tras poner el broche final a &#8216;Cu\u00e9ntame&#8217; en noviembre de 2023, ficci\u00f3n en la que dio vida durante m\u00e1s de 20 a\u00f1os al padre de la familia Alc\u00e1ntara, el int\u00e9rprete ha evitado a toda costa regresar a la cadena p\u00fablica. Sin embargo, su desprecio a RTVE no lleg\u00f3 tras finalizar la m\u00edtica serie de La 1, pues ya en junio de 2022 el actor dej\u00f3 claro su malestar al continuar en la televisi\u00f3n p\u00fablica.<\/p>\n<p>Imanol Arias rectifica sobre las duras cr\u00edticas que lanz\u00f3 contra RTVE en 2022: \u00abMe pas\u00e9 tres pueblos\u00bb<\/p>\n<p><strong>\u00abEs insoportable estar en esta cadena. Yo espero no volver en mucho tiempo a nada p\u00fablico en este pa\u00eds\u00bb<\/strong>, asegur\u00f3 Imanol Arias durante su aparici\u00f3n en &#8216;La Kapital&#8217; de Telebilbao, cuando a\u00fan quedaba m\u00e1s de un a\u00f1o para el desenlace de la ficci\u00f3n que protagonizaba junto a Ana Duato. El de Ria\u00f1o despotric\u00f3 contra las \u00ab9.000 personas\u00bb contratadas en el ente p\u00fablico que \u00abno hacen nada, que sobran\u00bb y carg\u00f3 contra RTVE por censurar los contenidos hist\u00f3ricos de la serie.<\/p>\n<blockquote class=\"twitter-tweet\" data-width=\"550\" data-dnt=\"true\">\n<p lang=\"es\" dir=\"ltr\"><a href=\"https:\/\/twitter.com\/hashtag\/LateXou?src=hash&amp;ref_src=twsrc%5Etfw\" rel=\"noopener nofollow\" target=\"_blank\">#LateXou<\/a><\/p>\n<p>\u00abTengo que decir, para los trabajadores de la casa, que vuelvo a romper mi promesa y que quiero volver a pedirles disculpas por el exabrupto de aquella noche\u00bb<\/p>\n<p>\ud83d\udde3\ufe0f Imanol Arias regresa, despu\u00e9s del final de Cu\u00e9ntame, a RTVE <a href=\"https:\/\/t.co\/fgL3avaY4J\" rel=\"nofollow\">pic.twitter.com\/fgL3avaY4J<\/a><\/p>\n<p>\u2014 La 1 (@La1_tve) <a href=\"https:\/\/twitter.com\/La1_tve\/status\/1973142220015386746?ref_src=twsrc%5Etfw\" rel=\"noopener nofollow\" target=\"_blank\">September 30, 2025<\/a><\/p><\/blockquote>\n<p>\u00abDesde que en el primer cap\u00edtulo de esta temporada sali\u00f3 Narc\u00eds Serra diciendo que sacaran al m\u00e9dico para justificar la muerte de una etarra para evitar lo de Rold\u00e1n, <strong>alguien del Consejo de Administraci\u00f3n socialista, mujer, que cobra 7.500 euros al mes, dijo &#8216;hay que cortar la cabeza a esto&#8217;. Y as\u00ed fue, a las tres semanas dijeron que acab\u00e1ramos<\/strong>\u00ab, asegur\u00f3 en su momento el que daba vida a Pedro Alc\u00e1ntara.<\/p>\n<p>Sin embargo, este martes, al encontrarse con Marc Gir\u00f3, el actor ha querido recular en su dura radiograf\u00eda de la que fue su casa televisiva durante m\u00e1s de dos d\u00e9cadas. <strong>\u00abMe pas\u00e9 tres pueblos, se me fue la olla\u00bb<\/strong>, comenzaba lamentando Imanol Arias al rememorar su pol\u00e9mica en &#8216;Late Xou&#8217;. <strong>\u00abTengo que decir a los trabajadores de esta casa que he roto mi promesa y que vuelvo a pedirles disculpas por el exabrupto de aquella noche. Hay noches en las que te viene a ver el diablo y uno dice lo que quiere decir, pero mal dicho\u00bb<\/strong>, a\u00f1ad\u00eda entonces el invitado.<\/p>\n<p>\u00abEl final de &#8216;Cu\u00e9ntame&#8217; fue una injusticia para Espa\u00f1a\u00bb<\/p>\n<p>Y el presentador no dud\u00f3 en interrumpir el &#8216;mea culpa&#8217; del actor para hacer una importante aclaraci\u00f3n. <strong>\u00abTe digo una cosa, y te la digo como espectador: el d\u00eda que acab\u00f3 &#8216;Cu\u00e9ntame&#8217; yo me cagu\u00e9 en todo el Consejo de Administraci\u00f3n de RTVE, del primero al \u00faltimo, porque eso fue una injusticia para Espa\u00f1a y para nosotras, las telespectadoras, de la que a\u00fan no nos hemos recuperado\u00bb<\/strong>, lament\u00f3 Gir\u00f3.<\/p>\n<p><strong>\u00abAhora, TVE es maravillosa. \u00a1Viva Imanol Arias!\u00bb<\/strong>, terminaba sentenciando el conductor de &#8216;Late Xou&#8217; con una ronda de aplausos a la que se sum\u00f3 Imanol Arias desde su asiento. As\u00ed, el comunicador quiso romper una lanza a favor del equipo actual del ente en mitad de unos meses marcados por el constante se\u00f1alamiento a la cadena p\u00fablica, mientras que el actor dej\u00f3 claro que retira esa s\u00faplica de <strong>\u00abpor favor, no quiero volver \u00a1que me liberen ya!\u00bb<\/strong> que enton\u00f3 en su d\u00eda. <\/p>\n<p>\t\t\t\t\t\t                    <script async src=\"https:\/\/platform.twitter.com\/widgets.js\" charset=\"utf-8\"><\/script><\/p>\n","protected":false},"excerpt":{"rendered":"Tras casi dos a\u00f1os evitando aparecer ante las c\u00e1maras de Televisi\u00f3n Espa\u00f1ola, Imanol Arias regres\u00f3 a la cadena&hellip;\n","protected":false},"author":2,"featured_media":151166,"comment_status":"","ping_status":"","sticky":false,"template":"","format":"standard","meta":{"footnotes":""},"categories":[174],"tags":[255,146,147,25,24,256,23],"class_list":{"0":"post-151165","1":"post","2":"type-post","3":"status-publish","4":"format-standard","5":"has-post-thumbnail","7":"category-famosos","8":"tag-celebrities","9":"tag-entertainment","10":"tag-entretenimiento","11":"tag-es","12":"tag-espana","13":"tag-famosos","14":"tag-spain"},"share_on_mastodon":{"url":"","error":""},"_links":{"self":[{"href":"https:\/\/www.europesays.com\/es\/wp-json\/wp\/v2\/posts\/151165","targetHints":{"allow":["GET"]}}],"collection":[{"href":"https:\/\/www.europesays.com\/es\/wp-json\/wp\/v2\/posts"}],"about":[{"href":"https:\/\/www.europesays.com\/es\/wp-json\/wp\/v2\/types\/post"}],"author":[{"embeddable":true,"href":"https:\/\/www.europesays.com\/es\/wp-json\/wp\/v2\/users\/2"}],"replies":[{"embeddable":true,"href":"https:\/\/www.europesays.com\/es\/wp-json\/wp\/v2\/comments?post=151165"}],"version-history":[{"count":0,"href":"https:\/\/www.europesays.com\/es\/wp-json\/wp\/v2\/posts\/151165\/revisions"}],"wp:featuredmedia":[{"embeddable":true,"href":"https:\/\/www.europesays.com\/es\/wp-json\/wp\/v2\/media\/151166"}],"wp:attachment":[{"href":"https:\/\/www.europesays.com\/es\/wp-json\/wp\/v2\/media?parent=151165"}],"wp:term":[{"taxonomy":"category","embeddable":true,"href":"https:\/\/www.europesays.com\/es\/wp-json\/wp\/v2\/categories?post=151165"},{"taxonomy":"post_tag","embeddable":true,"href":"https:\/\/www.europesays.com\/es\/wp-json\/wp\/v2\/tags?post=151165"}],"curies":[{"name":"wp","href":"https:\/\/api.w.org\/{rel}","templated":true}]}}