{"id":151167,"date":"2025-10-01T18:28:09","date_gmt":"2025-10-01T18:28:09","guid":{"rendered":"https:\/\/www.europesays.com\/es\/151167\/"},"modified":"2025-10-01T18:28:09","modified_gmt":"2025-10-01T18:28:09","slug":"la-cordobesa-ana-ortiz-se-alza-con-el-premio-hortensia-roig-de-literatura-infantil-por-su-obra-amor-a-primera-formula","status":"publish","type":"post","link":"https:\/\/www.europesays.com\/es\/151167\/","title":{"rendered":"La cordobesa Ana Ortiz se alza con el Premio Hortensia Roig de literatura infantil por su obra &#8216;Amor a primera f\u00f3rmula&#8217;"},"content":{"rendered":"<p>El cuento ganador, elegido entre 316 candidatos de todo el pa\u00eds, se publicar\u00e1 el 22 de octubre por Plataforma Editorial<br \/>\n\u00abEl premio busca despertar vocaciones en \u00e1reas STEM, especialmente entre mujeres, promoviendo estudios que conecten con los retos del mundo actual\u00bb, seg\u00fan la presidenta de EDEM\n<\/p>\n<p><img fetchpriority=\"high\" class=\"voc-img\" src=\"https:\/\/www.europesays.com\/es\/wp-content\/uploads\/2025\/10\/hortensia-roig-ana-ruiz-RbefCtNiEBOEF5A1DlZ3DvL-1200x840@diario_abc.jpg\" loading=\"eager\" decoding=\"async\" alt=\"Ana Ortiz recibe el Premio Hortensia Roig de literatura infantil 2025, este mi\u00e9rcoles en Valencia\" width=\"1200\" height=\"840\"\/><\/p>\n<p>Ana Ortiz recibe el Premio Hortensia Roig de literatura infantil 2025, este mi\u00e9rcoles en Valencia    ABC  <\/p>\n<p class=\"voc-p\" style=\"\">La obra, \u00abAmor a primera f\u00f3rmula\u00bb de <strong>Ana Ortiz<\/strong> es la ganadora del <a href=\"https:\/\/www.abc.es\/espana\/comunidad-valenciana\/premio-hortensia-roig-anuncia-finalistas-edicion-record-20250918155756-nt.html\" target=\"_blank\" data-voc-vtm-id=\"in-text-traffic\" title=\"Premio Hortensia Roig\" data-mrf-link=\"www.abc.es\" rel=\"nofollow noopener\">Premio Hortensia Roig<\/a> de <strong>literatura infantil<\/strong> 2025. Entre flores y c\u00e1lculos matem\u00e1ticos se desarrolla la historia de la protagonista de este cuento, que es mucho m\u00e1s que una divertida historia juvenil: un viaje hacia el descubrimiento del amor por la ciencia y los valores de la amistad. El primer premio est\u00e1 dotado con <strong>8.000 euros<\/strong> y la publicaci\u00f3n por <strong>Plataforma Editorial<\/strong> el pr\u00f3ximo 22 de octubre. <\/p>\n<p class=\"voc-p\" style=\"\">El jurado ha dado a conocer los nombres de las dos autoras en un acto celebrado esta tarde en Val\u00e8ncia, presidido por la impulsora del concurso literario Hortensia Roig, presidenta de <strong>EDEM<\/strong> y consejera de Mercadona. El jurado compuesto por figuras destacadas como la onc\u00f3loga Ana Lluch, la investigadora Laura Lechuga, la periodista Gloria Lomana, la emprendedora \u00c1ngela P\u00e9rez y el editor Jordi Nadal, ha valorado por unanimidad la obra de Ana Ortiz por su ingenio, humor y narrativa \u00e1gil. Adem\u00e1s de presentar una protagonista fuerte y entusiasta, el cuento integra con naturalidad conceptos STEM y promueve valores como la sororidad, la <strong>interculturalidad<\/strong> y el respeto a la diversidad.<\/p>\n<p class=\"voc-p\" style=\"\">Por su parte, \u00abTata Jarache, una sabia viajera\u00bb, de la alicantina <strong>Laura Andreu<\/strong> ha sido reconocida como la <strong>segunda finalista<\/strong> y recibir\u00e1 un premio de 2.000 euros. De su obra, el jurado ha valorado la originalidad, su enorme fantas\u00eda y c\u00f3mo pone en valor el trabajo en equipo y la solidaridad de sus protagonistas, adem\u00e1s de la gran variedad de disciplinas que aborda.<\/p>\n<p>\nVocaciones informadas y empleables\n<\/p>\n<p class=\"voc-p\" style=\"\">El primer premio de la cuarta edici\u00f3n de este concurso y la obra finalista han sido seleccionados entre <strong>316 manuscritos<\/strong> presentados por autores de todo el pa\u00eds en una edici\u00f3n que ha batido r\u00e9cords de participaci\u00f3n, con 100 obras m\u00e1s que el a\u00f1o anterior. <\/p>\n<p class=\"voc-p\" style=\"\">La presidenta de <strong>EDEM<\/strong>, Hortensia Roig, ha manifestado: \u00abEl prop\u00f3sito del premio es <strong>despertar vocaciones<\/strong> en \u00e1reas necesarias para el futuro como la ciencia, la tecnolog\u00eda, la ingenier\u00eda o las matem\u00e1ticas. Y orientar a las nuevas generaciones, especialmente a las mujeres, hacia estudios que les permitan construir una <strong>carrera s\u00f3lida<\/strong> y conectada con el mundo actual. Las vocaciones deben ser, tambi\u00e9n, informadas y empleables: informadas, para poder tomar decisiones con conocimiento y empleables, para que esas decisiones les abran oportunidades profesionales relevantes\u00bb.<\/p>\n<p class=\"voc-p\" style=\"\">Bajo esta perspectiva, el secretario del jurado <strong>Jordi Nadal<\/strong> y editor de la novela ha destacado: \u00abEs un honor formar parte de un jurado que elige obras como esta, un texto que celebra la amistad, el compa\u00f1erismo y el respeto al diferente. Nada hace m\u00e1s feliz a un editor que publicar libros que no solo celebran el conocimiento, sino que educan para nuestro futuro a j\u00f3venes cient\u00edficas y lectoras\u00bb. <\/p>\n<p>\nSobre el relato vencedor\n<\/p>\n<p class=\"voc-p\" style=\"\">El libro ver\u00e1 la luz el pr\u00f3ximo 22 de octubre. \u00abAmor a primera f\u00f3rmula\u00bb es la historia del descubrimiento de un amor. La trama florece entre p\u00e9talos y experimentos, con Margarita Rocaflor como protagonista: una so\u00f1adora perdidamente enamorada de Mateo, el bailar\u00edn m\u00e1s talentoso del colegio. Tras un intento fallido por llamar su atenci\u00f3n, Margarita decide recurrir a Amira Nassif, la chica m\u00e1s inteligente de la clase, y a sus conocimientos cient\u00edficos. Juntas, emprenden una divertida b\u00fasqueda y acaban descubriendo que hay amores que te llenan el est\u00f3mago de curiosidad como la ciencia.<\/p>\n<p class=\"voc-p\" style=\"\">Se trata de la primera <strong>novela<\/strong> de ficci\u00f3n de Ana Ortiz nacida en C\u00f3rdoba. La ganadora es una joven <strong>psic\u00f3loga<\/strong> de 22 a\u00f1os amante del ser humano, del arte y firme defensora de la imaginaci\u00f3n como motor del desarrollo, ha dedicado su trayectoria a <strong>acompa\u00f1ar<\/strong> a <strong>ni\u00f1os<\/strong> y <strong>adolescentes<\/strong> en su crecimiento emocional y acad\u00e9mico. Est\u00e1 convencida de que educar tambi\u00e9n es aprender a contar bien las cosas. En sus libros busca despertar curiosidad, empat\u00eda y pensamiento cr\u00edtico, sin renunciar nunca a lo esencial: una buena historia con coraz\u00f3n.<\/p>\n<p class=\"voc-p\" style=\"\">En su discurso ha resaltado: \u00abSiento un enorme orgullo de formar parte de esta iniciativa. Ojal\u00e1 todos los ni\u00f1os y ni\u00f1as que lean esta historia imaginen muchas cosas. Y, sobre todo, ojal\u00e1 que todo lo que imaginen, con esfuerzo y ayuda de los dem\u00e1s, se vuelva posible\u00bb.<\/p>\n<p>Reportar un error<\/p>\n","protected":false},"excerpt":{"rendered":"El cuento ganador, elegido entre 316 candidatos de todo el pa\u00eds, se publicar\u00e1 el 22 de octubre por&hellip;\n","protected":false},"author":2,"featured_media":151168,"comment_status":"","ping_status":"","sticky":false,"template":"","format":"standard","meta":{"footnotes":""},"categories":[172],"tags":[7429,1733,683,224,1648,146,147,25,24,3098,45831,3132,225,671,4125,5971,843,1078,3333,23],"class_list":{"0":"post-151167","1":"post","2":"type-post","3":"status-publish","4":"format-standard","5":"has-post-thumbnail","7":"category-libros","8":"tag-alza","9":"tag-amor","10":"tag-ana","11":"tag-books","12":"tag-cordobesa","13":"tag-entertainment","14":"tag-entretenimiento","15":"tag-es","16":"tag-espana","17":"tag-formula","18":"tag-hortensia","19":"tag-infantil","20":"tag-libros","21":"tag-literatura","22":"tag-obra","23":"tag-ortiz","24":"tag-premio","25":"tag-primera","26":"tag-roig","27":"tag-spain"},"share_on_mastodon":{"url":"","error":""},"_links":{"self":[{"href":"https:\/\/www.europesays.com\/es\/wp-json\/wp\/v2\/posts\/151167","targetHints":{"allow":["GET"]}}],"collection":[{"href":"https:\/\/www.europesays.com\/es\/wp-json\/wp\/v2\/posts"}],"about":[{"href":"https:\/\/www.europesays.com\/es\/wp-json\/wp\/v2\/types\/post"}],"author":[{"embeddable":true,"href":"https:\/\/www.europesays.com\/es\/wp-json\/wp\/v2\/users\/2"}],"replies":[{"embeddable":true,"href":"https:\/\/www.europesays.com\/es\/wp-json\/wp\/v2\/comments?post=151167"}],"version-history":[{"count":0,"href":"https:\/\/www.europesays.com\/es\/wp-json\/wp\/v2\/posts\/151167\/revisions"}],"wp:featuredmedia":[{"embeddable":true,"href":"https:\/\/www.europesays.com\/es\/wp-json\/wp\/v2\/media\/151168"}],"wp:attachment":[{"href":"https:\/\/www.europesays.com\/es\/wp-json\/wp\/v2\/media?parent=151167"}],"wp:term":[{"taxonomy":"category","embeddable":true,"href":"https:\/\/www.europesays.com\/es\/wp-json\/wp\/v2\/categories?post=151167"},{"taxonomy":"post_tag","embeddable":true,"href":"https:\/\/www.europesays.com\/es\/wp-json\/wp\/v2\/tags?post=151167"}],"curies":[{"name":"wp","href":"https:\/\/api.w.org\/{rel}","templated":true}]}}