{"id":151169,"date":"2025-10-01T18:29:11","date_gmt":"2025-10-01T18:29:11","guid":{"rendered":"https:\/\/www.europesays.com\/es\/151169\/"},"modified":"2025-10-01T18:29:11","modified_gmt":"2025-10-01T18:29:11","slug":"andrea-levy-se-enfrenta-a-gonzalo-miro-en-directo-y-silencia-directo-al-grano-no-me-hace-gracia","status":"publish","type":"post","link":"https:\/\/www.europesays.com\/es\/151169\/","title":{"rendered":"Andrea Levy se enfrenta a Gonzalo Mir\u00f3 en directo y silencia \u2018Directo al grano\u2019: \u201cNo me hace gracia\u201d"},"content":{"rendered":"<p class=\"\">Este <b>mi\u00e9rcoles 1 de octubre<\/b>, ha tenido lugar una nueva emisi\u00f3n de <b>\u2018Directo al grano\u2019<\/b>, programa emitido en La 1 y presentado por el d\u00fao formado por <b>Marta Flich y Gonzalo Mir\u00f3<\/b>. En esta entrega, uno de los temas principales fue el <b>apoyo del PP de Madrid a una iniciativa de Vox para obligar a los centros municipales a informar a las mujeres que pidan informaci\u00f3n sobre el \u2018s\u00edndrome postaborto\u2019<\/b>.<\/p>\n<p class=\"\">En este contexto, uno de los grandes momentos del programa se produjo cuando <b>Andrea Levy y Gonzalo Mir\u00f3<\/b> protagonizaron un tenso cara a cara en directo. Todo comenz\u00f3 cuando <b>Esther Palomera<\/b>, al hablar de la medida lanzada por Vox y el apoyo que ha recibido por parte del Partido Popular madrile\u00f1o, opin\u00f3 lo siguiente: <b>\u201cEn vez de Partido Popular tiene que llamarse Vox. Hay mala fe hacia las mujeres e ignorancia. Son una panda de ignorantes. El PP est\u00e1 en pleno viaje al centro\u201d<\/b>, afirm\u00f3.<\/p>\n<p class=\"\">Lo dicho por la colaboradora televisiva fue secundado por el presentador de \u2018Directo al grano\u2019: <b>\u201cSu viaje al centro comenz\u00f3 hace mucho tiempo, est\u00e1 siendo eterno\u201d<\/b>. R\u00e1pidamente, Andrea Levy sali\u00f3 al paso del periodista madrile\u00f1o: <b>\u201cBueno\u2026 Algunos hemos sido del centro siempre. Vamos a ver\u2026\u201d<\/b>, expres\u00f3 la abogada, provocando, al instante, las risas del hijo de Pilar Mir\u00f3.<\/p>\n<p>\u201c\u00bfTe r\u00edes de que sea del centro?\u201d<\/p>\n<p class=\"\">Las reacci\u00f3n de Gonzalo Mir\u00f3 no fue bien recibida por parte de Andrea, que se lo hizo saber al televisivo:<b> \u201cA m\u00ed no me hace gracia lo que he dicho\u201d<\/b>, asegur\u00f3. <b>\u201cA mi s\u00ed\u201d<\/b>, fue la respuesta del presentador. <b>\u201c\u00bfTe r\u00edes de que sea del centro?\u201d<\/b>, pregunt\u00f3 Andrea Levy, visiblemente molesta.<\/p>\n<p>Noticias relacionadas<a href=\"https:\/\/as.com\/tikitakas\/television\/gonzalo-miro-tajante-sobre-las-audiencias-de-directo-al-grano-en-tve-para-pasar-la-tarde-n\/\" class=\"s_m_w\" title=\"El copresentador del formato vespertino de La 1 celebr\u00f3 junto a Marta Flich el buen dato del lunes y envi\u00f3 un mensaje en la misma clave a Jes\u00fas Cintora.\" data-tb-link=\"\" rel=\"nofollow noopener\" target=\"_blank\"><img decoding=\"async\" src=\"https:\/\/www.europesays.com\/es\/wp-content\/uploads\/2025\/10\/LF32257YPNBK5ASWGQGZF7MMME.jpg\" alt=\"Gonzalo Mir\u00f3, tajante sobre las audiencias de \u2018Directo al grano\u2019 en TVE: \u201cPara pasar la tarde...\u201d\" class=\"\" height=\"1\" width=\"1\"   loading=\"lazy\" data-tb-thumbnail=\"\"\/><\/a><a href=\"https:\/\/as.com\/tikitakas\/famosos\/gonzalo-miro-en-plena-guerra-verbal-contra-isabel-diaz-ayuso-en-tve-si-quieres-paz-n\/\" class=\"s_m_w\" title=\"El presentador de \u2018Directo al grano\u2019 ha criticado que la presidenta de la Comunidad de Madrid definiera RTVE como \u201cprensa del r\u00e9gimen\u201d.\" data-tb-link=\"\" rel=\"nofollow noopener\" target=\"_blank\"><img decoding=\"async\" src=\"https:\/\/www.europesays.com\/es\/wp-content\/uploads\/2025\/10\/XX6F6BECRJAQBNH6LWFW7QZ72E.jpg\" alt=\"Gonzalo Mir\u00f3 responde sin tapujos a Isabel D\u00edaz Ayuso: \u201cHay una periodista que se llama Silvia Intxaurrondo...\u201d\" class=\"\" height=\"1\" width=\"1\"   loading=\"lazy\" data-tb-thumbnail=\"\"\/><\/a><\/p>\n<p class=\"\"><b>\u201cYo al PP nunca lo he visto en el centro\u201d<\/b>, contest\u00f3 Mir\u00f3. Finalmente, Andrea Levy volvi\u00f3 a la carga: <b>\u201cNo lo habr\u00e1s visto t\u00fa y por eso le estar\u00e1s dando muchas vueltas\u201d<\/b>, expres\u00f3, a lo que Gonzalo Mir\u00f3, cansado ya de la discusi\u00f3n, sentenci\u00f3 con brevedad: <b>\u201cPor eso me r\u00edo\u201d<\/b>.<\/p>\n<p class=\"\"><b>\u00a1Tus opiniones importan!<\/b> Comenta en los art\u00edculos y suscr\u00edbete gratis a nuestra <a href=\"https:\/\/asfan.as.com\/newsletters\/\" target=\"_blank\" rel=\"nofollow noopener\" title=\"https:\/\/asfan.as.com\/newsletters\/\">newsletter<\/a> y a las alertas informativas en la <a href=\"https:\/\/as.com\/aplicacion-de-as-n\/\" target=\"_blank\" rel=\"nofollow noopener\" title=\"https:\/\/as.com\/aplicacion-de-as-n\/\">App<\/a> o el canal de <a href=\"https:\/\/www.whatsapp.com\/channel\/0029VaAasdA7j6g745nz9M10\" target=\"_blank\" rel=\"nofollow noopener\" title=\"https:\/\/www.whatsapp.com\/channel\/0029VaAasdA7j6g745nz9M10\">WhatsApp<\/a>. \u00bfBuscas licenciar contenido? Haz clic <a href=\"https:\/\/profesional.elpais.com\/landing-sindicacion?utm_medium=interno&amp;utm_source=crosslinking&amp;utm_campaign=sindicacion_as_pie_articulos\" target=\"_blank\" rel=\"nofollow noopener\" title=\"https:\/\/profesional.elpais.com\/landing-sindicacion?utm_medium=interno&amp;utm_source=crosslinking&amp;utm_campaign=sindicacion_as_pie_articulos\">aqu\u00ed<\/a><\/p>\n","protected":false},"excerpt":{"rendered":"Este mi\u00e9rcoles 1 de octubre, ha tenido lugar una nueva emisi\u00f3n de \u2018Directo al grano\u2019, programa emitido en&hellip;\n","protected":false},"author":2,"featured_media":151170,"comment_status":"","ping_status":"","sticky":false,"template":"","format":"standard","meta":{"footnotes":""},"categories":[171],"tags":[146,147,25,24,23,214],"class_list":{"0":"post-151169","1":"post","2":"type-post","3":"status-publish","4":"format-standard","5":"has-post-thumbnail","7":"category-tv","8":"tag-entertainment","9":"tag-entretenimiento","10":"tag-es","11":"tag-espana","12":"tag-spain","13":"tag-tv"},"share_on_mastodon":{"url":"","error":""},"_links":{"self":[{"href":"https:\/\/www.europesays.com\/es\/wp-json\/wp\/v2\/posts\/151169","targetHints":{"allow":["GET"]}}],"collection":[{"href":"https:\/\/www.europesays.com\/es\/wp-json\/wp\/v2\/posts"}],"about":[{"href":"https:\/\/www.europesays.com\/es\/wp-json\/wp\/v2\/types\/post"}],"author":[{"embeddable":true,"href":"https:\/\/www.europesays.com\/es\/wp-json\/wp\/v2\/users\/2"}],"replies":[{"embeddable":true,"href":"https:\/\/www.europesays.com\/es\/wp-json\/wp\/v2\/comments?post=151169"}],"version-history":[{"count":0,"href":"https:\/\/www.europesays.com\/es\/wp-json\/wp\/v2\/posts\/151169\/revisions"}],"wp:featuredmedia":[{"embeddable":true,"href":"https:\/\/www.europesays.com\/es\/wp-json\/wp\/v2\/media\/151170"}],"wp:attachment":[{"href":"https:\/\/www.europesays.com\/es\/wp-json\/wp\/v2\/media?parent=151169"}],"wp:term":[{"taxonomy":"category","embeddable":true,"href":"https:\/\/www.europesays.com\/es\/wp-json\/wp\/v2\/categories?post=151169"},{"taxonomy":"post_tag","embeddable":true,"href":"https:\/\/www.europesays.com\/es\/wp-json\/wp\/v2\/tags?post=151169"}],"curies":[{"name":"wp","href":"https:\/\/api.w.org\/{rel}","templated":true}]}}