{"id":151171,"date":"2025-10-01T18:30:11","date_gmt":"2025-10-01T18:30:11","guid":{"rendered":"https:\/\/www.europesays.com\/es\/151171\/"},"modified":"2025-10-01T18:30:11","modified_gmt":"2025-10-01T18:30:11","slug":"silvio-era-un-elvis-presley-de-otro-planeta","status":"publish","type":"post","link":"https:\/\/www.europesays.com\/es\/151171\/","title":{"rendered":"\u00abSilvio era un &#8216;elvis presley&#8217; de otro planeta"},"content":{"rendered":"<p style=\"\"><strong>Andr\u00e9s Herrera &#8216;P\u00e1jaro&#8217; (Sevilla, 1963)<\/strong>, conoci\u00f3 a <strong>Silvio Rodr\u00edguez Melgarejo,<\/strong> &#8216;Silvio&#8217; cuando ten\u00eda 16 a\u00f1os y su admiraci\u00f3n por el m\u00fasico se hizo realidad cuando \u00e9ste al cabo de los a\u00f1os le pidi\u00f3 que fuera su guitarrista.<\/p>\n<p style=\"\">Ahora est\u00e1 inmerso en los ensayos  &#8230; del homenaje a Silvio, \u00abreunir a tantos amigos, al <strong>Canijo de Jerez, Kiko, Begines.<\/strong>.., es fant\u00e1stico y toda la gente que va a venir. Juntarnos todos y recordar a Silvio que hace 80 a\u00f1os que naci\u00f3, a mi esto&#8230;, bueno en mi repertorio llevo canciones de Silvio que hemos versionado nosotros, pero tocar su repertorio es una maravilla. Estamos como estrenando zapatos nuevos\u00ab.<\/p>\n<p class=\"voc-p\" style=\"\"><strong>Reconoce que su vida estuvo marcada por Silvio<\/strong>, \u00abyo creo que fue la persona que m\u00e1s me marc\u00f3. Yo ten\u00eda 16 a\u00f1os cuando lo escuch\u00e9 por primera vez en un programa de radio que llevaba una se\u00f1ora llamada Rosa Mar\u00eda Pinto en Radio Sevilla, y no ten\u00eda ni idea de quien era Silvio, pero nada m\u00e1s escucharlo me fascin\u00f3 y me aprend\u00ed todas sus canciones. Yo era un chaval que quer\u00eda tocar la guitarra, y cuando tocaba so\u00f1aba pensando&#8230; &#8216;alg\u00fan d\u00eda ser\u00e9 el guitarrista de Silvio&#8217;, pero nunca pod\u00eda imaginar que mi sue\u00f1o ser\u00eda realidad. El Universo me puso en el sitio adecuado\u00bb.<\/p>\n<p class=\"voc-p\" style=\"\"><strong>El encuentro fue en un bar, casi como si fuera una premonici\u00f3n.<\/strong> \u00abFue muy gracioso. Yo estaba en un bar, y no ten\u00eda que trabajar ni nada. Mi hermana Mari Carmen y su marido ten\u00edan un bar en la calle Monte Carmelo en la \u00e9poca del Flash y toda esa movida rock y punk que hab\u00eda all\u00ed, y ten\u00edan que salir un momento y me dijeron: \u00bbni\u00f1o, qu\u00e9date aqu\u00ed en la barra un rato\u00ab. Y yo dije, vale&#8230;, aunque dejarme a mi en la barra era un peligro&#8230; Y de pronto entraron unos se\u00f1ores, uno de ellos habl\u00f3 y de pronto lo v\u00ed: \u00e9ste es Silvio, lo reconoc\u00ed por la voz. Entonces cog\u00ed una guitarra que hab\u00edan dejado unos flamencos y toqu\u00e9&#8230;, me mir\u00f3 y me dijo: <strong>&#8216;chaval, alg\u00fan d\u00eda vas a ser mi guitarrista&#8217;. Y a los cuatro a\u00f1os ya era su guitarrista<\/strong>. Fue alucinante\u00ab.<\/p>\n<p class=\"voc-p\" style=\"\">Recuerda que trabajar con Silvio era muy f\u00e1cil porque era un tipo muy divertido, \u00abest\u00e1bamos ensayando y el t\u00edo, cuando toc\u00e1bamos las canciones que ten\u00edamos, de repente empezaba a cantar una canci\u00f3n de cualquier americano&#8230;, se la estaba inventando, y nosotros lo segu\u00edamos. Cada ensayo era una pel\u00edcula. A Silvio le sal\u00eda todo esto de forma natural, espont\u00e1neamente. <strong>Silvio era un gran improvisador y Pive Amador iba tomando notas.<\/strong> Cuando Silvio cantaba algo Pive se daba cuenta de que ah\u00ed hab\u00eda sustancia y compon\u00eda esa letra. Porque Silvio no cog\u00eda un papel ni un l\u00e1piz. El dec\u00eda una frases o no, pero Pive lo conoc\u00eda muy bien y la verdad salieron as\u00ed la mar de canciones\u00ab.<\/p>\n<p class=\"voc-p\" style=\"\">Le pregunto si se lo imagina con 80 a\u00f1os o quiz\u00e1s cre\u00edan que nunca iba a llegar a esa edad. \u00abAy, la verdad, todos en nuestro corazoncito sab\u00edamos que Silvio&#8230;, porque evidentemente los que est\u00e1bamos con \u00e9l ve\u00edamos su vida. No com\u00eda, beb\u00eda mucho y era indomable, y aparte, como ten\u00eda ese encanto vital no parec\u00eda tan enfermo.<strong> Silvio no dec\u00eda que era alcoh\u00f3lico, dec\u00eda que era &#8216;alcoholista&#8217;, gran aficionado, dec\u00eda.<\/strong> Pero fue una muerte anunciada. Estuvo a punto de irse unas cuantas de veces. Ten\u00eda 55 a\u00f1os y parec\u00eda que ten\u00eda 80\u00ab.<\/p>\n<p class=\"voc-p\" style=\"\">Haciendo un ejercicio de imaginaci\u00f3n quiere pensar en Silvio vivo con 80 a\u00f1os, \u00abcon ese punto que ten\u00eda de la vida, era para grabarle lo que dijera desde que se levantaba hasta que se acostaba, porque ten\u00eda una facilidad y un juego de palabras, y unas contestaciones&#8230;, ah\u00ed est\u00e1n las entrevistas que le hac\u00edan, y no hay ninguna donde se escuche una tonter\u00eda. Siempre hablaba con mucho sentido com\u00fan, lo que pasa es que lo contaba a su manera picassiana. <strong>El era un poco Groucho, ten\u00eda ese toquecito y ese desparpajo trianero, porque se cri\u00f3 en Triana, y esa gracia, todo junto no se puede tener m\u00e1s arte\u00ab.<\/strong><\/p>\n<p class=\"voc-p\" style=\"\">Tuvo un hijo de su matrimonio con una muchacha inglesa, pero nunca tuvo relaci\u00f3n con \u00e9l, \u00ab<strong>yo creo que ese fue uno de los factores que hizo que Silvio estuviera un poco a la deriva en su parte emocional<\/strong>. De hecho, quiz\u00e1s lo escuch\u00e9 hablar del hijo una vez o dos, pero nunca m\u00e1s. No se pon\u00eda nost\u00e1lgico, era un pu\u00f1alito que ten\u00eda clavado en su coraz\u00f3n. Pensar\u00eda, me lo encontrar\u00e9 alg\u00fan d\u00edad, c\u00f3mo ser\u00e1&#8230;, pero nada m\u00e1s. Silvio era muy buena persona\u00ab.<\/p>\n<p class=\"voc-p\" style=\"\"><strong>En el \u00faltimo disco ya no estuvo P\u00e1jaro con Silvio<\/strong>, \u00abporque lo que necesitaba en aquella \u00e9poca era recogerse un poquito. El muchas veces intent\u00f3 dejarlo, porque Silvio no com\u00eda, ten\u00eda s\u00edndrome de abstinencia e intent\u00f3 dejarlo&#8230;, pero no. Silvio ten\u00eda que haberse recogido, pero la vida fue de otra manera, aunque de verdad que lo intent\u00f3 mucho. Ten\u00eda abajo de su casa el bar de la esquina, le llamaba ABCbar, hasta lo meti\u00f3 en la letra de una de sus canciones. En los \u00faltimos a\u00f1os trabajar con \u00e9l tuvo que ser complicado porque no pod\u00eda estar ni de pie\u00bb.<\/p>\n<p class=\"voc-p\" style=\"\">A pesar de todo sus recuerdos de Silvio son siempre dulces, nunca amargos, \u00ablo v\u00ed recuerdo en el homenaje a <strong>Julio Matito<\/strong> y cuando lo v\u00ed salir al escenario, con ese plante, porque hay quien lo tiene y quien no lo tiene y Silvio lo ten\u00eda. A Silvio se le ve\u00eda, era un bicho de algo grande y algo bueno, hasta en las fotos se percibe. Cuando cantaba era muy flamenco, muy bailaor. Ten\u00eda expresiones muy suyas, y lo que le sal\u00eda, le sal\u00eda. <strong>Era as\u00ed y ya est\u00e1. Yo lo veo como un Elvis Presley de otro planeta\u00ab<\/strong>. <\/p>\n","protected":false},"excerpt":{"rendered":"Andr\u00e9s Herrera &#8216;P\u00e1jaro&#8217; (Sevilla, 1963), conoci\u00f3 a Silvio Rodr\u00edguez Melgarejo, &#8216;Silvio&#8217; cuando ten\u00eda 16 a\u00f1os y su admiraci\u00f3n&hellip;\n","protected":false},"author":2,"featured_media":151172,"comment_status":"","ping_status":"","sticky":false,"template":"","format":"standard","meta":{"footnotes":""},"categories":[170],"tags":[29570,146,147,981,25,24,184,185,13795,5635,35082,34230,23],"class_list":{"0":"post-151171","1":"post","2":"type-post","3":"status-publish","4":"format-standard","5":"has-post-thumbnail","7":"category-musica","8":"tag-elvis","9":"tag-entertainment","10":"tag-entretenimiento","11":"tag-era","12":"tag-es","13":"tag-espana","14":"tag-music","15":"tag-musica","16":"tag-pajaro","17":"tag-planeta","18":"tag-presley","19":"tag-silvio","20":"tag-spain"},"share_on_mastodon":{"url":"","error":""},"_links":{"self":[{"href":"https:\/\/www.europesays.com\/es\/wp-json\/wp\/v2\/posts\/151171","targetHints":{"allow":["GET"]}}],"collection":[{"href":"https:\/\/www.europesays.com\/es\/wp-json\/wp\/v2\/posts"}],"about":[{"href":"https:\/\/www.europesays.com\/es\/wp-json\/wp\/v2\/types\/post"}],"author":[{"embeddable":true,"href":"https:\/\/www.europesays.com\/es\/wp-json\/wp\/v2\/users\/2"}],"replies":[{"embeddable":true,"href":"https:\/\/www.europesays.com\/es\/wp-json\/wp\/v2\/comments?post=151171"}],"version-history":[{"count":0,"href":"https:\/\/www.europesays.com\/es\/wp-json\/wp\/v2\/posts\/151171\/revisions"}],"wp:featuredmedia":[{"embeddable":true,"href":"https:\/\/www.europesays.com\/es\/wp-json\/wp\/v2\/media\/151172"}],"wp:attachment":[{"href":"https:\/\/www.europesays.com\/es\/wp-json\/wp\/v2\/media?parent=151171"}],"wp:term":[{"taxonomy":"category","embeddable":true,"href":"https:\/\/www.europesays.com\/es\/wp-json\/wp\/v2\/categories?post=151171"},{"taxonomy":"post_tag","embeddable":true,"href":"https:\/\/www.europesays.com\/es\/wp-json\/wp\/v2\/tags?post=151171"}],"curies":[{"name":"wp","href":"https:\/\/api.w.org\/{rel}","templated":true}]}}