{"id":151173,"date":"2025-10-01T18:31:09","date_gmt":"2025-10-01T18:31:09","guid":{"rendered":"https:\/\/www.europesays.com\/es\/151173\/"},"modified":"2025-10-01T18:31:09","modified_gmt":"2025-10-01T18:31:09","slug":"boyero-se-rinde-a-la-nueva-pelicula-sobre-eta-se-agradece-cine-y-tv","status":"publish","type":"post","link":"https:\/\/www.europesays.com\/es\/151173\/","title":{"rendered":"Boyero se rinde a la nueva pel\u00edcula sobre ETA: \u00abSe agradece\u00bb | Cine y TV"},"content":{"rendered":"<p>Las ficciones sobre la banda terrorista ETA viven un momento de auge con estrenos recientes como Maixabel, Patria o La infiltrada. A estas se suma la nueva pel\u00edcula de Agust\u00edn D\u00edaz Yanes, Un fantasma en la batalla, en la que Susana Albaitua interpreta a Amaia, una joven guardia civil que lleva una d\u00e9cada como agente encubierta dentro de la organizaci\u00f3n terrorista. <\/p>\n<p>M\u00e1s informaci\u00f3n<\/p>\n<p>La cinta cuenta la historia de esta agente, clave para localizar los zulos que la banda terrorista ten\u00eda escondidas en el sur de Francia. Para el cr\u00edtico de cine de La Ventana, Carlos Boyero, el problema de la pel\u00edcula es que \u00abha coincidido en su argumento con La infiltrada\u00bb. La cinta de Arantxa Echevarria fue un aut\u00e9ntico pelotazo y se hizo con dos premios Goya, entre ellos mejor pel\u00edcula y mejor actriz para Carolina Yuste. <\/p>\n<p>La cinta fue tan exitosa que puede que eclipse al primer estreno de D\u00edaz Yanes en ocho a\u00f1os. \u00abA m\u00ed esta me gusta m\u00e1s\u00bb, ha reconocido Boyero, que ha catalogado al cineasta como \u00abun guionista brillante\u00bb. \u00abEs el autor de una de las mejores pel\u00edculas del cine espa\u00f1ol, Nadie hablar\u00e1 de nosotras cuando hayamos muerto. Era brillante la adaptaci\u00f3n que hizo de Alatriste\u00bb, ha comentado el cr\u00edtico de cine. <\/p>\n<p>Para Boyero, Un fantasma en la batalla \u00abest\u00e1 muy bien narrada porque hay un t\u00edo detr\u00e1s que controla todo\u00bb. \u00abLa pel\u00edcula es de estas que no se me ocurre mirar el reloj, adem\u00e1s no tiene una duraci\u00f3n desmesurada, se agradece. Est\u00e1 muy bien. Que su parecido con La infiltrada no eche a la gente para atr\u00e1s\u00bb, ha sentenciado el cr\u00edtico en La Ventana. <\/p>\n<p><img decoding=\"async\" src=\"https:\/\/www.europesays.com\/es\/wp-content\/uploads\/2025\/10\/https:\/\/sdmedia.playser.cadenaser.com\/playser\/image\/20259\/29\/1759158217_asset_still.png\" alt=\"La Ventana del Cine con Carlos Boyero | 'Un fantasma en la batalla'\" width=\"655\"   loading=\"lazy\"\/><\/p>\n<p class=\"tit\">La Ventana del Cine con Carlos Boyero | &#8216;Un fantasma en la batalla&#8217;<\/p>\n<p>00:00:0022:57<\/p>\n<p>El c\u00f3digo iframe se ha copiado en el portapapeles<\/p>\n<p>FacebookTwitterLinkedinWhatsAppCerrar<\/p>\n","protected":false},"excerpt":{"rendered":"Las ficciones sobre la banda terrorista ETA viven un momento de auge con estrenos recientes como Maixabel, Patria&hellip;\n","protected":false},"author":2,"featured_media":151174,"comment_status":"","ping_status":"","sticky":false,"template":"","format":"standard","meta":{"footnotes":""},"categories":[169],"tags":[177,146,147,25,24,176,175,23],"class_list":{"0":"post-151173","1":"post","2":"type-post","3":"status-publish","4":"format-standard","5":"has-post-thumbnail","7":"category-cine","8":"tag-cine","9":"tag-entertainment","10":"tag-entretenimiento","11":"tag-es","12":"tag-espana","13":"tag-film","14":"tag-movies","15":"tag-spain"},"share_on_mastodon":{"url":"","error":""},"_links":{"self":[{"href":"https:\/\/www.europesays.com\/es\/wp-json\/wp\/v2\/posts\/151173","targetHints":{"allow":["GET"]}}],"collection":[{"href":"https:\/\/www.europesays.com\/es\/wp-json\/wp\/v2\/posts"}],"about":[{"href":"https:\/\/www.europesays.com\/es\/wp-json\/wp\/v2\/types\/post"}],"author":[{"embeddable":true,"href":"https:\/\/www.europesays.com\/es\/wp-json\/wp\/v2\/users\/2"}],"replies":[{"embeddable":true,"href":"https:\/\/www.europesays.com\/es\/wp-json\/wp\/v2\/comments?post=151173"}],"version-history":[{"count":0,"href":"https:\/\/www.europesays.com\/es\/wp-json\/wp\/v2\/posts\/151173\/revisions"}],"wp:featuredmedia":[{"embeddable":true,"href":"https:\/\/www.europesays.com\/es\/wp-json\/wp\/v2\/media\/151174"}],"wp:attachment":[{"href":"https:\/\/www.europesays.com\/es\/wp-json\/wp\/v2\/media?parent=151173"}],"wp:term":[{"taxonomy":"category","embeddable":true,"href":"https:\/\/www.europesays.com\/es\/wp-json\/wp\/v2\/categories?post=151173"},{"taxonomy":"post_tag","embeddable":true,"href":"https:\/\/www.europesays.com\/es\/wp-json\/wp\/v2\/tags?post=151173"}],"curies":[{"name":"wp","href":"https:\/\/api.w.org\/{rel}","templated":true}]}}