{"id":151185,"date":"2025-10-01T18:37:08","date_gmt":"2025-10-01T18:37:08","guid":{"rendered":"https:\/\/www.europesays.com\/es\/151185\/"},"modified":"2025-10-01T18:37:08","modified_gmt":"2025-10-01T18:37:08","slug":"muere-la-etologa-britanica-jane-goodall-a-los-91-anos-clima-y-medio-ambiente","status":"publish","type":"post","link":"https:\/\/www.europesays.com\/es\/151185\/","title":{"rendered":"Muere la et\u00f3loga brit\u00e1nica Jane Goodall a los 91 a\u00f1os | Clima y Medio Ambiente"},"content":{"rendered":"<p class=\"\">La et\u00f3loga y primat\u00f3loga brit\u00e1nica Jane Goodall ha fallecido este mi\u00e9rcoles a los 91 a\u00f1os por causas naturales, seg\u00fan ha informado en sus redes sociales el instituto que lleva su nombre y que ella misma fund\u00f3 en 1977 con el objetivo de promover la protecci\u00f3n de los ecosistemas y la biodiversidad. <a href=\"https:\/\/elpais.com\/america-futura\/2024-08-23\/jane-goodall-defender-el-medio-ambiente-con-rabia-es-contraproductivo.html\" target=\"_self\" rel=\"nofollow noopener\" title=\"https:\/\/elpais.com\/america-futura\/2024-08-23\/jane-goodall-defender-el-medio-ambiente-con-rabia-es-contraproductivo.html\">Mensajera de la Paz de las Naciones Unidas<\/a>, Goodall destac\u00f3 por sus m\u00e9todos innovadores y unos fascinantes descubrimientos sobre la conducta de los chimpanc\u00e9s salvajes en Gombe (Tanzania). En el momento de su fallecimiento, se encontraba en California como parte de su gira de conferencias por Estados Unidos. <\/p>\n<p class=\"\">Ella misma contaba que ten\u00eda cuatro a\u00f1os cuando lleg\u00f3 de vacaciones con su madre a una granja. Era una gran finca donde viv\u00edan vacas, cerdos y caballos, todos juntos. Entonces, una peque\u00f1a Goodall se obsesion\u00f3 en averiguar c\u00f3mo era posible que un huevo saliera de una gallina, as\u00ed que se escondi\u00f3 en uno de los seis gallineros de la casa y esper\u00f3. Aguant\u00f3 de cuclillas cuatro horas hasta que vio al ave marr\u00f3n levantar levemente las alas y dejar caer un huevo blanco sobre la paja. Ese fue, seg\u00fan la et\u00f3loga, el nacimiento de una peque\u00f1a investigadora.<\/p>\n<p class=\"\">[Noticia de \u00faltima hora. Habr\u00e1 actualizaci\u00f3n en breve]<\/p>\n","protected":false},"excerpt":{"rendered":"La et\u00f3loga y primat\u00f3loga brit\u00e1nica Jane Goodall ha fallecido este mi\u00e9rcoles a los 91 a\u00f1os por causas naturales,&hellip;\n","protected":false},"author":2,"featured_media":151186,"comment_status":"","ping_status":"","sticky":false,"template":"","format":"standard","meta":{"footnotes":""},"categories":[42],"tags":[17,18,1800,13,14,11,61,62,63,64,45832,19,20,6688,9,10,15,16,9239,492,12,21,22,65,66,67],"class_list":{"0":"post-151185","1":"post","2":"type-post","3":"status-publish","4":"format-standard","5":"has-post-thumbnail","7":"category-internacional","8":"tag-breaking-news","9":"tag-breakingnews","10":"tag-ecologia","11":"tag-featured-news","12":"tag-featurednews","13":"tag-headlines","14":"tag-internacional","15":"tag-international","16":"tag-international-news","17":"tag-internationalnews","18":"tag-jane-goodall","19":"tag-latest-news","20":"tag-latestnews","21":"tag-medio-ambiente","22":"tag-news","23":"tag-noticias","24":"tag-noticias-destacadas","25":"tag-noticiasdestacadas","26":"tag-primates","27":"tag-sociedad","28":"tag-titulares","29":"tag-ultimas-noticias","30":"tag-ultimasnoticias","31":"tag-world","32":"tag-world-news","33":"tag-worldnews"},"share_on_mastodon":{"url":"","error":""},"_links":{"self":[{"href":"https:\/\/www.europesays.com\/es\/wp-json\/wp\/v2\/posts\/151185","targetHints":{"allow":["GET"]}}],"collection":[{"href":"https:\/\/www.europesays.com\/es\/wp-json\/wp\/v2\/posts"}],"about":[{"href":"https:\/\/www.europesays.com\/es\/wp-json\/wp\/v2\/types\/post"}],"author":[{"embeddable":true,"href":"https:\/\/www.europesays.com\/es\/wp-json\/wp\/v2\/users\/2"}],"replies":[{"embeddable":true,"href":"https:\/\/www.europesays.com\/es\/wp-json\/wp\/v2\/comments?post=151185"}],"version-history":[{"count":0,"href":"https:\/\/www.europesays.com\/es\/wp-json\/wp\/v2\/posts\/151185\/revisions"}],"wp:featuredmedia":[{"embeddable":true,"href":"https:\/\/www.europesays.com\/es\/wp-json\/wp\/v2\/media\/151186"}],"wp:attachment":[{"href":"https:\/\/www.europesays.com\/es\/wp-json\/wp\/v2\/media?parent=151185"}],"wp:term":[{"taxonomy":"category","embeddable":true,"href":"https:\/\/www.europesays.com\/es\/wp-json\/wp\/v2\/categories?post=151185"},{"taxonomy":"post_tag","embeddable":true,"href":"https:\/\/www.europesays.com\/es\/wp-json\/wp\/v2\/tags?post=151185"}],"curies":[{"name":"wp","href":"https:\/\/api.w.org\/{rel}","templated":true}]}}