{"id":151187,"date":"2025-10-01T18:38:14","date_gmt":"2025-10-01T18:38:14","guid":{"rendered":"https:\/\/www.europesays.com\/es\/151187\/"},"modified":"2025-10-01T18:38:14","modified_gmt":"2025-10-01T18:38:14","slug":"la-gente-de-hoy-en-dia-no-suele-ir-al-limite","status":"publish","type":"post","link":"https:\/\/www.europesays.com\/es\/151187\/","title":{"rendered":"\u00abLa gente de hoy en d\u00eda no suele ir al l\u00edmite\u00bb"},"content":{"rendered":"<p class=\"voc-p\" style=\"\">Cada vez son m\u00e1s los espa\u00f1oles que <a href=\"https:\/\/www.abc.es\/familia\/padres-hijos\/conciliacion-primera-preocupacion-familias-numerosas-dificultades-multiplican-20251001131921-nt.html\" title=\"www.abc.es\" data-voc-vtm-id=\"in-text-traffic\" data-mrf-link=\"www.abc.es\" rel=\"nofollow noopener\" target=\"_blank\">buscan un empleo<\/a> que permita <strong>conciliar su puesto de trabajo con el tiempo libre<\/strong>, una tarea que se torna cada vez m\u00e1s complicada. Seg\u00fan un estudio elaborado por Randstad, el 65% de los espa\u00f1oles tiene muy en cuenta la posibilidad de poder <strong>compatibilizar vida personal y laboral<\/strong> a la hora de escoger un empleo, as\u00ed como formar parte de una empresa que otorgue la suficiente <a href=\"https:\/\/www.abc.es\/recreo\/madre-indignada-falta-conciliacion-espana-privilegio-deberia-20250908083000-nt.html\" title=\"www.abc.es\" data-voc-vtm-id=\"in-text-traffic\" data-mrf-link=\"www.abc.es\" rel=\"nofollow noopener\" target=\"_blank\">flexibilidad a sus empleados<\/a> en el d\u00eda a d\u00eda. Unas exigencias que, hace unos a\u00f1os, quiz\u00e1 no se ten\u00eda <a href=\"https:\/\/www.abc.es\/familia\/mujeres\/persona-debe-analizar-impide-conciliar-impedimentos-dependen-20240510114900-nt.html\" title=\"www.abc.es\" data-voc-vtm-id=\"in-text-traffic\" data-mrf-link=\"www.abc.es\" rel=\"nofollow noopener\" target=\"_blank\">tan en cuenta<\/a>. <\/p>\n<p class=\"voc-p\" style=\"\">Sobre estos cambios en la forma de trabajar y la motivaci\u00f3n de muchos espa\u00f1oles ha hablado recientemente <strong>Toni Nadal, t\u00edo de Rafa Nadal y entrenador<\/strong> durante buena parte de su <a href=\"https:\/\/www.abc.es\/recreo\/toni-nadal-explica-rafa-nadal-mejor-tenista-20250608203109-nt.html\" title=\"www.abc.es\" data-voc-vtm-id=\"in-text-traffic\" data-mrf-link=\"www.abc.es\" rel=\"nofollow noopener\" target=\"_blank\">carrera deportiva<\/a>. Lo hizo durante su participaci\u00f3n en un foro sobre liderazgo, impartido hace unos d\u00edas en el campus de la <strong>Universidad de Almer\u00eda<\/strong>. All\u00ed, ha lamentado la situaci\u00f3n laboral que afronta parte de nuestro pa\u00eds, tal y como recoge <a href=\"https:\/\/www.ideal.es\/almeria\/ual\/toni-nadal-opciones-exito-vida-formacion-caracter-20250927231822-nt.html\" title=\"www.ideal.es\" data-voc-vtm-id=\"in-text-traffic\" data-mrf-link=\"www.ideal.es\" rel=\"nofollow noopener\" target=\"_blank\">el diario IDEAL<\/a>.<\/p>\n<p class=\"voc-p\" style=\"\">Seg\u00fan cont\u00f3 en esta charla el manacor\u00ed, una de las claves de su \u00e9xito profesional ha sido <strong>aplicar la frase \u00abme gusta el trabajo\u00bb<\/strong> a toda su trayectoria en el mundo del deporte. \u00abYo creo que al final lo que te da m\u00e1s opciones de \u00e9xito en la vida es la <strong>formaci\u00f3n del car\u00e1cter<\/strong>, y por eso fui un entrenador que <strong>busqu\u00e9 el \u00e9xito profesional a trav\u00e9s del desarrollo personal<\/strong>\u00bb, explic\u00f3 al referirse a la importancia de \u00abretarnos a lograr un objetivo dif\u00edcil\u00bb.<\/p>\n<p>\nToni Nadal lamenta la actitud de muchos espa\u00f1oles a la hora de trabajar\n<\/p>\n<p class=\"voc-p\" style=\"\">En ese sentido, Toni Nadal valor\u00f3 la falta de implicaci\u00f3n que muchos espa\u00f1oles tienen en su puesto de trabajo. \u00ab<strong>Me extra\u00f1a que vivamos en un pa\u00eds donde parece que el trabajar est\u00e1 denostado<\/strong>\u00bb, dijo, asegurando el trabajo le hace \u00absentir \u00fatil\u00bb y le da \u00abun cierto sentido\u00bb a lo que hace a diario.<\/p>\n<p class=\"voc-title\">\u00abMe extra\u00f1a que vivamos en un pa\u00eds donde parece que el trabajar est\u00e1 denostado\u00bb<\/p>\n<p class=\"voc-p\" style=\"\">El exentrenador de Rafa expres\u00f3 su preocupaci\u00f3n por lo que sucede en la sociedad actual al comprobar que \u00aben Espa\u00f1a, desgraciadamente, <strong>la gente de hoy en d\u00eda, no s\u00e9 si es porque cae antes en la frustraci\u00f3n, no suele ir al l\u00edmite<\/strong>\u00bb. \u00abPara algunos en este pa\u00eds <strong>parece que el trabajo es un castigo del Se\u00f1or<\/strong>\u00bb, ha se\u00f1alado.<\/p>\n<p class=\"voc-p\" style=\"\">\u00abDurante el Covid, cuando estuvimos enclaustrados en casa, los distintos periodistas me hicieron entrevistas, a ver si echaba de menos pasear, salir\u2026 Yo dec\u00eda que lo que echaba de menos era trabajar, irme al trabajo, porque <strong>esto es lo que me hace sentir \u00fatil<\/strong>\u00bb, asegur\u00f3 el mallorqu\u00edn, insistiendo en esta idea de que <strong>\u00aben la vida lo principal es el trabajo\u00bb<\/strong>. <\/p>\n<p class=\"voc-p\" style=\"\">Toni Nadal volvi\u00f3 a subrayar entonces la importancia del trabajo, lamentando esta falta de inter\u00e9s de muchos por ganarse la vida. \u00abAparte de proporcionarte la manutenci\u00f3n, <strong>lo que hace es darle en cierto sentido a la vida<\/strong>. Es verdad que tiene a veces incomodidades, pero <strong>prefiero m\u00e1s trabajar que no trabajar<\/strong>\u00bb, sentenci\u00f3 este, dejando clara su postura.<\/p>\n<p>Reportar un error<\/p>\n","protected":false},"excerpt":{"rendered":"Cada vez son m\u00e1s los espa\u00f1oles que buscan un empleo que permita conciliar su puesto de trabajo con&hellip;\n","protected":false},"author":2,"featured_media":151188,"comment_status":"","ping_status":"","sticky":false,"template":"","format":"standard","meta":{"footnotes":""},"categories":[8],"tags":[7713,17,18,2474,978,25,24,11907,13,14,260,11,1458,315,19,20,22071,3489,9,10,15,16,23,45833,12,19182,4710,21,22],"class_list":{"0":"post-151187","1":"post","2":"type-post","3":"status-publish","4":"format-standard","5":"has-post-thumbnail","7":"category-espana","8":"tag-actitud","9":"tag-breaking-news","10":"tag-breakingnews","11":"tag-critico","12":"tag-dia","13":"tag-es","14":"tag-espana","15":"tag-espanoles","16":"tag-featured-news","17":"tag-featurednews","18":"tag-gente","19":"tag-headlines","20":"tag-hora","21":"tag-hoy","22":"tag-latest-news","23":"tag-latestnews","24":"tag-limite","25":"tag-nadal","26":"tag-news","27":"tag-noticias","28":"tag-noticias-destacadas","29":"tag-noticiasdestacadas","30":"tag-spain","31":"tag-suele","32":"tag-titulares","33":"tag-toni","34":"tag-trabajar","35":"tag-ultimas-noticias","36":"tag-ultimasnoticias"},"share_on_mastodon":{"url":"","error":""},"_links":{"self":[{"href":"https:\/\/www.europesays.com\/es\/wp-json\/wp\/v2\/posts\/151187","targetHints":{"allow":["GET"]}}],"collection":[{"href":"https:\/\/www.europesays.com\/es\/wp-json\/wp\/v2\/posts"}],"about":[{"href":"https:\/\/www.europesays.com\/es\/wp-json\/wp\/v2\/types\/post"}],"author":[{"embeddable":true,"href":"https:\/\/www.europesays.com\/es\/wp-json\/wp\/v2\/users\/2"}],"replies":[{"embeddable":true,"href":"https:\/\/www.europesays.com\/es\/wp-json\/wp\/v2\/comments?post=151187"}],"version-history":[{"count":0,"href":"https:\/\/www.europesays.com\/es\/wp-json\/wp\/v2\/posts\/151187\/revisions"}],"wp:featuredmedia":[{"embeddable":true,"href":"https:\/\/www.europesays.com\/es\/wp-json\/wp\/v2\/media\/151188"}],"wp:attachment":[{"href":"https:\/\/www.europesays.com\/es\/wp-json\/wp\/v2\/media?parent=151187"}],"wp:term":[{"taxonomy":"category","embeddable":true,"href":"https:\/\/www.europesays.com\/es\/wp-json\/wp\/v2\/categories?post=151187"},{"taxonomy":"post_tag","embeddable":true,"href":"https:\/\/www.europesays.com\/es\/wp-json\/wp\/v2\/tags?post=151187"}],"curies":[{"name":"wp","href":"https:\/\/api.w.org\/{rel}","templated":true}]}}