{"id":151189,"date":"2025-10-01T18:39:08","date_gmt":"2025-10-01T18:39:08","guid":{"rendered":"https:\/\/www.europesays.com\/es\/151189\/"},"modified":"2025-10-01T18:39:08","modified_gmt":"2025-10-01T18:39:08","slug":"portal-de-noticias-del-gobierno-de-canarias-154","status":"publish","type":"post","link":"https:\/\/www.europesays.com\/es\/151189\/","title":{"rendered":"Portal de Noticias del Gobierno de Canarias"},"content":{"rendered":"<blockquote>\n<p>Los escolares de la isla protagonizan la jornada inaugural con talleres, visitas y simulacros de sensibilizaci\u00f3n marina<\/p>\n<p>El viceconsejero de Infraestructuras, Francis Gonz\u00e1lez, destaca la importancia de implicar a los m\u00e1s j\u00f3venes en la protecci\u00f3n del entorno<\/p>\n<p>El programa continuar\u00e1 hasta el 2 de octubre con una jornada t\u00e9cnica y un avistamiento de cet\u00e1ceos desde tierra<\/p>\n<\/blockquote>\n<p><strong>El viceconsejero de Infraestructuras del Gobierno de Canarias, Francis Gonz\u00e1lez, ha inaugurado hoy en El Hierro el programa de actividades del proyecto \u201cEncuentros al Mar\u201d, una iniciativa que busca fomentar la sostenibilidad marina, impulsar la movilidad mar\u00edtima responsable y reforzar la convivencia entre las infraestructuras portuarias y el entorno natural. Esta nueva edici\u00f3n da continuidad al encuentro celebrado en Fuerteventura en 2024.<\/strong><\/p>\n<p>Gonz\u00e1lez ha estado acompa\u00f1ado por el director general de Pesca, Esteban Reyes, y el consejero de Medio Ambiente del Cabildo de El Hierro, Jes\u00fas Rodr\u00edguez.<\/p>\n<p>La jornada inaugural ha estado dedicada a la educaci\u00f3n ambiental y la sensibilizaci\u00f3n ciudadana, con la participaci\u00f3n de escolares de distintos centros de la isla en tres acciones principales: una sesi\u00f3n educativa en el Colegio de Valverde, con la colaboraci\u00f3n de la Reserva Marina y el Instituto Espa\u00f1ol de Oceanograf\u00eda; una visita a la exposici\u00f3n de cet\u00e1ceos en el Colegio Taibique; y un simulacro de varamiento en la Playa de Timijiraque, coordinado junto al Instituto Garoe y el Instituto Universitario de Sanidad Animal y Seguridad Alimentaria (IUSA) de la ULPGC.<\/p>\n<p>El viceconsejero ha subrayado que \u201cla educaci\u00f3n y la implicaci\u00f3n temprana de los m\u00e1s j\u00f3venes son fundamentales para asegurar la sostenibilidad de nuestros mares y la protecci\u00f3n del medio natural que nos rodea\u201d.<\/p>\n<p>Las actividades en El Hierro se prolongar\u00e1n durante tres d\u00edas y contar\u00e1n, el 1 de octubre, con una jornada t\u00e9cnica en el Centro Cultural de Mocanal, y el 2 de octubre con un avistamiento de cet\u00e1ceos desde tierra, que pondr\u00e1 el broche final a esta experiencia de conocimiento compartido y compromiso con el entorno marino.<\/p>\n","protected":false},"excerpt":{"rendered":"Los escolares de la isla protagonizan la jornada inaugural con talleres, visitas y simulacros de sensibilizaci\u00f3n marina El&hellip;\n","protected":false},"author":2,"featured_media":151190,"comment_status":"","ping_status":"","sticky":false,"template":"","format":"standard","meta":{"footnotes":""},"categories":[5],"tags":[17,18,25,24,13,14,11,19,20,9,10,15,16,23,12,21,22],"class_list":{"0":"post-151189","1":"post","2":"type-post","3":"status-publish","4":"format-standard","5":"has-post-thumbnail","7":"category-titulares","8":"tag-breaking-news","9":"tag-breakingnews","10":"tag-es","11":"tag-espana","12":"tag-featured-news","13":"tag-featurednews","14":"tag-headlines","15":"tag-latest-news","16":"tag-latestnews","17":"tag-news","18":"tag-noticias","19":"tag-noticias-destacadas","20":"tag-noticiasdestacadas","21":"tag-spain","22":"tag-titulares","23":"tag-ultimas-noticias","24":"tag-ultimasnoticias"},"share_on_mastodon":{"url":"","error":""},"_links":{"self":[{"href":"https:\/\/www.europesays.com\/es\/wp-json\/wp\/v2\/posts\/151189","targetHints":{"allow":["GET"]}}],"collection":[{"href":"https:\/\/www.europesays.com\/es\/wp-json\/wp\/v2\/posts"}],"about":[{"href":"https:\/\/www.europesays.com\/es\/wp-json\/wp\/v2\/types\/post"}],"author":[{"embeddable":true,"href":"https:\/\/www.europesays.com\/es\/wp-json\/wp\/v2\/users\/2"}],"replies":[{"embeddable":true,"href":"https:\/\/www.europesays.com\/es\/wp-json\/wp\/v2\/comments?post=151189"}],"version-history":[{"count":0,"href":"https:\/\/www.europesays.com\/es\/wp-json\/wp\/v2\/posts\/151189\/revisions"}],"wp:featuredmedia":[{"embeddable":true,"href":"https:\/\/www.europesays.com\/es\/wp-json\/wp\/v2\/media\/151190"}],"wp:attachment":[{"href":"https:\/\/www.europesays.com\/es\/wp-json\/wp\/v2\/media?parent=151189"}],"wp:term":[{"taxonomy":"category","embeddable":true,"href":"https:\/\/www.europesays.com\/es\/wp-json\/wp\/v2\/categories?post=151189"},{"taxonomy":"post_tag","embeddable":true,"href":"https:\/\/www.europesays.com\/es\/wp-json\/wp\/v2\/tags?post=151189"}],"curies":[{"name":"wp","href":"https:\/\/api.w.org\/{rel}","templated":true}]}}