{"id":151195,"date":"2025-10-01T18:43:07","date_gmt":"2025-10-01T18:43:07","guid":{"rendered":"https:\/\/www.europesays.com\/es\/151195\/"},"modified":"2025-10-01T18:43:07","modified_gmt":"2025-10-01T18:43:07","slug":"la-respuesta-de-donald-trump-a-la-dedicatoria-del-equipo-europeo-tras-ganar-la-ryder","status":"publish","type":"post","link":"https:\/\/www.europesays.com\/es\/151195\/","title":{"rendered":"La respuesta de Donald Trump a la &#8216;dedicatoria&#8217; del equipo europeo tras ganar la Ryder"},"content":{"rendered":"<p class=\"paragraph\">El pasado domingo, el campo <b>Bethpage Black<\/b> (Nueva York) fue testigo de la en\u00e9sima victoria de Europa en la <b>Ryder Cup<\/b>, la competici\u00f3n por equipos m\u00e1s prestigiosa del golf, por 15-13 despu\u00e9s de sobrevivir a una \u00faltima jornada que pudo acabar en tragedia si el equipo estadounidense llega a consumar la remontada.<\/p>\n<p class=\"paragraph\">El ambiente a lo largo de todo el fin de semana en <b>Nueva York<\/b> fue de todo menos tranquilo. Los aficionados que apoyaron a Estados Unidos trataron de hacerle la vida imposible a los jugadores europeos, que ten\u00edan mucha tensi\u00f3n acumulada y celebraron el t\u00edtulo a lo grande.<\/p>\n<p class=\"paragraph\">La fiesta del equipo europeo se alarg\u00f3 hasta altas horas de la madrugada y en uno de los m\u00faltiples v\u00eddeos compartidos a trav\u00e9s de las redes sociales se pudo ver c\u00f3mo Rory McIlroy y compa\u00f1\u00eda celebraban la victoria mientras cantaban: <b>\u00ab\u00bfLo est\u00e1s viendo, Donald Trump?\u00bb<\/b><\/p>\n<p class=\"paragraph\">Y en ese sentido, la respuesta del presidente de los <b>Estados Unidos<\/b>, que asisti\u00f3 a presenciar en vivo y en directo la primera jornada de la Ryder Cup como buen aficionado al golf, no se hizo esperar.<\/p>\n<p class=\"paragraph\">\u00abS\u00ed, estoy viendo. \u00a1Felicidades!\u00bb, escribi\u00f3 en su cuenta de X el presidente estadounidense, que evit\u00f3 cualquier pol\u00e9mica y no entr\u00f3 al trapo al mensaje que grabaron <b>Rory McIlroy, Justin Rose<\/b> y compa\u00f1\u00eda mientras <b>Luke Donald, <\/b>capit\u00e1n del equipo europeo, sosten\u00eda el trofeo de campe\u00f3n de la Ryder Cup.<\/p>\n<p class=\"paragraph\">La felicidad en el vestuario de Europa era evidente. Hab\u00edan ganado su sexta Ryder en los \u00faltimos ocho a\u00f1os (la tercera en total para Jon Rahm) y en 2027 buscar\u00e1n revalidar la corona de campe\u00f3n en el <b>Adare Manor de Limerick<\/b> (Irlanda), lo que le dar\u00eda su tercera Ryder consecutiva.<\/p>\n","protected":false},"excerpt":{"rendered":"El pasado domingo, el campo Bethpage Black (Nueva York) fue testigo de la en\u00e9sima victoria de Europa en&hellip;\n","protected":false},"author":2,"featured_media":151196,"comment_status":"","ping_status":"","sticky":false,"template":"","format":"standard","meta":{"footnotes":""},"categories":[275],"tags":[168,25,24,329,23,167],"class_list":{"0":"post-151195","1":"post","2":"type-post","3":"status-publish","4":"format-standard","5":"has-post-thumbnail","7":"category-golf","8":"tag-deportes","9":"tag-es","10":"tag-espana","11":"tag-golf","12":"tag-spain","13":"tag-sports"},"share_on_mastodon":{"url":"","error":""},"_links":{"self":[{"href":"https:\/\/www.europesays.com\/es\/wp-json\/wp\/v2\/posts\/151195","targetHints":{"allow":["GET"]}}],"collection":[{"href":"https:\/\/www.europesays.com\/es\/wp-json\/wp\/v2\/posts"}],"about":[{"href":"https:\/\/www.europesays.com\/es\/wp-json\/wp\/v2\/types\/post"}],"author":[{"embeddable":true,"href":"https:\/\/www.europesays.com\/es\/wp-json\/wp\/v2\/users\/2"}],"replies":[{"embeddable":true,"href":"https:\/\/www.europesays.com\/es\/wp-json\/wp\/v2\/comments?post=151195"}],"version-history":[{"count":0,"href":"https:\/\/www.europesays.com\/es\/wp-json\/wp\/v2\/posts\/151195\/revisions"}],"wp:featuredmedia":[{"embeddable":true,"href":"https:\/\/www.europesays.com\/es\/wp-json\/wp\/v2\/media\/151196"}],"wp:attachment":[{"href":"https:\/\/www.europesays.com\/es\/wp-json\/wp\/v2\/media?parent=151195"}],"wp:term":[{"taxonomy":"category","embeddable":true,"href":"https:\/\/www.europesays.com\/es\/wp-json\/wp\/v2\/categories?post=151195"},{"taxonomy":"post_tag","embeddable":true,"href":"https:\/\/www.europesays.com\/es\/wp-json\/wp\/v2\/tags?post=151195"}],"curies":[{"name":"wp","href":"https:\/\/api.w.org\/{rel}","templated":true}]}}