{"id":151207,"date":"2025-10-01T18:49:08","date_gmt":"2025-10-01T18:49:08","guid":{"rendered":"https:\/\/www.europesays.com\/es\/151207\/"},"modified":"2025-10-01T18:49:08","modified_gmt":"2025-10-01T18:49:08","slug":"damian-hijo-de-elizabeth-hurley-revela-su-pasion-espanola-me-encanta-madrid","status":"publish","type":"post","link":"https:\/\/www.europesays.com\/es\/151207\/","title":{"rendered":"Damian, hijo de Elizabeth Hurley, revela su pasi\u00f3n espa\u00f1ola: \u201cMe encanta Madrid\u201d"},"content":{"rendered":"<p id=\"eUs4VBmlJB\" data-wc=\"116\">No hay duda de que Damian Hurley ha heredado el \u2018glamour\u2019 de su madre. Su verdadera vocaci\u00f3n es el cine, y de hecho el a\u00f1o pasado estren\u00f3 su primera pel\u00edcula. Pero al hijo de Elizabeth Hurley tambi\u00e9n le encanta la moda. Recientemente, visit\u00f3 la capital espa\u00f1ola para acudir al desfile de Lola Casademunt by Maite en la Mercedes-Benz Fashion Week de Madrid, donde <a class=\"hm-link ho-link\" href=\"https:\/\/www.hola.com\/actualidad\/20250930857438\/entrevistamos-a-damian-hijo-de-elizabeth-hurley-hugh-grant-me-dijo-que-no-me-metiera-en-esta-industria\/\" data-mrf-recirculation=\"article-body-link\" rel=\"nofollow noopener\" target=\"_blank\">concedi\u00f3 una entrevista a \u00a1HOLA!,<\/a> revel\u00e1ndonos, entre otras cosas, que Hugh Grant le aconsej\u00f3 que no se metiera en la industria del espect\u00e1culo.<strong> No es la primera vez que Damian viaja a Madrid, y es que el hijo de Elizabeth Hurley tiene motivos para amar Espa\u00f1a<\/strong>, tal y como cuenta en este v\u00eddeo.<\/p>\n","protected":false},"excerpt":{"rendered":"No hay duda de que Damian Hurley ha heredado el \u2018glamour\u2019 de su madre. Su verdadera vocaci\u00f3n es&hellip;\n","protected":false},"author":2,"featured_media":151208,"comment_status":"","ping_status":"","sticky":false,"template":"","format":"standard","meta":{"footnotes":""},"categories":[174],"tags":[517,255,11940,146,147,25,24,256,23],"class_list":{"0":"post-151207","1":"post","2":"type-post","3":"status-publish","4":"format-standard","5":"has-post-thumbnail","7":"category-famosos","8":"tag-actualidad","9":"tag-celebrities","10":"tag-elizabeth-hurley","11":"tag-entertainment","12":"tag-entretenimiento","13":"tag-es","14":"tag-espana","15":"tag-famosos","16":"tag-spain"},"share_on_mastodon":{"url":"","error":""},"_links":{"self":[{"href":"https:\/\/www.europesays.com\/es\/wp-json\/wp\/v2\/posts\/151207","targetHints":{"allow":["GET"]}}],"collection":[{"href":"https:\/\/www.europesays.com\/es\/wp-json\/wp\/v2\/posts"}],"about":[{"href":"https:\/\/www.europesays.com\/es\/wp-json\/wp\/v2\/types\/post"}],"author":[{"embeddable":true,"href":"https:\/\/www.europesays.com\/es\/wp-json\/wp\/v2\/users\/2"}],"replies":[{"embeddable":true,"href":"https:\/\/www.europesays.com\/es\/wp-json\/wp\/v2\/comments?post=151207"}],"version-history":[{"count":0,"href":"https:\/\/www.europesays.com\/es\/wp-json\/wp\/v2\/posts\/151207\/revisions"}],"wp:featuredmedia":[{"embeddable":true,"href":"https:\/\/www.europesays.com\/es\/wp-json\/wp\/v2\/media\/151208"}],"wp:attachment":[{"href":"https:\/\/www.europesays.com\/es\/wp-json\/wp\/v2\/media?parent=151207"}],"wp:term":[{"taxonomy":"category","embeddable":true,"href":"https:\/\/www.europesays.com\/es\/wp-json\/wp\/v2\/categories?post=151207"},{"taxonomy":"post_tag","embeddable":true,"href":"https:\/\/www.europesays.com\/es\/wp-json\/wp\/v2\/tags?post=151207"}],"curies":[{"name":"wp","href":"https:\/\/api.w.org\/{rel}","templated":true}]}}