{"id":151209,"date":"2025-10-01T18:51:07","date_gmt":"2025-10-01T18:51:07","guid":{"rendered":"https:\/\/www.europesays.com\/es\/151209\/"},"modified":"2025-10-01T18:51:07","modified_gmt":"2025-10-01T18:51:07","slug":"guia-para-docentes-que-educan-a-futuros-escritores","status":"publish","type":"post","link":"https:\/\/www.europesays.com\/es\/151209\/","title":{"rendered":"gu\u00eda para docentes que educan a futuros escritores\u2019"},"content":{"rendered":"<p class=\"text-align-justify\" dir=\"ltr\">Durante a\u00f1os, la ense\u00f1anza de la lengua en las escuelas se ha centrado en la lectura como veh\u00edculo principal para desarrollar la comprensi\u00f3n, la interpretaci\u00f3n y el pensamiento cr\u00edtico. Sin embargo, la escritura ha quedado relegada, muchas veces reducida a ejercicios de dictado, correcci\u00f3n o redacci\u00f3n gramatical.<\/p>\n<p class=\"text-align-justify\" dir=\"ltr\">El libro gratuito\u00a0\u2018<a href=\"https:\/\/especiales.fundaciongabo.org\/guia-para-docentes-que-educan-a-futuros-escritores\/\" target=\"_blank\" rel=\"nofollow noopener\">Macondo s\u00ed tiene quien le escriba: gu\u00eda para docentes que educan a futuros escritores<\/a>\u2019 surge como respuesta a este enfoque limitado, al ofrecer a docentes una metodolog\u00eda inspirada en la obra y las ideas de Gabriel Garc\u00eda M\u00e1rquez para hacer de la escritura una experiencia creativa, gozosa y liberadora.<\/p>\n<p class=\"text-align-justify\" dir=\"ltr\">La gu\u00eda propone ejercicios, estrategias y reflexiones que ayudan a transformar el aula en un espacio f\u00e9rtil para la creaci\u00f3n literaria, en el que cada estudiante pueda experimentar con las palabras, jugar con las historias y descubrir su propia voz.<\/p>\n<p><strong>\u00bfQu\u00e9 ofrece la gu\u00eda para docentes?<\/strong><\/p>\n<p class=\"text-align-justify\" dir=\"ltr\">Elaborada por Fanuel Han\u00e1n D\u00edaz, escritor, investigador y docente especializado en literatura infantil y juvenil, esta gu\u00eda est\u00e1 dise\u00f1ada como una herramienta pr\u00e1ctica y flexible que acompa\u00f1a a los docentes en la misi\u00f3n de despertar el deseo de escribir en sus estudiantes. Entre sus aportes m\u00e1s valiosos se encuentran:<\/p>\n<ul>\n<li><strong>Estrategias de lectura en el aula<\/strong>: c\u00f3mo leer en voz alta, c\u00f3mo crear un ambiente acogedor para que la lectura sea un momento especial y c\u00f3mo elegir textos que realmente entusiasmen a los estudiantes.<\/li>\n<li><strong>La escritura como proceso<\/strong>: la gu\u00eda explica de manera clara las fases de la preescritura, la escritura y la reescritura, para que los ni\u00f1os comprendan que escribir no es un acto inmediato, sino un camino de exploraci\u00f3n y construcci\u00f3n.<\/li>\n<li><strong>El rol del docente como mediador<\/strong>: se ofrecen pautas para acompa\u00f1ar a los estudiantes sin coartar su creatividad, fomentando la reflexi\u00f3n a trav\u00e9s de preguntas y alentando la autenticidad de cada texto.<\/li>\n<li><strong>Disparadores creativos<\/strong>: consignas, juegos e hip\u00f3tesis fant\u00e1sticas que ayudan a desbloquear la imaginaci\u00f3n de los <strong>ni\u00f1os y ni\u00f1as.<\/strong><\/li>\n<li><strong>Trabajo con g\u00e9neros narrativos<\/strong>: pautas para crear cuentos y cr\u00f3nicas, con ejemplos pr\u00e1cticos y ejercicios que permiten a los estudiantes descubrir las particularidades de cada g\u00e9nero y desarrollar su sensibilidad literaria.<\/li>\n<\/ul>\n<p class=\"text-align-justify\" dir=\"ltr\">La propuesta central de este material es que la escritura creativa no sea un ejercicio r\u00edgido ni correctivo, sino un proceso de descubrimiento en el que cada estudiante sienta la libertad de inventar, imaginar y expresarse.<\/p>\n<p class=\"text-align-justify\" dir=\"ltr\"><a href=\"https:\/\/especiales.fundaciongabo.org\/guia-para-docentes-que-educan-a-futuros-escritores\/\" target=\"_blank\" rel=\"nofollow noopener\">Descarga la gu\u00eda sin costo<\/a><\/p>\n<p><strong>Un concurso para descubrir nuevos narradores<\/strong><\/p>\n<p class=\"text-align-justify\" dir=\"ltr\">En paralelo a la gu\u00eda, la Fundaci\u00f3n Gabo y CAF \u2013con el respaldo del Cerlalc y la OEI\u2013 invitan a participar en la tercera edici\u00f3n del concurso de relatos \u2018<a href=\"https:\/\/especiales.fundaciongabo.org\/concurso-de-relatos-macondo-si-tiene-quien-le-escriba-2024-ingles\/\" target=\"_blank\" rel=\"nofollow noopener\">Macondo s\u00ed tiene quien le escriba\u2019<\/a>, dirigido a ni\u00f1as y ni\u00f1os de 10 a 13 a\u00f1os de Iberoam\u00e9rica y el Caribe. Este certamen busca incentivar en la infancia la escritura creativa y la lectura como medios para fortalecer el pensamiento cr\u00edtico, expresar la identidad y despertar las vocaciones tempranas.<\/p>\n<p class=\"text-align-justify\" dir=\"ltr\">El concurso no solo es una oportunidad para que los estudiantes escriban su primer cuento o cr\u00f3nica con orientaci\u00f3n docente, sino tambi\u00e9n una experiencia que les permite reconocerse como creadores y compartir su mirada \u00fanica del mundo.<\/p>\n<p>La tercera edici\u00f3n del concurso estar\u00e1 abierta hasta el 28 de noviembre de 2025.\u00a0<a href=\"https:\/\/especiales.fundaciongabo.org\/concurso-de-relatos-macondo-si-tiene-quien-le-escriba-2025\/\" target=\"_blank\" rel=\"nofollow noopener\">Conoce m\u00e1s sobre el certamen<\/a>.\u00a0<\/p>\n","protected":false},"excerpt":{"rendered":"Durante a\u00f1os, la ense\u00f1anza de la lengua en las escuelas se ha centrado en la lectura como veh\u00edculo&hellip;\n","protected":false},"author":2,"featured_media":151210,"comment_status":"","ping_status":"","sticky":false,"template":"","format":"standard","meta":{"footnotes":""},"categories":[172],"tags":[224,146,147,25,24,225,23],"class_list":{"0":"post-151209","1":"post","2":"type-post","3":"status-publish","4":"format-standard","5":"has-post-thumbnail","7":"category-libros","8":"tag-books","9":"tag-entertainment","10":"tag-entretenimiento","11":"tag-es","12":"tag-espana","13":"tag-libros","14":"tag-spain"},"share_on_mastodon":{"url":"","error":""},"_links":{"self":[{"href":"https:\/\/www.europesays.com\/es\/wp-json\/wp\/v2\/posts\/151209","targetHints":{"allow":["GET"]}}],"collection":[{"href":"https:\/\/www.europesays.com\/es\/wp-json\/wp\/v2\/posts"}],"about":[{"href":"https:\/\/www.europesays.com\/es\/wp-json\/wp\/v2\/types\/post"}],"author":[{"embeddable":true,"href":"https:\/\/www.europesays.com\/es\/wp-json\/wp\/v2\/users\/2"}],"replies":[{"embeddable":true,"href":"https:\/\/www.europesays.com\/es\/wp-json\/wp\/v2\/comments?post=151209"}],"version-history":[{"count":0,"href":"https:\/\/www.europesays.com\/es\/wp-json\/wp\/v2\/posts\/151209\/revisions"}],"wp:featuredmedia":[{"embeddable":true,"href":"https:\/\/www.europesays.com\/es\/wp-json\/wp\/v2\/media\/151210"}],"wp:attachment":[{"href":"https:\/\/www.europesays.com\/es\/wp-json\/wp\/v2\/media?parent=151209"}],"wp:term":[{"taxonomy":"category","embeddable":true,"href":"https:\/\/www.europesays.com\/es\/wp-json\/wp\/v2\/categories?post=151209"},{"taxonomy":"post_tag","embeddable":true,"href":"https:\/\/www.europesays.com\/es\/wp-json\/wp\/v2\/tags?post=151209"}],"curies":[{"name":"wp","href":"https:\/\/api.w.org\/{rel}","templated":true}]}}