{"id":151213,"date":"2025-10-01T18:53:10","date_gmt":"2025-10-01T18:53:10","guid":{"rendered":"https:\/\/www.europesays.com\/es\/151213\/"},"modified":"2025-10-01T18:53:10","modified_gmt":"2025-10-01T18:53:10","slug":"nunca-he-tenido-un-six-pack-en-mi-vida-y-solo-queria-ver-si-podia-lograrlo-sigo-fallando-porque-salgo-a-algun-sitio-y-pienso-me-tomare-un-par-de-cervezas","status":"publish","type":"post","link":"https:\/\/www.europesays.com\/es\/151213\/","title":{"rendered":"\u00bbNunca he tenido un six-pack en mi vida, y solo quer\u00eda ver si pod\u00eda lograrlo. Sigo fallando porque salgo a alg\u00fan sitio y pienso &#8216;me tomar\u00e9 un par de cervezas\u00bb&#8217;"},"content":{"rendered":"<p data-gtm-element-container=\"modulo-texto-link\" class=\"paragraph\"><a href=\"https:\/\/www.lavanguardia.com\/topics\/ed-sheeran\/page-2\" target=\"_blank\" rel=\"nofollow noopener\">Ed Sheeran<\/a> est\u00e1 atravesando uno de sus mejores momentos a nivel profesional y personal. A sus 34 a\u00f1os, el artista brit\u00e1nico puede presumir de tener a sus espaldas una exitosa carrera profesional en el mundo de la m\u00fasica. Con ocho trabajos discogr\u00e1ficos en el mercado, siendo Play su proyecto m\u00e1s reciente, el compositor de Shape Of You se ha convertido en uno de los artistas m\u00e1s aclamados de la escena actual.\u00a0<\/p>\n<p data-gtm-element-container=\"modulo-texto-link\" class=\"paragraph\">El artista ha estado estos dos \u00faltimos a\u00f1os recorriendo el mundo con su gira de conciertos llamada\u00a0Mathematics Tour, con la que quiso poner el broche de oro a su primera etapa musical, marcada por su exitosa pentalog\u00eda de \u00e1lbumes -Plus, Multiplide, Divide, Subtract y Equals-.\u00a0<\/p>\n<p>                <img loading=\"lazy\" decoding=\"async\" data-full-src=\"https:\/\/www.lavanguardia.com\/uploads\/2025\/09\/17\/68cb2e516b21a.jpeg\" alt=\"Singer-songwriter Ed Sheeran performs during \" ed=\"\" sheeran=\"\" play:=\"\" live=\"\" from=\"\" new=\"\" york=\"\" presented=\"\" by=\"\" tiktok=\"\" at=\"\" domino=\"\" square=\"\" in=\"\" the=\"\" brooklyn=\"\" borough=\"\" of=\"\" on=\"\" saturday=\"\" sept.=\"\" andy=\"\" kropa=\"\" width=\"449\" height=\"299\" src=\"https:\/\/www.europesays.com\/es\/wp-content\/uploads\/2025\/10\/68cb2e516b21a.jpeg\" class=\"lazy\"\/><\/p>\n<p class=\"caption-title \">\u00a0Ed Sheeran en una imagen de archivo<\/p>\n<p>                    Andy Kropa \/ Ap-LaPresse<\/p>\n<p data-gtm-element-container=\"modulo-texto-link\" class=\"paragraph\">Su exitosa gira internacional de conciertos no solo lo ha llevado a pisar numerosos escenarios alrededor del mundo, tambi\u00e9n se ha convertido en un verdadero desaf\u00edo f\u00edsico, pues el cantante ha tenido que ponerse en forma para mantener la energ\u00eda y entrega en cada una de sus actuaciones. Sin embargo, lejos de lo que muchos puedan pensar, el cantante nunca ha querido pisar un gimnasio para hacer ejercicio.\u00a0\u00a0<\/p>\n<p>        Lee tambi\u00e9n<\/p>\n<p>    Nerea Parraga Frutos<\/p>\n<p>             <img loading=\"lazy\" decoding=\"async\" data-full-src=\"https:\/\/www.lavanguardia.com\/uploads\/2024\/10\/31\/6723c78703d66.jpeg\" alt=\"Horizontal\" width=\"104\" height=\"108\" src=\"https:\/\/www.europesays.com\/es\/wp-content\/uploads\/2025\/10\/6723c78703d66.r_d.3000-2000.jpeg\" class=\"lazy\"\/><\/p>\n<p data-gtm-element-container=\"modulo-texto-link\" class=\"paragraph\">Nadar, montar en bicicleta o correr son unas de las pr\u00e1cticas que realiza el compositor en su d\u00eda a d\u00eda. De hecho, el &#8216;running&#8217; se convirti\u00f3 en su gran aliado en 2019, cuando decidi\u00f3 dejar de fumar. No obstante, los primeros meses de este 2025 fueron un gran punto de inflexi\u00f3n para el cantante a nivel f\u00edsico.\u00a0<\/p>\n<p data-gtm-element-container=\"modulo-texto-link\" class=\"paragraph\">As\u00ed lo explicaba en una reciente entrevista con Andy Cohen en SiriuxXM, cuando el presentador le pregunt\u00f3 c\u00f3mo hab\u00eda conseguido tener esa figura tan definida. \u00bbSub\u00ed un mont\u00f3n de peso el a\u00f1o pasado y pens\u00e9 &#8216;voy a ir al gimnasio a fondo, a intentar bajar 16 kilos&#8217;. Y luego, mientras lo hac\u00eda, quer\u00eda ver hasta d\u00f3nde pod\u00eda llegar\u00bb, explicaba\u00a0<\/p>\n<p data-gtm-element-container=\"modulo-texto-link\" class=\"paragraph\">Y es que tal y como explicaba, quer\u00eda hacer ejercicio f\u00edsico en el gimnasio porque &#8216;nunca hab\u00eda tenido un six-pack en su vida&#8217;. Con esta frase, el artista hace referencia a llevar a cabo una pr\u00e1ctica para tener los abdominales bien marcados y definidos. \u00bbY solo quer\u00eda ver si pod\u00eda lograrlo. Sigo fallando porque salgo a alg\u00fan sitio y pienso &#8216;me tomar\u00e9 un par de cervezas&#8217;. Pero dir\u00eda que va bien, siento que estoy en la mejor forma de mi vida\u00bb, declaraba Ed Sheeran.\u00a0<\/p>\n","protected":false},"excerpt":{"rendered":"Ed Sheeran est\u00e1 atravesando uno de sus mejores momentos a nivel profesional y personal. A sus 34 a\u00f1os,&hellip;\n","protected":false},"author":2,"featured_media":151214,"comment_status":"","ping_status":"","sticky":false,"template":"","format":"standard","meta":{"footnotes":""},"categories":[170],"tags":[146,147,25,24,184,185,23],"class_list":{"0":"post-151213","1":"post","2":"type-post","3":"status-publish","4":"format-standard","5":"has-post-thumbnail","7":"category-musica","8":"tag-entertainment","9":"tag-entretenimiento","10":"tag-es","11":"tag-espana","12":"tag-music","13":"tag-musica","14":"tag-spain"},"share_on_mastodon":{"url":"","error":""},"_links":{"self":[{"href":"https:\/\/www.europesays.com\/es\/wp-json\/wp\/v2\/posts\/151213","targetHints":{"allow":["GET"]}}],"collection":[{"href":"https:\/\/www.europesays.com\/es\/wp-json\/wp\/v2\/posts"}],"about":[{"href":"https:\/\/www.europesays.com\/es\/wp-json\/wp\/v2\/types\/post"}],"author":[{"embeddable":true,"href":"https:\/\/www.europesays.com\/es\/wp-json\/wp\/v2\/users\/2"}],"replies":[{"embeddable":true,"href":"https:\/\/www.europesays.com\/es\/wp-json\/wp\/v2\/comments?post=151213"}],"version-history":[{"count":0,"href":"https:\/\/www.europesays.com\/es\/wp-json\/wp\/v2\/posts\/151213\/revisions"}],"wp:featuredmedia":[{"embeddable":true,"href":"https:\/\/www.europesays.com\/es\/wp-json\/wp\/v2\/media\/151214"}],"wp:attachment":[{"href":"https:\/\/www.europesays.com\/es\/wp-json\/wp\/v2\/media?parent=151213"}],"wp:term":[{"taxonomy":"category","embeddable":true,"href":"https:\/\/www.europesays.com\/es\/wp-json\/wp\/v2\/categories?post=151213"},{"taxonomy":"post_tag","embeddable":true,"href":"https:\/\/www.europesays.com\/es\/wp-json\/wp\/v2\/tags?post=151213"}],"curies":[{"name":"wp","href":"https:\/\/api.w.org\/{rel}","templated":true}]}}