{"id":151215,"date":"2025-10-01T18:54:08","date_gmt":"2025-10-01T18:54:08","guid":{"rendered":"https:\/\/www.europesays.com\/es\/151215\/"},"modified":"2025-10-01T18:54:08","modified_gmt":"2025-10-01T18:54:08","slug":"gente-que-conocemos-en-vacaciones-la-adaptacion-de-la-novela-romantica-presenta-su-trailer","status":"publish","type":"post","link":"https:\/\/www.europesays.com\/es\/151215\/","title":{"rendered":"\u2018Gente que conocemos en vacaciones\u2019, la adaptaci\u00f3n de la novela rom\u00e1ntica, presenta su tr\u00e1iler"},"content":{"rendered":"<p>Gente Que Conocemos En Vacaciones presenta su primer tr\u00e1iler.<\/p>\n<p class=\"paragraph\"><b>Netflix <\/b>ha presentado el primer avance de <b>Gente que conocemos en vacaciones<\/b>, la adaptaci\u00f3n al cine de la novela de <b>Emily Henry<\/b>, cuyo estreno est\u00e1 previsto para el 9 de enero de 2026. Protagonizada por <b>Tom Blyth<\/b> y <b>Emily Bader<\/b>, la pel\u00edcula cuenta la historia de dos mejores amigos, Poppy y Alex, que cada verano se embarcan juntos en un viaje. La historia plantea preguntas sobre los l\u00edmites de la amistad y el surgimiento del amor, mientras un elenco de actores reconocidos aporta matices y profundidad a una trama que busca llegar a un p\u00fablico amplio.<\/p>\n<p class=\"paragraph\">La pel\u00edcula <b>Gente que conocemos en vacaciones<\/b> tiene como base la exitosa novela hom\u00f3nima de <b>Emily Henry<\/b>, publicada originalmente en 2021 y convertida en un \u00e9xito de ventas a nivel internacional. Conocida por explorar las emociones y los conflictos entre personajes, Henry expres\u00f3 su mezcla de nerviosismo y entusiasmo por ver a sus protagonistas en la gran pantalla. En una entrevista con <b>Netflix<\/b>, admiti\u00f3 haber estado ansiosa por saber qui\u00e9n interpretar\u00eda a Poppy y Alex, aunque afirm\u00f3 confiar plenamente en el elenco elegido.<\/p>\n<p class=\"paragraph\">La novela examina la relaci\u00f3n entre Poppy y Alex, quienes, a pesar de vivir en ciudades diferentes, se re\u00fanen cada verano desde que eran ni\u00f1os y mantienen una amistad aparentemente inquebrantable. La historia explora c\u00f3mo el paso del tiempo y el crecimiento personal cambian los sentimientos y desaf\u00edan lo que ambos cre\u00edan inmutable. La adaptaci\u00f3n cinematogr\u00e1fica busca conmover tanto a los seguidores del libro como a nuevos espectadores, ofreciendo una perspectiva renovada sobre las complejidades del amor y la amistad.<\/p>\n<p class=\"paragraph\">El director <b>Brett Haley<\/b>, conocido por su enfoque en historias centradas en los personajes, se\u00f1al\u00f3 en declaraciones que es \u201cuna pel\u00edcula que no solo cuenta una historia de amor, sino que hace que el espectador se sienta como si viajara de vacaciones con Poppy y Alex\u201d.<\/p>\n<p><img alt=\"Gente que conocemos en vacaciones\" class=\"global-image\" decoding=\"async\" fetchpriority=\"low\" height=\"699\" loading=\"lazy\" src=\"https:\/\/www.europesays.com\/es\/wp-content\/uploads\/2025\/10\/EQBCDZB3U5FOXDLFOBSADLVXIQ.jpg\" width=\"1920\"\/>Gente que conocemos en vacaciones (Captura de tr\u00e1iler oficial)<\/p>\n<p class=\"paragraph\">Junto a los protagonistas <b>Emily Bader<\/b> y <b>Tom Blyth<\/b>, participan actores que generan grandes expectativas: <b>Sarah Catherine Hook<\/b> (<b>The White Lotus<\/b>), <b>Jameela Jamil<\/b> (<b>The Good Place<\/b>), <b>Lucien Laviscount<\/b> (<b>Emily in Paris<\/b>), <b>Lukas Gage<\/b> (<b>You<\/b>), <b>Miles Heizer<\/b> (<b>13 Reasons Why<\/b>), <b>Tommy Do<\/b> (<b>Hacks<\/b>), <b>Alice Lee<\/b> (<b>The Union<\/b>), <b>Alan Ruck<\/b> (<b>Succession<\/b>) y <b>Molly Shannon<\/b> (<b>Private Life<\/b>).<\/p>\n<p class=\"paragraph\">La pel\u00edcula est\u00e1 producida por <b>3000 Pictures<\/b>, una filial de <b>Sony Pictures<\/b> que ha respaldado adaptaciones literarias exitosas como <b>Where The Crawdads Sing<\/b> y <b>Lady Chatterley\u2019s Lover<\/b>. Contar con una productora especializada contribuye a garantizar la fidelidad al libro y una producci\u00f3n de calidad, aspectos esenciales para los numerosos seguidores de la novela original.<\/p>\n<p class=\"paragraph\">La propuesta visual y argumental del filme permite explorar cuestiones actuales sobre las relaciones afectivas en tiempos digitales: la amistad a pesar de la distancia, las presiones sociales por definir los v\u00ednculos y el miedo a perder lo establecido frente a la posibilidad de algo nuevo.<\/p>\n<p class=\"paragraph\">El lanzamiento de <b>Gente que conocemos en vacaciones<\/b> en la plataforma busca atraer a un p\u00fablico influido por la popularidad de las comedias rom\u00e1nticas recientes y el resurgimiento de historias de reencuentros y segundas oportunidades. Para muchos espectadores, el ciclo de encuentros y transformaciones de Poppy y Alex refleja sus propias vivencias, desde el mantenimiento de amistades a distancia hasta las dudas sobre cu\u00e1ndo hacer un cambio profundo en la vida personal.<\/p>\n<p class=\"paragraph\">La pel\u00edcula tambi\u00e9n propone una mirada diversa tanto en su elenco como en los temas tratados, alej\u00e1ndose de estereotipos y mostrando que los sentimientos complejos, las incertidumbres y los reencuentros son experiencias comunes. La producci\u00f3n resalta patrones de identificaci\u00f3n que pueden conectar a distintas generaciones, desde adultos j\u00f3venes hasta personas con amistades de larga data.<\/p>\n<p class=\"paragraph\">La promoci\u00f3n y el debate en redes sociales ya evidencian grandes expectativas y discusiones sobre si esta adaptaci\u00f3n igualar\u00e1 el impacto del libro o lograr\u00e1 superar las habituales limitaciones de las pel\u00edculas de romance. Tanto <b>Netflix <\/b>como <b>Sony <\/b>apuestan por combinar nostalgia, actualidad y una atractiva puesta en escena para destacar en el amplio cat\u00e1logo de contenidos sobre el amor y la amistad.<\/p>\n","protected":false},"excerpt":{"rendered":"Gente Que Conocemos En Vacaciones presenta su primer tr\u00e1iler. Netflix ha presentado el primer avance de Gente que&hellip;\n","protected":false},"author":2,"featured_media":151216,"comment_status":"","ping_status":"","sticky":false,"template":"","format":"standard","meta":{"footnotes":""},"categories":[169],"tags":[177,146,147,25,24,176,175,23],"class_list":{"0":"post-151215","1":"post","2":"type-post","3":"status-publish","4":"format-standard","5":"has-post-thumbnail","7":"category-cine","8":"tag-cine","9":"tag-entertainment","10":"tag-entretenimiento","11":"tag-es","12":"tag-espana","13":"tag-film","14":"tag-movies","15":"tag-spain"},"share_on_mastodon":{"url":"","error":""},"_links":{"self":[{"href":"https:\/\/www.europesays.com\/es\/wp-json\/wp\/v2\/posts\/151215","targetHints":{"allow":["GET"]}}],"collection":[{"href":"https:\/\/www.europesays.com\/es\/wp-json\/wp\/v2\/posts"}],"about":[{"href":"https:\/\/www.europesays.com\/es\/wp-json\/wp\/v2\/types\/post"}],"author":[{"embeddable":true,"href":"https:\/\/www.europesays.com\/es\/wp-json\/wp\/v2\/users\/2"}],"replies":[{"embeddable":true,"href":"https:\/\/www.europesays.com\/es\/wp-json\/wp\/v2\/comments?post=151215"}],"version-history":[{"count":0,"href":"https:\/\/www.europesays.com\/es\/wp-json\/wp\/v2\/posts\/151215\/revisions"}],"wp:featuredmedia":[{"embeddable":true,"href":"https:\/\/www.europesays.com\/es\/wp-json\/wp\/v2\/media\/151216"}],"wp:attachment":[{"href":"https:\/\/www.europesays.com\/es\/wp-json\/wp\/v2\/media?parent=151215"}],"wp:term":[{"taxonomy":"category","embeddable":true,"href":"https:\/\/www.europesays.com\/es\/wp-json\/wp\/v2\/categories?post=151215"},{"taxonomy":"post_tag","embeddable":true,"href":"https:\/\/www.europesays.com\/es\/wp-json\/wp\/v2\/tags?post=151215"}],"curies":[{"name":"wp","href":"https:\/\/api.w.org\/{rel}","templated":true}]}}