{"id":151225,"date":"2025-10-01T18:59:09","date_gmt":"2025-10-01T18:59:09","guid":{"rendered":"https:\/\/www.europesays.com\/es\/151225\/"},"modified":"2025-10-01T18:59:09","modified_gmt":"2025-10-01T18:59:09","slug":"pablo-casado-reaparece-tras-su-traumatica-salida-del-pp-y-recuerda-a-sanchez-que-invertir-en-defensa-es-preservar-la-libertad","status":"publish","type":"post","link":"https:\/\/www.europesays.com\/es\/151225\/","title":{"rendered":"Pablo Casado reaparece tras su traum\u00e1tica salida del PP y recuerda a S\u00e1nchez que \u00abinvertir en defensa es preservar la libertad\u00bb"},"content":{"rendered":"<p>Quien fuera presidente del PP, inaugura el foro organizado por el fondo de inversi\u00f3n que cre\u00f3 cuando abandon\u00f3 la pol\u00edtica\n<\/p>\n<p><img fetchpriority=\"high\" class=\"voc-img\" src=\"https:\/\/www.europesays.com\/es\/wp-content\/uploads\/2025\/10\/pablo-casado-R2159XXwSGPmmUCVjMLFqON-1200x840@diario_abc.jpg\" loading=\"eager\" decoding=\"async\" alt=\"El ex presidente del PP y fundador de Hyperion, Pablo Casado\" width=\"1200\" height=\"840\"\/><\/p>\n<p>El ex presidente del PP y fundador de Hyperion, Pablo Casado    isabel permuy  <\/p>\n<p><img decoding=\"async\" class=\"voc-author__img\" src=\"https:\/\/www.europesays.com\/es\/wp-content\/uploads\/2025\/07\/autor-1398-foto-6.jpeg\" alt=\"Angie Calero\"\/><\/p>\n<p>01\/10\/2025<br \/>\n<br \/><strong><br \/>\nActualizado a las 20:33h.<br \/>\n<\/strong><\/p>\n<p class=\"voc-p\" style=\"\">\u00abSe me hace bastante raro subirme a un estrado tres a\u00f1os despu\u00e9s\u00bb. Ante un auditorio abarrotado de inversores y representantes de empresas del mundo de la defensa, Pablo Casado reapareci\u00f3 esta tarde en un acto p\u00fablico. Consciente de la expectaci\u00f3n que causaba su vuelta despu\u00e9s de tres a\u00f1os y cinco meses en la sombra tras abandonar la pol\u00edtica, el que fuera presidente del Partido Popular entre julio de 2018 y abril de 2022 y aspirante a la Moncloa, regres\u00f3 a escena en un foro organizado por Hyperion, el fondo de inversi\u00f3n que lidera junto a Ricardo G\u00f3mez-Acebo Bot\u00edn y que est\u00e1 especializado en defensa y aeroespacio. Nada m\u00e1s subir a la tarima y encender el micr\u00f3fono, Casado se anticip\u00f3 a responder a una de las preguntas que muchos de los asistentes se estaban planteando y a la que seguramente ha tenido que contestar m\u00e1s de una vez durante este tiempo. \u00c9l, que ha sido uno de los protagonistas de la pol\u00edtica espa\u00f1ola en los \u00faltimos tiempos y su nombre sigue asociado a una etapa decisiva en la historia del PP, dej\u00f3 claro que no echa de menos la primera fila de la pol\u00edtica: \u00abSe vive bastante mejor como civil\u00bb. <\/p>\n<p class=\"voc-p\" style=\"\">Casado opt\u00f3 por guardar silencio tras la crisis interna que lo apart\u00f3 de la presidencia del partido en abril de 2022 y que dio paso al liderazgo de Alberto N\u00fa\u00f1ez Feij\u00f3o. Renunci\u00f3 a la vida pol\u00edtica y se volc\u00f3 en su familia y en Hyperion. Inversi\u00f3n, consultor\u00eda y viajes de trabajo le han ocupado durante estos a\u00f1os, mientras se alejaba del foco medi\u00e1tico y de las luchas que marcaron sus a\u00f1os al frente del PP. Su premisa ha sido mantener un perfil bajo, sin declaraciones p\u00fablicas y sin interferir en la vida org\u00e1nica de la formaci\u00f3n, de la misma forma que tampoco ha dado opiniones personales sobre el devenir de la pol\u00edtica y las decisiones del Gobierno. <\/p>\n<p class=\"voc-p\" style=\"\">Esta tarde, sin embargo, durante su intervenci\u00f3n, y despu\u00e9s de realizar un an\u00e1lisis sobre el inestable tablero geopol\u00edtico, donde se ven \u00abalianzas entre pa\u00edses que hasta ahora eran imposibles\u00bb, Pablo Casado lanz\u00f3 un contundente mensaje a modo de recordatorio a Pedro S\u00e1nchez, quien suscribi\u00f3 el compromiso de la OTAN de llegar al 5 por ciento de gasto militar: \u00abHoy en d\u00eda, si no est\u00e1s sentado a la mesa, es porque eres parte del men\u00fa\u00bb. Por eso es \u00abtan importante invertir en defensa\u00bb: \u00abPorque es invertir en una industria competitiva y en tecnolog\u00edas pioneras que van a llegar a nuestro d\u00eda a d\u00eda. Y porque adem\u00e1s es garantizar la seguridad, que es la \u00fanica forma de preservar la libertad, que es la \u00fanica forma de garantizar la prosperidad, que es lo que sostiene el estado del bienestar en el que todos creemos\u00bb. \u00abNo hay atajos posibles\u00bb, advirti\u00f3. En este sentido, observ\u00f3 que ese 5 por ciento del PIB al que apunta Europa supone \u00abm\u00e1s de un bill\u00f3n de euros, es decir, tres veces m\u00e1s de lo que se est\u00e1 gastando en la actualidad\u00bb. <\/p>\n<p class=\"voc-p\" style=\"\">El nombre de Pablo Casado contin\u00faa pesando en la historia reciente del PP y en la hemeroteca de la pol\u00edtica espa\u00f1ola de los \u00faltimos a\u00f1os. Cualquier movimiento suyo sigue generando expectaci\u00f3n. Y su reaparici\u00f3n, acompa\u00f1ado por figuras internacionales como Anders Fogh Rasmussen, ex secretario general de la OTAN y ex primer ministro de Dinamarca, y Rob Murray, CEO de DSR Bank, marc\u00f3 un nuevo punto de partida en su biograf\u00eda con Hyperion, que pretende ser la primera gestora global que se especialice \u00fanicamente en defensa. Para ello, despu\u00e9s de analizar 300 empresas, de haber levantado 150 millones el a\u00f1o pasado y otros 100 millones de euros este a\u00f1o para coinversiones, ya ha invertido el 40% de este fondo en seis operaciones y esperan completar hasta el 70% en el pr\u00f3ximo a\u00f1o. Ser\u00e1 entonces cuando lancen un segundo fondo de 500 millones de euros para invertir en empresas de defensa.<\/p>\n<p class=\"voc-p\" style=\"\">Acompa\u00f1aron a Casado figuras internacionales como<strong> Anders Fogh Rasmussen<\/strong>, ex secretario general de la OTAN y ex primer ministro de Dinamarca, y<strong> Rob Murray<\/strong>, CEO de DSR Bank, marc\u00f3 un nuevo punto de partida en su biograf\u00eda. Le acompa\u00f1aron otras figuras del mundo de la pol\u00edtica y la defensa, como los exministros de Defensa y Justicia, <strong>Pedro Moren\u00e9s<\/strong> y<strong> Jos\u00e9 Mar\u00eda Michavila<\/strong>; los empresarios<strong> Claudio Boada<\/strong> y <strong>Blas Herrero<\/strong> o el economista <strong>Daniel Lacalle<\/strong>. <\/p>\n<p>\nPortazo a los grandes actos del PP\n<\/p>\n<p class=\"voc-p\" style=\"\">Casado es el \u00fanico exl\u00edder del PP que ha dejado de participar tambi\u00e9n en todos los grandes actos del partido. Quiz\u00e1 el m\u00e1s sonoro fue el congreso nacional del pasado mes de julio, en el que s\u00ed estuvieron <strong>Jos\u00e9 Mar\u00eda Aznar y Mariano Rajoy<\/strong>. G\u00e9nova invit\u00f3 al predecesor de Feij\u00f3o, pero fue \u00e9l quien decidi\u00f3 no acudir a la llamada. En su entorno reconocen que a pesar del tiempo transcurrido, m\u00e1s de tres a\u00f1os, las heridas siguen estando abiertas. Su enfrentamiento absoluto con <strong>Isabel D\u00edaz Ayuso<\/strong> fue lo que termin\u00f3 provocando la reacci\u00f3n del partido para forzar su marcha. Ahora la presidenta de la Comunidad de Madrid atesora una mayor\u00eda absoluta y sigue siendo un activo principal del PP. Algunos <strong>episodios<\/strong> de aquellos tiempos son <strong>irreconciliables<\/strong>.<\/p>\n<p class=\"voc-p\" style=\"\">En todo caso, la nueva andadura profesional de Casado da continuidad a algunas de las convicciones que siempre le acompa\u00f1aron como l\u00edder del PP: el profundo <strong>europeismo y atlantismo<\/strong> que, de hecho, promocion\u00f3 pr\u00e1cticamente hasta sus \u00faltimos d\u00edas como l\u00edder nacional. En enero de 2022 cuando Rusia amenazaba con la agresi\u00f3n a Ucrania que acab\u00f3 cometiendo, Casado dijo p\u00fablicamente que S\u00e1nchez contaba con el apoyo del PP para participar en cualquier acci\u00f3n de la OTAN. Al final, la invasi\u00f3n rusa lleg\u00f3 el 24 de febrero, la misma madrugada en la que los barones del PP exig\u00edan a Casado que se marchara en una largu\u00edsima reuni\u00f3n en la sede del partido de la calle G\u00e9nova.<\/p>\n<p>Reportar un error<\/p>\n","protected":false},"excerpt":{"rendered":"Quien fuera presidente del PP, inaugura el foro organizado por el fondo de inversi\u00f3n que cre\u00f3 cuando abandon\u00f3&hellip;\n","protected":false},"author":2,"featured_media":151226,"comment_status":"","ping_status":"","sticky":false,"template":"","format":"standard","meta":{"footnotes":""},"categories":[80],"tags":[82,12691,1616,95,94,25,24,12048,2629,5085,8079,618,45835,199,23],"class_list":{"0":"post-151225","1":"post","2":"type-post","3":"status-publish","4":"format-standard","5":"has-post-thumbnail","7":"category-economia","8":"tag-business","9":"tag-casado","10":"tag-defensa","11":"tag-economia","12":"tag-economy","13":"tag-es","14":"tag-espana","15":"tag-invertir","16":"tag-lanza","17":"tag-libertad","18":"tag-mensaje","19":"tag-pablo","20":"tag-preservar","21":"tag-sanchez","22":"tag-spain"},"share_on_mastodon":{"url":"","error":""},"_links":{"self":[{"href":"https:\/\/www.europesays.com\/es\/wp-json\/wp\/v2\/posts\/151225","targetHints":{"allow":["GET"]}}],"collection":[{"href":"https:\/\/www.europesays.com\/es\/wp-json\/wp\/v2\/posts"}],"about":[{"href":"https:\/\/www.europesays.com\/es\/wp-json\/wp\/v2\/types\/post"}],"author":[{"embeddable":true,"href":"https:\/\/www.europesays.com\/es\/wp-json\/wp\/v2\/users\/2"}],"replies":[{"embeddable":true,"href":"https:\/\/www.europesays.com\/es\/wp-json\/wp\/v2\/comments?post=151225"}],"version-history":[{"count":0,"href":"https:\/\/www.europesays.com\/es\/wp-json\/wp\/v2\/posts\/151225\/revisions"}],"wp:featuredmedia":[{"embeddable":true,"href":"https:\/\/www.europesays.com\/es\/wp-json\/wp\/v2\/media\/151226"}],"wp:attachment":[{"href":"https:\/\/www.europesays.com\/es\/wp-json\/wp\/v2\/media?parent=151225"}],"wp:term":[{"taxonomy":"category","embeddable":true,"href":"https:\/\/www.europesays.com\/es\/wp-json\/wp\/v2\/categories?post=151225"},{"taxonomy":"post_tag","embeddable":true,"href":"https:\/\/www.europesays.com\/es\/wp-json\/wp\/v2\/tags?post=151225"}],"curies":[{"name":"wp","href":"https:\/\/api.w.org\/{rel}","templated":true}]}}